
{"id":4654,"date":"2023-10-17T13:34:53","date_gmt":"2023-10-17T11:34:53","guid":{"rendered":"http:\/\/scf.se\/landsvag\/?p=4654"},"modified":"2023-10-17T14:00:52","modified_gmt":"2023-10-17T12:00:52","slug":"vill-din-forening-arrangera-swe-cup-i-landsvag-2024-dags-att-ansoka","status":"publish","type":"post","link":"https:\/\/scf.se\/landsvag\/vill-din-forening-arrangera-swe-cup-i-landsvag-2024-dags-att-ansoka\/","title":{"rendered":"Vill Din f\u00f6rening arrangera SWE Cup i landsv\u00e4g 2024? Dags att ans\u00f6ka!"},"content":{"rendered":"<p><strong>Nu \u00e4r det h\u00f6g tid att s\u00f6ka SWE Cup \u00e4ven f\u00f6r landsv\u00e4g. Vill Din f\u00f6rening ans\u00f6ka om att arrangera SWE Cup 2024 finns alla f\u00f6ruts\u00e4ttningar och blanketten f\u00f6r ans\u00f6kan nedan.<\/strong><\/p>\n<p>SWE Cup skall kora den cyklist som \u00f6ver hela s\u00e4songen presterat p\u00e5 topp och best\u00e5 av fyra till sju delt\u00e4vlingar f\u00f6rdelade \u00f6ver s\u00e4songen och landet.<\/p>\n<p>Delt\u00e4vlingarna ska h\u00e5lla h\u00f6g kvalit\u00e9 och samla de b\u00e4sta \u00e5karna. SWE Cup delt\u00e4vlingarna \u00e4r \u00e4ven observationslopp f\u00f6r kommande landslagsuttagningar, vilket borgar f\u00f6r det senare.<\/p>\n<p>SWE Cup landsv\u00e4g 2024 inkluderar herrelit, en kombinerad damklass med b\u00e5de junior och senior samt klassen junior\/senior. Ytterligare t\u00e4vlingsklasser v\u00e4lkomnas, men dessa ing\u00e5r inte i SWE Cup.<\/p>\n<p>Ett grundl\u00e4ggande krav f\u00f6r SWE Cup \u00e4r att en ans\u00f6kande f\u00f6rening skall ha arrangerat en v\u00e4l genomf\u00f6rd nationell t\u00e4vling senaste tv\u00e5 \u00e5ren.<\/p>\n<p>V\u00e4lkomna med era ans\u00f6kningar som skickas till <strong>kansli@scf.se<\/strong> senast<strong> 1 november<\/strong>!<\/p>\n<h3><em><strong><a href=\"https:\/\/scf.se\/landsvag\/wp-content\/uploads\/sites\/5\/2023\/10\/Forutsattningar-och-instruktioner-SWE-Cup-Landsvag-2023-uppdatering-1.pdf\">H\u00e4r \u00e4r alla f\u00f6ruts\u00e4ttningar f\u00f6r att arrangera SWE Cup i landsv\u00e4g.<\/a><\/strong><\/em><\/h3>\n<h3><a href=\"https:\/\/scf.se\/landsvag\/wp-content\/uploads\/sites\/5\/2023\/10\/SWE-Cup-blankett_final-LVG.pdf\"><em><strong>H\u00e4r \u00e4r blanketten och instruktioner f\u00f6r SWE Cup-ans\u00f6kan i landsv\u00e4g 2024.<\/strong><\/em><\/a><\/h3>\n<ul>\n<li><em><strong>Vi kommer inom kort att kunna presentera en SM-arrang\u00f6r f\u00f6r landsv\u00e4g 2024.<\/strong><\/em><\/li>\n<li><em><strong>Det \u00e4r ganska l\u00e5ngt kvar till n\u00e4sta \u00e5rs CX-s\u00e4song s\u00e5 vi \u00e5terkommer med p\u00e5minnelse om SWE Cup i cykelcross 2024, men skicka g\u00e4rna in intresseanm\u00e4lningar redan nu.\u00a0\u00a0<\/strong><\/em><\/li>\n<li><a href=\"https:\/\/scf.se\/forbundet\/nu-ar-det-dags-att-soka-swe-cup-arrangemang-i-mtb-bmx-och-trial\/\"><em><strong>Sedan tidigare har vi s\u00f6kt SWE Cup-arrang\u00f6rer 2024 till mountainbike XC-grenar och enduro samt BMX och trial.<\/strong><\/em><\/a><\/li>\n<\/ul>\n<p><em>Text och foto: SCF<\/em><\/p>\n<hr \/>\n<p><em><strong>Svenska Cykelf\u00f6rbundet \u00e4r stolta \u00f6ver att presentera v\u00e5ra samarbetspartners. Tack vare dessa fantastiska f\u00f6retag kan v\u00e5ra cyklister oftare ta sig l\u00e4ngre ut i v\u00e4rlden.<\/strong><\/em><\/p>\n<h2><a href=\"https:\/\/scf.se\/forbundet\/sponsorer\/\"><img loading=\"lazy\" decoding=\"async\" class=\"alignnone size-full wp-image-3872\" src=\"https:\/\/scf.se\/landsvag\/wp-content\/uploads\/sites\/5\/2023\/02\/LiggandeBannerNyheterHemsida2023.png\" alt=\"\" width=\"1200\" height=\"200\" srcset=\"https:\/\/scf.se\/landsvag\/wp-content\/uploads\/sites\/5\/2023\/02\/LiggandeBannerNyheterHemsida2023.png 1200w, https:\/\/scf.se\/landsvag\/wp-content\/uploads\/sites\/5\/2023\/02\/LiggandeBannerNyheterHemsida2023-300x50.png 300w, https:\/\/scf.se\/landsvag\/wp-content\/uploads\/sites\/5\/2023\/02\/LiggandeBannerNyheterHemsida2023-1024x171.png 1024w, https:\/\/scf.se\/landsvag\/wp-content\/uploads\/sites\/5\/2023\/02\/LiggandeBannerNyheterHemsida2023-768x128.png 768w\" sizes=\"auto, (max-width: 1200px) 100vw, 1200px\" \/><\/a><\/h2>\n<p>&nbsp;<\/p>\n<p>&nbsp;<\/p>\n","protected":false},"excerpt":{"rendered":"<p>Nu \u00e4r det h\u00f6g tid att s\u00f6ka SWE Cup \u00e4ven f\u00f6r landsv\u00e4g. Vill Din f\u00f6rening ans\u00f6ka om att arrangera SWE Cup 2024 finns alla f\u00f6ruts\u00e4ttningar och blanketten f\u00f6r ans\u00f6kan nedan. SWE Cup skall kora den cyklist som \u00f6ver hela s\u00e4songen presterat p\u00e5 topp och best\u00e5 av fyra till sju delt\u00e4vlingar f\u00f6rdelade \u00f6ver s\u00e4songen och<a href=\"https:\/\/scf.se\/landsvag\/vill-din-forening-arrangera-swe-cup-i-landsvag-2024-dags-att-ansoka\/\" class=\"news-card__more\"> &#8230;<\/a><\/p>\n","protected":false},"author":41,"featured_media":4131,"comment_status":"open","ping_status":"open","sticky":false,"template":"","format":"standard","meta":{"_acf_changed":false,"footnotes":""},"categories":[1],"tags":[],"class_list":["post-4654","post","type-post","status-publish","format-standard","hentry","category-landsvag"],"acf":[],"_links":{"self":[{"href":"https:\/\/scf.se\/landsvag\/wp-json\/wp\/v2\/posts\/4654","targetHints":{"allow":["GET"]}}],"collection":[{"href":"https:\/\/scf.se\/landsvag\/wp-json\/wp\/v2\/posts"}],"about":[{"href":"https:\/\/scf.se\/landsvag\/wp-json\/wp\/v2\/types\/post"}],"author":[{"embeddable":true,"href":"https:\/\/scf.se\/landsvag\/wp-json\/wp\/v2\/users\/41"}],"replies":[{"embeddable":true,"href":"https:\/\/scf.se\/landsvag\/wp-json\/wp\/v2\/comments?post=4654"}],"version-history":[{"count":0,"href":"https:\/\/scf.se\/landsvag\/wp-json\/wp\/v2\/posts\/4654\/revisions"}],"wp:featuredmedia":[{"embeddable":true,"href":"https:\/\/scf.se\/landsvag\/wp-json\/wp\/v2\/media\/4131"}],"wp:attachment":[{"href":"https:\/\/scf.se\/landsvag\/wp-json\/wp\/v2\/media?parent=4654"}],"wp:term":[{"taxonomy":"category","embeddable":true,"href":"https:\/\/scf.se\/landsvag\/wp-json\/wp\/v2\/categories?post=4654"},{"taxonomy":"post_tag","embeddable":true,"href":"https:\/\/scf.se\/landsvag\/wp-json\/wp\/v2\/tags?post=4654"}],"curies":[{"name":"wp","href":"https:\/\/api.w.org\/{rel}","templated":true}]}}