
{"id":4640,"date":"2023-09-25T07:05:52","date_gmt":"2023-09-25T05:05:52","guid":{"rendered":"http:\/\/scf.se\/landsvag\/?p=4640"},"modified":"2023-09-25T07:13:27","modified_gmt":"2023-09-25T05:13:27","slug":"stina-kagevi-avslutade-fint-svenskt-em-med-en-33e-plats-i-linjelopp","status":"publish","type":"post","link":"https:\/\/scf.se\/landsvag\/stina-kagevi-avslutade-fint-svenskt-em-med-en-33e-plats-i-linjelopp\/","title":{"rendered":"Stina Kagevi avslutade fint svenskt EM med en 33:e plats i linjeloppet"},"content":{"rendered":"<p><strong>Landsv\u00e4gs-EM avslutades f\u00f6r svensk del med damjuniornas linjelopp \u00f6ver 68,2 kilometer, direkt in p\u00e5 den tuffa varvbanan med Vamberg. Stina Kagevi p\u00e5 plats 33 och Ella Wahlstr\u00f6m 70:e bland 95 startande.<\/strong><\/p>\n<a href=\"https:\/\/scf.se\/landsvag\/wp-content\/uploads\/sites\/5\/2023\/09\/DJlinje3.jpg\"><img loading=\"lazy\" decoding=\"async\" class=\"alignnone size-full wp-image-4635\" src=\"https:\/\/scf.se\/landsvag\/wp-content\/uploads\/sites\/5\/2023\/09\/DJlinje3.jpg\" alt=\"\" width=\"1170\" height=\"1034\" srcset=\"https:\/\/scf.se\/landsvag\/wp-content\/uploads\/sites\/5\/2023\/09\/DJlinje3.jpg 1170w, https:\/\/scf.se\/landsvag\/wp-content\/uploads\/sites\/5\/2023\/09\/DJlinje3-300x265.jpg 300w, https:\/\/scf.se\/landsvag\/wp-content\/uploads\/sites\/5\/2023\/09\/DJlinje3-1024x905.jpg 1024w, https:\/\/scf.se\/landsvag\/wp-content\/uploads\/sites\/5\/2023\/09\/DJlinje3-768x679.jpg 768w\" sizes=\"auto, (max-width: 1170px) 100vw, 1170px\" \/><\/a>\n<p>B\u00e5da var i rej\u00e4lt bra form vid EM-tempot efter ett tufft etapplopp just i Nederl\u00e4nderna i onsdags och hade nu f\u00e5tt v\u00e4nta till sista EM-dagen f\u00f6r att g\u00f6ra sitt linjelopp.<\/p>\n<blockquote><p>&#8221;De krigade p\u00e5 bra. Ja, de g\u00f6r det bra \u00e5km\u00e4ssigt. De hade lite problem med positioneringen och Stina var inblandad i en liten krasch, men jag tycker att hon kommer tillbaka riktigt bra efter den och g\u00e5r i m\u00e5l som 33:a bara 25 sekunder fr\u00e5n t\u00e4t&#8221;, s\u00e4ger assisterande f\u00f6rbundskaptenen Alexander Wetterhall.<\/p><\/blockquote>\n<p>Bet\u00e4nk att Stina Kagevi kom hem fr\u00e5n VM i b\u00e5de landsv\u00e4g och MTB med en fraktur i handleden s\u00e5 framst\u00e5r potentialen r\u00e4tt tydligt f\u00f6r MTB-cyklisten som f\u00f6rra \u00e5ret testade landsv\u00e4g. Ella Wahlstr\u00f6m har en fin andra del av s\u00e4songen och en niondeplats i EM-tempot \u00e4r rej\u00e4lt bra.<\/p>\n<a href=\"https:\/\/scf.se\/landsvag\/wp-content\/uploads\/sites\/5\/2023\/09\/DJlinje1.jpg\"><img loading=\"lazy\" decoding=\"async\" class=\"alignnone size-full wp-image-4637\" src=\"https:\/\/scf.se\/landsvag\/wp-content\/uploads\/sites\/5\/2023\/09\/DJlinje1.jpg\" alt=\"\" width=\"1170\" height=\"1177\" srcset=\"https:\/\/scf.se\/landsvag\/wp-content\/uploads\/sites\/5\/2023\/09\/DJlinje1.jpg 1170w, https:\/\/scf.se\/landsvag\/wp-content\/uploads\/sites\/5\/2023\/09\/DJlinje1-298x300.jpg 298w, https:\/\/scf.se\/landsvag\/wp-content\/uploads\/sites\/5\/2023\/09\/DJlinje1-1018x1024.jpg 1018w, https:\/\/scf.se\/landsvag\/wp-content\/uploads\/sites\/5\/2023\/09\/DJlinje1-150x150.jpg 150w, https:\/\/scf.se\/landsvag\/wp-content\/uploads\/sites\/5\/2023\/09\/DJlinje1-768x773.jpg 768w\" sizes=\"auto, (max-width: 1170px) 100vw, 1170px\" \/><\/a>\n<h3>EM linjelopp damjunior 68,2 kilometer<\/h3>\n<ul>\n<li>1 <strong>Fleur Moors<\/strong>, Belgien 1.59.45<\/li>\n<li>2 <strong>Federica Venturelli<\/strong>, Italien +0.03<\/li>\n<li>3<strong> L\u00e9ane Tabu<\/strong>, Frankrike +0.03<\/li>\n<li>33<strong> Stina Kagevi<\/strong>, Sverige +0.25<\/li>\n<li>70 <strong>Ella Wahlstr\u00f6m<\/strong>, Sverige +1.41<\/li>\n<\/ul>\n<p>Det var lika med Sveriges sista insats i ett EM som hade p\u00e5fallande m\u00e5nga goda insatser med just Stina Kagevis silver p\u00e5 damjuniorernas tempolopp som allra roligast.<\/p>\n<ul>\n<li><a href=\"https:\/\/www.uec.ch\/en\/event\/204\/2023-uec-road-european-championships\"><em><strong>Alla EM-resultat h\u00e4r!<\/strong><\/em><\/a><\/li>\n<\/ul>\n<h2>Laporte segrade i herrelitens linjelopp<\/h2>\n<p>EM-t\u00e4vlingarna avslutades med en prestigekamp mellan Belgien och Nederl\u00e4nderna i herrelitens linjelopp \u2013 d\u00e4r fransmannen Christophe Laporte segrade. Belgaren Wout van Aert fick, liksom p\u00e5 VM, n\u00f6ja sig med silver.<\/p>\n<p>Norrmannen Rasmus Tiller b\u00e4sta nordiska cyklist p\u00e5 sj\u00e4tte plats, n\u00e4rmast f\u00f6re dansken Mads Pedersen. Br\u00f6derna Lucas och Jacob Eriksson var uttagna i en svensk trupp men upptagna med sitt schweiziska team.<\/p>\n<p><em>Text och foto: Svenska Cykelf\u00f6rbundet<br \/>\n<\/em><\/p>\n<hr \/>\n<p><em><strong>Svenska Cykelf\u00f6rbundet \u00e4r stolta \u00f6ver att presentera v\u00e5ra samarbetspartners. Tack vare dessa fantastiska f\u00f6retag kan v\u00e5ra cyklister oftare ta sig l\u00e4ngre ut i v\u00e4rlden.<\/strong><\/em><\/p>\n<h2><a href=\"https:\/\/scf.se\/forbundet\/sponsorer\/\"><img loading=\"lazy\" decoding=\"async\" class=\"alignnone size-full wp-image-3872\" src=\"https:\/\/scf.se\/landsvag\/wp-content\/uploads\/sites\/5\/2023\/02\/LiggandeBannerNyheterHemsida2023.png\" alt=\"\" width=\"1200\" height=\"200\" srcset=\"https:\/\/scf.se\/landsvag\/wp-content\/uploads\/sites\/5\/2023\/02\/LiggandeBannerNyheterHemsida2023.png 1200w, https:\/\/scf.se\/landsvag\/wp-content\/uploads\/sites\/5\/2023\/02\/LiggandeBannerNyheterHemsida2023-300x50.png 300w, https:\/\/scf.se\/landsvag\/wp-content\/uploads\/sites\/5\/2023\/02\/LiggandeBannerNyheterHemsida2023-1024x171.png 1024w, https:\/\/scf.se\/landsvag\/wp-content\/uploads\/sites\/5\/2023\/02\/LiggandeBannerNyheterHemsida2023-768x128.png 768w\" sizes=\"auto, (max-width: 1200px) 100vw, 1200px\" \/><\/a><\/h2>\n<p>&nbsp;<\/p>\n","protected":false},"excerpt":{"rendered":"<p>Landsv\u00e4gs-EM avslutades f\u00f6r svensk del med damjuniornas linjelopp \u00f6ver 68,2 kilometer, direkt in p\u00e5 den tuffa varvbanan med Vamberg. Stina Kagevi p\u00e5 plats 33 och Ella Wahlstr\u00f6m 70:e bland 95 startande. B\u00e5da var i rej\u00e4lt bra form vid EM-tempot efter ett tufft etapplopp just i Nederl\u00e4nderna i onsdags och hade nu f\u00e5tt v\u00e4nta till<a href=\"https:\/\/scf.se\/landsvag\/stina-kagevi-avslutade-fint-svenskt-em-med-en-33e-plats-i-linjelopp\/\" class=\"news-card__more\"> &#8230;<\/a><\/p>\n","protected":false},"author":41,"featured_media":4636,"comment_status":"open","ping_status":"open","sticky":false,"template":"","format":"standard","meta":{"_acf_changed":false,"footnotes":""},"categories":[1],"tags":[],"class_list":["post-4640","post","type-post","status-publish","format-standard","hentry","category-landsvag"],"acf":[],"_links":{"self":[{"href":"https:\/\/scf.se\/landsvag\/wp-json\/wp\/v2\/posts\/4640","targetHints":{"allow":["GET"]}}],"collection":[{"href":"https:\/\/scf.se\/landsvag\/wp-json\/wp\/v2\/posts"}],"about":[{"href":"https:\/\/scf.se\/landsvag\/wp-json\/wp\/v2\/types\/post"}],"author":[{"embeddable":true,"href":"https:\/\/scf.se\/landsvag\/wp-json\/wp\/v2\/users\/41"}],"replies":[{"embeddable":true,"href":"https:\/\/scf.se\/landsvag\/wp-json\/wp\/v2\/comments?post=4640"}],"version-history":[{"count":0,"href":"https:\/\/scf.se\/landsvag\/wp-json\/wp\/v2\/posts\/4640\/revisions"}],"wp:featuredmedia":[{"embeddable":true,"href":"https:\/\/scf.se\/landsvag\/wp-json\/wp\/v2\/media\/4636"}],"wp:attachment":[{"href":"https:\/\/scf.se\/landsvag\/wp-json\/wp\/v2\/media?parent=4640"}],"wp:term":[{"taxonomy":"category","embeddable":true,"href":"https:\/\/scf.se\/landsvag\/wp-json\/wp\/v2\/categories?post=4640"},{"taxonomy":"post_tag","embeddable":true,"href":"https:\/\/scf.se\/landsvag\/wp-json\/wp\/v2\/tags?post=4640"}],"curies":[{"name":"wp","href":"https:\/\/api.w.org\/{rel}","templated":true}]}}