
{"id":4634,"date":"2023-09-25T06:55:20","date_gmt":"2023-09-25T04:55:20","guid":{"rendered":"http:\/\/scf.se\/landsvag\/?p=4634"},"modified":"2023-09-25T07:07:21","modified_gmt":"2023-09-25T05:07:21","slug":"emilia-fahlin-var-loss-solo-och-slutade-14e-i-em-linjeloppet","status":"publish","type":"post","link":"https:\/\/scf.se\/landsvag\/emilia-fahlin-var-loss-solo-och-slutade-14e-i-em-linjeloppet\/","title":{"rendered":"Emilia Fahlin var loss solo och slutade 14:e i EM-linjeloppet"},"content":{"rendered":"<p><strong>Emilia Fahlin och Hanna Nilsson satte verkligen f\u00e4rg p\u00e5 damelitens linjelopp \u00f6ver 129,6 kilometer under de sista EM-dagarna. Fahlin slutade s\u00e5 bra som 14:e fast det blev stolpe ut i hennes soloutbrytning.\u00a0<\/strong><\/p>\n<p>Det var tv\u00e5 nya starka svenska lopp under l\u00f6rdagen p\u00e5 EM i nederl\u00e4ndska Drenthe. Emilia Fahlin p\u00e5 plats 14 i stenh\u00e5rd kubbning om linjemedaljerna i damelit.<\/p>\n<p>Det skilde halvminuten upp till den v\u00e4ntade kampen om medaljerna mellan segrande hemmalaget och utmanande belgiska megastj\u00e4rna Lotte Kopecky. Nederl\u00e4ndernas Mischa Bredewold var starkast i avslutningen. Andra svenskan Hanna Nilsson p\u00e5 45:e plats.<\/p>\n<blockquote><p>&#8221;Ja, Hanna Nilsson fanns med i en del tidiga f\u00f6rs\u00f6k och s\u00e5 blev Emilia Fahlin loss solo. Hon hade ungef\u00e4r halvminuten och hoppades sj\u00e4lvklart att f\u00e5 s\u00e4llskap. N\u00e4r de hade kommit in fr\u00e5n den platta f\u00f6rsta delen till f\u00f6rsta varvningen p\u00e5 det tuffa varvet och ingen kom valde hon att v\u00e4nta in klungan&#8221;, f\u00f6rklarar f\u00f6rbundskaptenen Lucas Persson.<\/p><\/blockquote>\n<p>Ingen vill ha med sig spurtaren Fahlin i en utbrytning och det var f\u00f6r tidigt f\u00f6r de stora favoriterna att b\u00f6rja r\u00f6ra p\u00e5 sig. Emilia slet ont i Vamberg.<\/p>\n<blockquote><p>&#8221;Men hon hittade \u00e4nd\u00e5 krafter till en fjortondeplats vilket var starkt. Gl\u00e4djande aktiv k\u00f6rning och bra insatser av b\u00e5da svenska damerna under detta EM-linjelopp&#8221;, s\u00e4ger Lucas Persson.<\/p><\/blockquote>\n<h3>EM linjelopp damelit 129,6 kilometer<\/h3>\n<ul>\n<li>1 <strong>Mischa Bredewold<\/strong>, Nederl\u00e4nderna 03.04.12<\/li>\n<li>2<strong> Lorena Wiebes<\/strong>, Nederl\u00e4nderna +0.04<\/li>\n<li>3<strong> Lotte Kopecky,<\/strong> Belgien +0.04<\/li>\n<li>14<strong> Emilia Fahlin<\/strong>, Sverige +0.35<\/li>\n<li>45<strong> Hanna Nilsson<\/strong>, Sverige +2.13<\/li>\n<\/ul>\n<p><a href=\"https:\/\/www.uec.ch\/en\/event\/204\/2023-uec-road-european-championships\"><em><strong>Alla resultat fr\u00e5n EM hittar ni h\u00e4r!<\/strong><\/em><\/a><\/p>\n<p><em>Text och foto: Svenska Cykelf\u00f6rbundet<br \/>\n<\/em><\/p>\n<hr \/>\n<p><em><strong>Svenska Cykelf\u00f6rbundet \u00e4r stolta \u00f6ver att presentera v\u00e5ra samarbetspartners. Tack vare dessa fantastiska f\u00f6retag kan v\u00e5ra cyklister oftare ta sig l\u00e4ngre ut i v\u00e4rlden.<\/strong><\/em><\/p>\n<h2><a href=\"https:\/\/scf.se\/forbundet\/sponsorer\/\"><img loading=\"lazy\" decoding=\"async\" class=\"alignnone size-full wp-image-3872\" src=\"https:\/\/scf.se\/landsvag\/wp-content\/uploads\/sites\/5\/2023\/02\/LiggandeBannerNyheterHemsida2023.png\" alt=\"\" width=\"1200\" height=\"200\" srcset=\"https:\/\/scf.se\/landsvag\/wp-content\/uploads\/sites\/5\/2023\/02\/LiggandeBannerNyheterHemsida2023.png 1200w, https:\/\/scf.se\/landsvag\/wp-content\/uploads\/sites\/5\/2023\/02\/LiggandeBannerNyheterHemsida2023-300x50.png 300w, https:\/\/scf.se\/landsvag\/wp-content\/uploads\/sites\/5\/2023\/02\/LiggandeBannerNyheterHemsida2023-1024x171.png 1024w, https:\/\/scf.se\/landsvag\/wp-content\/uploads\/sites\/5\/2023\/02\/LiggandeBannerNyheterHemsida2023-768x128.png 768w\" sizes=\"auto, (max-width: 1200px) 100vw, 1200px\" \/><\/a><\/h2>\n","protected":false},"excerpt":{"rendered":"<p>Emilia Fahlin och Hanna Nilsson satte verkligen f\u00e4rg p\u00e5 damelitens linjelopp \u00f6ver 129,6 kilometer under de sista EM-dagarna. Fahlin slutade s\u00e5 bra som 14:e fast det blev stolpe ut i hennes soloutbrytning.\u00a0 Det var tv\u00e5 nya starka svenska lopp under l\u00f6rdagen p\u00e5 EM i nederl\u00e4ndska Drenthe. Emilia Fahlin p\u00e5 plats 14 i stenh\u00e5rd kubbning<a href=\"https:\/\/scf.se\/landsvag\/emilia-fahlin-var-loss-solo-och-slutade-14e-i-em-linjeloppet\/\" class=\"news-card__more\"> &#8230;<\/a><\/p>\n","protected":false},"author":41,"featured_media":4638,"comment_status":"open","ping_status":"open","sticky":false,"template":"","format":"standard","meta":{"_acf_changed":false,"footnotes":""},"categories":[1],"tags":[],"class_list":["post-4634","post","type-post","status-publish","format-standard","hentry","category-landsvag"],"acf":[],"_links":{"self":[{"href":"https:\/\/scf.se\/landsvag\/wp-json\/wp\/v2\/posts\/4634","targetHints":{"allow":["GET"]}}],"collection":[{"href":"https:\/\/scf.se\/landsvag\/wp-json\/wp\/v2\/posts"}],"about":[{"href":"https:\/\/scf.se\/landsvag\/wp-json\/wp\/v2\/types\/post"}],"author":[{"embeddable":true,"href":"https:\/\/scf.se\/landsvag\/wp-json\/wp\/v2\/users\/41"}],"replies":[{"embeddable":true,"href":"https:\/\/scf.se\/landsvag\/wp-json\/wp\/v2\/comments?post=4634"}],"version-history":[{"count":0,"href":"https:\/\/scf.se\/landsvag\/wp-json\/wp\/v2\/posts\/4634\/revisions"}],"wp:featuredmedia":[{"embeddable":true,"href":"https:\/\/scf.se\/landsvag\/wp-json\/wp\/v2\/media\/4638"}],"wp:attachment":[{"href":"https:\/\/scf.se\/landsvag\/wp-json\/wp\/v2\/media?parent=4634"}],"wp:term":[{"taxonomy":"category","embeddable":true,"href":"https:\/\/scf.se\/landsvag\/wp-json\/wp\/v2\/categories?post=4634"},{"taxonomy":"post_tag","embeddable":true,"href":"https:\/\/scf.se\/landsvag\/wp-json\/wp\/v2\/tags?post=4634"}],"curies":[{"name":"wp","href":"https:\/\/api.w.org\/{rel}","templated":true}]}}