
{"id":4610,"date":"2023-09-23T14:31:25","date_gmt":"2023-09-23T12:31:25","guid":{"rendered":"http:\/\/scf.se\/landsvag\/?p=4610"},"modified":"2023-09-23T14:33:00","modified_gmt":"2023-09-23T12:33:00","slug":"starkt-em-linje-av-teodor-de-luca-resten-av-juniorlaget-i-masskrasch","status":"publish","type":"post","link":"https:\/\/scf.se\/landsvag\/starkt-em-linje-av-teodor-de-luca-resten-av-juniorlaget-i-masskrasch\/","title":{"rendered":"Starkt EM-linje av Teodor de Luca \u2013 resten av juniorlaget i masskrasch"},"content":{"rendered":"<p><strong>Juniorernas EM-linjelopp pr\u00e4glades av en stor krasch d\u00e4r tre av svenskarna blev inblandade och till sist alla tre fick bryta. Extra starkt av kvarvarande Teodor de Luca att finnas med s\u00e5 h\u00f6gt upp som 23:e plats i det STORA startf\u00e4ltet i Drenthe.<\/strong><\/p>\n<p>Herrjuniorer och stort startf\u00e4lt i ett m\u00e4sterskap g\u00f6r att det kan bli extra hetsigt. Svenskarna var aktiva i b\u00f6rjan. Men efter ungef\u00e4r det att halva str\u00e4ckan av de 111 kilometerna var avverkade s\u00e5 kom det mindre rolig information i radion.<\/p>\n<blockquote><p>&#8221;Det kom rapporter om att det hade intr\u00e4ffat en stor krasch och att Sverige tillh\u00f6rde de nationer som hade cyklister inblandade. N\u00e4r vi kom fram s\u00e5 s\u00e5g vi att s\u00e5v\u00e4l Ville Merl\u00f6v, Alfred Oldin och Linus Larsson var i backen. Alfred var i v\u00e4g ganska snabbt f\u00f6r att f\u00f6rs\u00f6ka jaga ikapp klungan. D\u00e4r fanns\u00a0 Teodor de Luca, som precis klarade sig undan kraschen kvar&#8221;, s\u00e4ger Sveriges assisterande f\u00f6rbundskapten Alexander Wetterhall.<\/p><\/blockquote>\n<p>Med tanke p\u00e5 alla krascher under det senaste etapploppet i Schweiz var det flera sargade kroppar och till sist hade alla brutit.<\/p>\n<blockquote><p>&#8221;Ville Merl\u00f6v bl\u00f6dde ganska mycket, kom upp p\u00e5 en reservcykel men tog sig bara till m\u00e5let innan han br\u00f6t. Linus Larsson fick \u00e5ka ambulans till m\u00e5let men det ska vara ett ganska bra l\u00e4ge med honom&#8221;, rapporterar Alexander Wetterhall.<\/p><\/blockquote>\n<p>F\u00f6rsta\u00e5rsjunioren Teodor de Luca har k\u00f6rt v\u00e4ldigt bra n\u00e4r han har f\u00e5tt chansen i den bl\u00e5gula dr\u00e4kten och 23:a p\u00e5 sitt f\u00f6rsta EM bara \u00e5tta sekunder fr\u00e5n gruppen som spurtade om silvret \u00e4r fina stats.<\/p>\n<blockquote><p>&#8221;Teodor positionerade sig fint i klungan. Han gjorde ett riktigt bra lopp, inte minst d\u00e5 han fick klara sig sj\u00e4lv halva loppet. Bra krigat av herrjuniorerna och Teodor h\u00e5ller flaggan h\u00f6gt&#8221;, avslutar Wetterhall.<\/p><\/blockquote>\n<h3>EM linjelopp herrjunior<\/h3>\n<ul>\n<li>1 <strong>Anze Ravbar<\/strong>, Slovenien 2.38,50<\/li>\n<li>2<strong> Matys Grisel<\/strong>, Frankrike +0.02<\/li>\n<li>3<strong> Zak Erzen<\/strong>, Slovenien +0.02<\/li>\n<li>23 <strong>Teodor de Luca<\/strong>, Sverige +0.10<\/li>\n<li>DNF <strong>Alfred Oldin<\/strong>, Sverige<\/li>\n<li>DNF <strong>Ville Merl\u00f6v<\/strong>, Sverige<\/li>\n<li>DNF <strong>Linus Larsson<\/strong>, Sverige<\/li>\n<\/ul>\n<p><a href=\"https:\/\/www.uec.ch\/resources\/2023%20Events\/2023%20Elite%20road\/lists\/res\/UEC%20ROAD%20EUROPEAN%20CHAMPIONSHIPS%20-%20JUNIOR%20MEN%E2%80%99S%20ROAD%20RACE%20-%20Ranking.pdf\"><em><strong>Alla resultat fr\u00e5n herrjuniorernas lopp h\u00e4r!<\/strong><\/em><\/a><\/p>\n<h3>S\u00e5 t\u00e4vlar svenskarna resten av EM-helgen<\/h3>\n<ul>\n<li><strong>L\u00f6rdag 13.45:<\/strong> Linjelopp damelit 129,6 kilometer med Emilia Fahlin och Hanna Nilsson.<\/li>\n<li><strong>S\u00f6ndag 09.00:<\/strong> Linjelopp damjunior 68,2 kilometer med Stina Kagevi och Ella Wahlstr\u00f6m.<\/li>\n<\/ul>\n<p><a href=\"https:\/\/www.uec.ch\/en\/event\/204\/2023-uec-road-european-championships\"><em><strong>Alla resultat fr\u00e5n \u00e5terst\u00e5ende EM-lopp h\u00e4r!<\/strong><\/em><\/a><\/p>\n<p><em>Text och foto: Svenska Cykelf\u00f6rbundet<br \/>\n<\/em><\/p>\n<hr \/>\n<p><em><strong>Svenska Cykelf\u00f6rbundet \u00e4r stolta \u00f6ver att presentera v\u00e5ra samarbetspartners. Tack vare dessa fantastiska f\u00f6retag kan v\u00e5ra cyklister oftare ta sig l\u00e4ngre ut i v\u00e4rlden.<\/strong><\/em><\/p>\n<h2><a href=\"https:\/\/scf.se\/forbundet\/sponsorer\/\"><img loading=\"lazy\" decoding=\"async\" class=\"alignnone size-full wp-image-3872\" src=\"https:\/\/scf.se\/landsvag\/wp-content\/uploads\/sites\/5\/2023\/02\/LiggandeBannerNyheterHemsida2023.png\" alt=\"\" width=\"1200\" height=\"200\" srcset=\"https:\/\/scf.se\/landsvag\/wp-content\/uploads\/sites\/5\/2023\/02\/LiggandeBannerNyheterHemsida2023.png 1200w, https:\/\/scf.se\/landsvag\/wp-content\/uploads\/sites\/5\/2023\/02\/LiggandeBannerNyheterHemsida2023-300x50.png 300w, https:\/\/scf.se\/landsvag\/wp-content\/uploads\/sites\/5\/2023\/02\/LiggandeBannerNyheterHemsida2023-1024x171.png 1024w, https:\/\/scf.se\/landsvag\/wp-content\/uploads\/sites\/5\/2023\/02\/LiggandeBannerNyheterHemsida2023-768x128.png 768w\" sizes=\"auto, (max-width: 1200px) 100vw, 1200px\" \/><\/a><\/h2>\n","protected":false},"excerpt":{"rendered":"<p>Juniorernas EM-linjelopp pr\u00e4glades av en stor krasch d\u00e4r tre av svenskarna blev inblandade och till sist alla tre fick bryta. Extra starkt av kvarvarande Teodor de Luca att finnas med s\u00e5 h\u00f6gt upp som 23:e plats i det STORA startf\u00e4ltet i Drenthe. Herrjuniorer och stort startf\u00e4lt i ett m\u00e4sterskap g\u00f6r att det kan bli<a href=\"https:\/\/scf.se\/landsvag\/starkt-em-linje-av-teodor-de-luca-resten-av-juniorlaget-i-masskrasch\/\" class=\"news-card__more\"> &#8230;<\/a><\/p>\n","protected":false},"author":41,"featured_media":4629,"comment_status":"open","ping_status":"open","sticky":false,"template":"","format":"standard","meta":{"_acf_changed":false,"footnotes":""},"categories":[1],"tags":[],"class_list":["post-4610","post","type-post","status-publish","format-standard","hentry","category-landsvag"],"acf":[],"_links":{"self":[{"href":"https:\/\/scf.se\/landsvag\/wp-json\/wp\/v2\/posts\/4610","targetHints":{"allow":["GET"]}}],"collection":[{"href":"https:\/\/scf.se\/landsvag\/wp-json\/wp\/v2\/posts"}],"about":[{"href":"https:\/\/scf.se\/landsvag\/wp-json\/wp\/v2\/types\/post"}],"author":[{"embeddable":true,"href":"https:\/\/scf.se\/landsvag\/wp-json\/wp\/v2\/users\/41"}],"replies":[{"embeddable":true,"href":"https:\/\/scf.se\/landsvag\/wp-json\/wp\/v2\/comments?post=4610"}],"version-history":[{"count":0,"href":"https:\/\/scf.se\/landsvag\/wp-json\/wp\/v2\/posts\/4610\/revisions"}],"wp:featuredmedia":[{"embeddable":true,"href":"https:\/\/scf.se\/landsvag\/wp-json\/wp\/v2\/media\/4629"}],"wp:attachment":[{"href":"https:\/\/scf.se\/landsvag\/wp-json\/wp\/v2\/media?parent=4610"}],"wp:term":[{"taxonomy":"category","embeddable":true,"href":"https:\/\/scf.se\/landsvag\/wp-json\/wp\/v2\/categories?post=4610"},{"taxonomy":"post_tag","embeddable":true,"href":"https:\/\/scf.se\/landsvag\/wp-json\/wp\/v2\/tags?post=4610"}],"curies":[{"name":"wp","href":"https:\/\/api.w.org\/{rel}","templated":true}]}}