
{"id":4601,"date":"2023-09-23T12:45:14","date_gmt":"2023-09-23T10:45:14","guid":{"rendered":"http:\/\/scf.se\/landsvag\/?p=4601"},"modified":"2023-09-23T13:51:11","modified_gmt":"2023-09-23T11:51:11","slug":"fint-lagsamarbete-gav-slaglage-pa-sista-varvet-i-damernas-u23-em","status":"publish","type":"post","link":"https:\/\/scf.se\/landsvag\/fint-lagsamarbete-gav-slaglage-pa-sista-varvet-i-damernas-u23-em\/","title":{"rendered":"Fint lagarbete gav slagl\u00e4ge ute p\u00e5 sista EM-varvet i U23-damernas linje"},"content":{"rendered":"<p><strong>Hela det svenska U23-damlaget gjorde det bra p\u00e5 EM- linjeloppet i nederl\u00e4ndska Drenthe. Kvartetten k\u00f6rde f\u00f6r Caroline Andersson och Julia Borgstr\u00f6m, som ocks\u00e5 kom i m\u00e5l p\u00e5 snygga placeringar i form av 13 respektive 15. Men svenskarna missade den avg\u00f6rande utbrytningen p\u00e5 sista varvet \u2013 och d\u00e4rmed var medaljl\u00e4get borta.<\/strong><\/p>\n<p>Det var 108 kilometer varav 39 kilometer platt inledning in mot fem gnetiga och h\u00e5rda varv d\u00e4r tuffa stigningen Vamberg ska passeras lika m\u00e5nga g\u00e5nger.<\/p>\n<blockquote><p>&#8221;De k\u00f6r v\u00e4ldigt bra tillsammans tjejerna. De \u00e4r med l\u00e5ngt, l\u00e5ngt fram varje varv egentligen och samarbetar bra alla fyra&#8221;, ber\u00e4ttar assisterande f\u00f6rbundskaptenen Alexander Wetterhall.<\/p><\/blockquote>\n<p>N\u00e4r EM-t\u00e4vlingen g\u00e5r in i skarpt l\u00e4ge p\u00e5 sista varvet ser det med andra ord riktigt bra ut f\u00f6r svensk del.<\/p>\n<blockquote><p>&#8221;I det l\u00e4get g\u00e5r det iv\u00e4g en grupp p\u00e5 sex stycken cyklister och d\u00e4r har vi tyv\u00e4rr ingen med. Det var det moment som avgjorde t\u00e4vlingen eftersom tre av dem h\u00f6ll \u00e4nda in \u00f6ver m\u00e5llinjen.<\/p><\/blockquote>\n<div id=\"attachment_4066\" class=\"wp-caption alignnone\" ><a href=\"https:\/\/scf.se\/landsvag\/wp-content\/uploads\/sites\/5\/2023\/05\/CarolinA2.jpg\"><img loading=\"lazy\" decoding=\"async\" class=\"size-full wp-image-4066\" src=\"https:\/\/scf.se\/landsvag\/wp-content\/uploads\/sites\/5\/2023\/05\/CarolinA2.jpg\" alt=\"\" width=\"935\" height=\"1066\" srcset=\"https:\/\/scf.se\/landsvag\/wp-content\/uploads\/sites\/5\/2023\/05\/CarolinA2.jpg 935w, https:\/\/scf.se\/landsvag\/wp-content\/uploads\/sites\/5\/2023\/05\/CarolinA2-263x300.jpg 263w, https:\/\/scf.se\/landsvag\/wp-content\/uploads\/sites\/5\/2023\/05\/CarolinA2-898x1024.jpg 898w, https:\/\/scf.se\/landsvag\/wp-content\/uploads\/sites\/5\/2023\/05\/CarolinA2-768x876.jpg 768w\" sizes=\"auto, (max-width: 935px) 100vw, 935px\" \/><\/a><p class=\"wp-caption-text\"><em>Caroline Andersson har k\u00f6rt bra i sitt nya proffsteam denna s\u00e4song och var 13:e p\u00e5 U23-linjeloppet i EM.\u00a0 ARKIVBILD: Liv Racing TeqFind.<\/em><\/p><\/div>\n<p>&nbsp;<\/p>\n<p>Kvar i gruppen just bakom n\u00e4r det drar ihop sig till spurt \u00e4r Caroline Andersson och Julia Borgstr\u00f6m.<\/p>\n<blockquote><p>&#8221;De placerar sig som nummer 13 och 15. Egentligen ett bra lopp av hela laget. Det felar lite p\u00e5 sista varvet. De sitter lite f\u00f6r l\u00e5ngt bak f\u00f6r att n\u00e5gon ska kunna g\u00e5 med. Ett lag som Belgien klarar inte heller s\u00e5 det \u00e4r vad det \u00e4r. Bra krigat av alla fyra&#8221;, s\u00e4ger Wetterhall.<\/p><\/blockquote>\n<div id=\"attachment_4616\" class=\"wp-caption alignnone\" ><a href=\"https:\/\/scf.se\/landsvag\/wp-content\/uploads\/sites\/5\/2023\/09\/DamU23-2.jpg\"><img loading=\"lazy\" decoding=\"async\" class=\"size-full wp-image-4616\" src=\"https:\/\/scf.se\/landsvag\/wp-content\/uploads\/sites\/5\/2023\/09\/DamU23-2.jpg\" alt=\"\" width=\"1160\" height=\"1280\" srcset=\"https:\/\/scf.se\/landsvag\/wp-content\/uploads\/sites\/5\/2023\/09\/DamU23-2.jpg 1160w, https:\/\/scf.se\/landsvag\/wp-content\/uploads\/sites\/5\/2023\/09\/DamU23-2-272x300.jpg 272w, https:\/\/scf.se\/landsvag\/wp-content\/uploads\/sites\/5\/2023\/09\/DamU23-2-928x1024.jpg 928w, https:\/\/scf.se\/landsvag\/wp-content\/uploads\/sites\/5\/2023\/09\/DamU23-2-768x847.jpg 768w\" sizes=\"auto, (max-width: 1160px) 100vw, 1160px\" \/><\/a><p class=\"wp-caption-text\"><em>Stabila EM-linjelopp h\u00e4r i Drenthe \u00e4ven av Julia Borgstr\u00f6m och Karin S\u00f6derqvist. Foto: SCF<\/em><\/p><\/div>\n<p>&nbsp;<\/p>\n<p>Karin S\u00f6derqvist gjorde ocks\u00e5 ett stabilt lopp och var med ganska l\u00e5ngt framme, bara 15 sekunder efter n\u00e4mnda duo i m\u00e5l och plats 31. Wilma Olausson kraschade lite ot\u00e4ckt; fullf\u00f6ljde trots sm\u00e4rtor kring nyckelbenet som direkt efter m\u00e5lg\u00e5ng befarades vara brutet.<\/p>\n<blockquote><p>&#8221;Nu \u00e4r skadan kollad och det var ingen ny fraktur vid nyckelbenet, utan att den platta som redan finns inopererad kring nyckelbenet hade blivit b\u00f6jd. S\u00e5 en lite mindre grej \u00e4n vad som f\u00f6rst var befarat&#8221;, rapporterar Alexander Wetterhall p\u00e5 l\u00f6rdagen.<\/p><\/blockquote>\n<h3>EM linjelopp damer U23<\/h3>\n<ul>\n<li>1 <strong>Ilse Pluimers<\/strong>, Nederl\u00e4nderna 2:46:33<\/li>\n<li>2<strong> Anna Shackley<\/strong>, Storbritannien +0.01<\/li>\n<li>3<strong> Linda Zanetti<\/strong>, Schweiz +0.01<\/li>\n<li>13<strong> Caroline Andersson<\/strong>, Sverige+0.25<\/li>\n<li>15<strong> Julia Borgstr\u00f6m<\/strong>, Sverige +0.25<\/li>\n<li>31 <strong>Karin S\u00f6derqvist,<\/strong> Sverige +0.38<\/li>\n<li>79<strong> Wilma Olausson<\/strong>, Sverige +06.52<\/li>\n<\/ul>\n<p><a href=\"https:\/\/www.uec.ch\/resources\/2023%20Events\/2023%20Elite%20road\/lists\/res\/UEC%20ROAD%20EUROPEAN%20CHAMPIONSHIPS%20-%20U23%20WOMEN%E2%80%99S%20ROAD%20RACE%20-%20Ranking.pdf\"><em><strong>Alla resultat och tider fr\u00e5n damernas U23-linjelopp p\u00e5 EM i Drenthe h\u00e4r!<\/strong><\/em><\/a><\/p>\n<h3>S\u00e5 t\u00e4vlar de svenska EM-cyklisterna i helgen<\/h3>\n<ul>\n<li><strong>L\u00f6rdag 09.00:<\/strong> Linjelopp herrjunior 109,3 kilometer med Ville Merl\u00f6v, Teodor de Luca, Linus Larsson och Alfred Oldin. Rapport inom kort!<\/li>\n<li><strong>L\u00f6rdag 13.45:<\/strong> Linjelopp damelit 129,6 kilometer med Emilia Fahlin och Hanna Nilsson.<\/li>\n<li><strong>S\u00f6ndag 09.00:<\/strong> Linjelopp damjunior 68,2 kilometer med Stina Kagevi och Ella Wahlstr\u00f6m.<\/li>\n<\/ul>\n<p><em>Text: Svenska Cykelf\u00f6rbundet<br \/>\nFoto: SCF och Liv Racing TeqFind<br \/>\n<\/em><\/p>\n<hr \/>\n<p><em><strong>Svenska Cykelf\u00f6rbundet \u00e4r stolta \u00f6ver att presentera v\u00e5ra samarbetspartners. Tack vare dessa fantastiska f\u00f6retag kan v\u00e5ra cyklister oftare ta sig l\u00e4ngre ut i v\u00e4rlden.<\/strong><\/em><\/p>\n<h2><a href=\"https:\/\/scf.se\/forbundet\/sponsorer\/\"><img loading=\"lazy\" decoding=\"async\" class=\"alignnone size-full wp-image-3872\" src=\"https:\/\/scf.se\/landsvag\/wp-content\/uploads\/sites\/5\/2023\/02\/LiggandeBannerNyheterHemsida2023.png\" alt=\"\" width=\"1200\" height=\"200\" srcset=\"https:\/\/scf.se\/landsvag\/wp-content\/uploads\/sites\/5\/2023\/02\/LiggandeBannerNyheterHemsida2023.png 1200w, https:\/\/scf.se\/landsvag\/wp-content\/uploads\/sites\/5\/2023\/02\/LiggandeBannerNyheterHemsida2023-300x50.png 300w, https:\/\/scf.se\/landsvag\/wp-content\/uploads\/sites\/5\/2023\/02\/LiggandeBannerNyheterHemsida2023-1024x171.png 1024w, https:\/\/scf.se\/landsvag\/wp-content\/uploads\/sites\/5\/2023\/02\/LiggandeBannerNyheterHemsida2023-768x128.png 768w\" sizes=\"auto, (max-width: 1200px) 100vw, 1200px\" \/><\/a><\/h2>\n","protected":false},"excerpt":{"rendered":"<p>Hela det svenska U23-damlaget gjorde det bra p\u00e5 EM- linjeloppet i nederl\u00e4ndska Drenthe. Kvartetten k\u00f6rde f\u00f6r Caroline Andersson och Julia Borgstr\u00f6m, som ocks\u00e5 kom i m\u00e5l p\u00e5 snygga placeringar i form av 13 respektive 15. Men svenskarna missade den avg\u00f6rande utbrytningen p\u00e5 sista varvet \u2013 och d\u00e4rmed var medaljl\u00e4get borta. Det var 108 kilometer<a href=\"https:\/\/scf.se\/landsvag\/fint-lagsamarbete-gav-slaglage-pa-sista-varvet-i-damernas-u23-em\/\" class=\"news-card__more\"> &#8230;<\/a><\/p>\n","protected":false},"author":41,"featured_media":4617,"comment_status":"open","ping_status":"open","sticky":false,"template":"","format":"standard","meta":{"_acf_changed":false,"footnotes":""},"categories":[1],"tags":[],"class_list":["post-4601","post","type-post","status-publish","format-standard","hentry","category-landsvag"],"acf":[],"_links":{"self":[{"href":"https:\/\/scf.se\/landsvag\/wp-json\/wp\/v2\/posts\/4601","targetHints":{"allow":["GET"]}}],"collection":[{"href":"https:\/\/scf.se\/landsvag\/wp-json\/wp\/v2\/posts"}],"about":[{"href":"https:\/\/scf.se\/landsvag\/wp-json\/wp\/v2\/types\/post"}],"author":[{"embeddable":true,"href":"https:\/\/scf.se\/landsvag\/wp-json\/wp\/v2\/users\/41"}],"replies":[{"embeddable":true,"href":"https:\/\/scf.se\/landsvag\/wp-json\/wp\/v2\/comments?post=4601"}],"version-history":[{"count":0,"href":"https:\/\/scf.se\/landsvag\/wp-json\/wp\/v2\/posts\/4601\/revisions"}],"wp:featuredmedia":[{"embeddable":true,"href":"https:\/\/scf.se\/landsvag\/wp-json\/wp\/v2\/media\/4617"}],"wp:attachment":[{"href":"https:\/\/scf.se\/landsvag\/wp-json\/wp\/v2\/media?parent=4601"}],"wp:term":[{"taxonomy":"category","embeddable":true,"href":"https:\/\/scf.se\/landsvag\/wp-json\/wp\/v2\/categories?post=4601"},{"taxonomy":"post_tag","embeddable":true,"href":"https:\/\/scf.se\/landsvag\/wp-json\/wp\/v2\/tags?post=4601"}],"curies":[{"name":"wp","href":"https:\/\/api.w.org\/{rel}","templated":true}]}}