
{"id":4596,"date":"2023-09-22T15:18:03","date_gmt":"2023-09-22T13:18:03","guid":{"rendered":"http:\/\/scf.se\/landsvag\/?p=4596"},"modified":"2023-09-23T13:52:07","modified_gmt":"2023-09-23T11:52:07","slug":"stolpe-ut-for-u23-herrarna-i-em-linje-jakob-soderqvist-32a-och-baste-svensk","status":"publish","type":"post","link":"https:\/\/scf.se\/landsvag\/stolpe-ut-for-u23-herrarna-i-em-linje-jakob-soderqvist-32a-och-baste-svensk\/","title":{"rendered":"Stolpe ut f\u00f6r U23-herrarna i EM-linje \u2013 S\u00f6derqvist 32:a och b\u00e4ste svensk"},"content":{"rendered":"<p><strong>Under fredagen avgjordes U23-linjeloppen p\u00e5 EM i den nederl\u00e4ndska provinsen Drenthe, n\u00e4rmare best\u00e4mt runt Lunghezza. Lite stolpe ut f\u00f6r herrarna d\u00e4r Jakob S\u00f6derqvist var 32:a och b\u00e4st placerad av de svenska herrarna.<\/strong><\/p>\n<p>Viktor Lychou hade oturen att punktera i fell\u00e4ge, vid den tuffa kl\u00e4ttringen.<\/p>\n<blockquote><p>&#8221;Det blev ett f\u00f6r sv\u00e5rt l\u00e4ge. Han hamnade i n\u00e5gon sorts gruppetto d\u00e4r och kom aldrig tillbaka tillbaka in i loppet&#8221;, f\u00f6rklarar f\u00f6rbundskaptenen Lucas Persson.<\/p><\/blockquote>\n<p>Det gick iv\u00e4g en tidig grupp med tre cyklister d\u00e4r en ny gulddansk i form av Henrik Breiner Pedersen visade sig h\u00e5lla hela v\u00e4gen. Utbrytarna hade som mest fyra minuter.<\/p>\n<blockquote><p>&#8221;V\u00e5ra tre \u00e5terst\u00e5ende killar k\u00f6r l\u00e4nge bra. Men n\u00e4r vi g\u00e5r ut p\u00e5 det n\u00e4st sista varvet f\u00e5r Edvin Lovidius och Carl Kagevi sl\u00e4ppa. Jakob S\u00f6derqvist sitter med i klungan. Men det \u00e4r ett ovanligt kort linjelopp p\u00e5 ett U23-m\u00e4sterskap och med kilometern kvar \u00e4r det fortfarande kring minuten upp&#8221;, f\u00f6rklarar Lucas Persson.<\/p><\/blockquote>\n<p>Snitthastigheten hamnar p\u00e5 45,5 kilometer i timmen s\u00e5 det \u00e4r en f\u00f6r dagen v\u00e4ldigt \u00e5kstark dansk som vinner.<\/p>\n<blockquote><p>&#8221;Killarna g\u00f6r det egentligen bra. Jakob g\u00f6r ett f\u00f6rs\u00f6k att vara med och g\u00f6ra upp om det bakom utbrytarna men det \u00e4r lite stolpe ut i dag p\u00e5 ett knixigt varv d\u00e4r f\u00e5 vill hj\u00e4lpa till och verkligen k\u00f6ra in utbrytningen. Det blir bara sm\u00e5attacker som hela tiden f\u00e5ngas in.&#8221;<\/p><\/blockquote>\n<h3>U23 herrar linjelopp 136,5 kilometer<\/h3>\n<ul>\n<li>1 <strong>Henrik Breiner Pedersen<\/strong>, Danmark 3.00.12<\/li>\n<li>2 <strong>Iv\u00e1n Romeo<\/strong>, Spanien +0.25<\/li>\n<li>3 <strong>Paul Magnier<\/strong>, Frankrike +0.37<\/li>\n<li>32 <strong>Jakob S\u00f6derqvist,<\/strong> Sverige +0.47<\/li>\n<li>70 <strong>Carl Kagevi,<\/strong> Sverige +5.58<\/li>\n<li>71 <strong>Edvin Lovidius<\/strong>, Sverige +5.58<\/li>\n<li>97 <strong>Viktor Lychou<\/strong>, Sverige +8.21<\/li>\n<\/ul>\n<p><a href=\"https:\/\/www.uec.ch\/en\/event\/204\/2023-uec-road-european-championships\"><em><strong>Alla resultat fr\u00e5n landsv\u00e4gs-EM i Drenthe h\u00e4r!<\/strong><\/em><\/a><\/p>\n<h3>S\u00e5 t\u00e4vlar de svenska EM-cyklisterna i helgen<\/h3>\n<ul>\n<li><strong>L\u00f6rdag 09.00:<\/strong> Linjelopp herrjunior 109,3 kilometer med Ville Merl\u00f6v, Teodor de Luca, Linus Larsson och Alfred Oldin.<\/li>\n<li><strong>L\u00f6rdag 13.45:<\/strong> Linjelopp damelit 129,6 kilometer med Emilia Fahlin och Hanna Nilsson.<\/li>\n<li><strong>S\u00f6ndag 09.00:<\/strong> Linjelopp damjunior 68,2 kilometer med Stina Kagevi och Ella Wahlstr\u00f6m.<\/li>\n<\/ul>\n<p><em>Text och foto: Svenska Cykelf\u00f6rbundet<br \/>\n<\/em><\/p>\n<hr \/>\n<p><em><strong>Svenska Cykelf\u00f6rbundet \u00e4r stolta \u00f6ver att presentera v\u00e5ra samarbetspartners. Tack vare dessa fantastiska f\u00f6retag kan v\u00e5ra cyklister oftare ta sig l\u00e4ngre ut i v\u00e4rlden.<\/strong><\/em><\/p>\n<h2><a href=\"https:\/\/scf.se\/forbundet\/sponsorer\/\"><img loading=\"lazy\" decoding=\"async\" class=\"alignnone size-full wp-image-3872\" src=\"https:\/\/scf.se\/landsvag\/wp-content\/uploads\/sites\/5\/2023\/02\/LiggandeBannerNyheterHemsida2023.png\" alt=\"\" width=\"1200\" height=\"200\" srcset=\"https:\/\/scf.se\/landsvag\/wp-content\/uploads\/sites\/5\/2023\/02\/LiggandeBannerNyheterHemsida2023.png 1200w, https:\/\/scf.se\/landsvag\/wp-content\/uploads\/sites\/5\/2023\/02\/LiggandeBannerNyheterHemsida2023-300x50.png 300w, https:\/\/scf.se\/landsvag\/wp-content\/uploads\/sites\/5\/2023\/02\/LiggandeBannerNyheterHemsida2023-1024x171.png 1024w, https:\/\/scf.se\/landsvag\/wp-content\/uploads\/sites\/5\/2023\/02\/LiggandeBannerNyheterHemsida2023-768x128.png 768w\" sizes=\"auto, (max-width: 1200px) 100vw, 1200px\" \/><\/a><\/h2>\n<p>&nbsp;<\/p>\n<p>&nbsp;<\/p>\n<p>&nbsp;<\/p>\n<p>&nbsp;<\/p>\n<p>&nbsp;<\/p>\n","protected":false},"excerpt":{"rendered":"<p>Under fredagen avgjordes U23-linjeloppen p\u00e5 EM i den nederl\u00e4ndska provinsen Drenthe, n\u00e4rmare best\u00e4mt runt Lunghezza. Lite stolpe ut f\u00f6r herrarna d\u00e4r Jakob S\u00f6derqvist var 32:a och b\u00e4st placerad av de svenska herrarna. Viktor Lychou hade oturen att punktera i fell\u00e4ge, vid den tuffa kl\u00e4ttringen. &#8221;Det blev ett f\u00f6r sv\u00e5rt l\u00e4ge. Han hamnade i n\u00e5gon<a href=\"https:\/\/scf.se\/landsvag\/stolpe-ut-for-u23-herrarna-i-em-linje-jakob-soderqvist-32a-och-baste-svensk\/\" class=\"news-card__more\"> &#8230;<\/a><\/p>\n","protected":false},"author":41,"featured_media":4603,"comment_status":"open","ping_status":"open","sticky":false,"template":"","format":"standard","meta":{"_acf_changed":false,"footnotes":""},"categories":[1],"tags":[],"class_list":["post-4596","post","type-post","status-publish","format-standard","hentry","category-landsvag"],"acf":[],"_links":{"self":[{"href":"https:\/\/scf.se\/landsvag\/wp-json\/wp\/v2\/posts\/4596","targetHints":{"allow":["GET"]}}],"collection":[{"href":"https:\/\/scf.se\/landsvag\/wp-json\/wp\/v2\/posts"}],"about":[{"href":"https:\/\/scf.se\/landsvag\/wp-json\/wp\/v2\/types\/post"}],"author":[{"embeddable":true,"href":"https:\/\/scf.se\/landsvag\/wp-json\/wp\/v2\/users\/41"}],"replies":[{"embeddable":true,"href":"https:\/\/scf.se\/landsvag\/wp-json\/wp\/v2\/comments?post=4596"}],"version-history":[{"count":0,"href":"https:\/\/scf.se\/landsvag\/wp-json\/wp\/v2\/posts\/4596\/revisions"}],"wp:featuredmedia":[{"embeddable":true,"href":"https:\/\/scf.se\/landsvag\/wp-json\/wp\/v2\/media\/4603"}],"wp:attachment":[{"href":"https:\/\/scf.se\/landsvag\/wp-json\/wp\/v2\/media?parent=4596"}],"wp:term":[{"taxonomy":"category","embeddable":true,"href":"https:\/\/scf.se\/landsvag\/wp-json\/wp\/v2\/categories?post=4596"},{"taxonomy":"post_tag","embeddable":true,"href":"https:\/\/scf.se\/landsvag\/wp-json\/wp\/v2\/tags?post=4596"}],"curies":[{"name":"wp","href":"https:\/\/api.w.org\/{rel}","templated":true}]}}