
{"id":4579,"date":"2023-09-20T19:55:41","date_gmt":"2023-09-20T17:55:41","guid":{"rendered":"http:\/\/scf.se\/landsvag\/?p=4579"},"modified":"2023-09-20T20:07:41","modified_gmt":"2023-09-20T18:07:41","slug":"jakob-soderqvist-topp-tio-i-u23-herrarnas-supersnabba-em-tempo","status":"publish","type":"post","link":"https:\/\/scf.se\/landsvag\/jakob-soderqvist-topp-tio-i-u23-herrarnas-supersnabba-em-tempo\/","title":{"rendered":"S\u00f6derqvist ocks\u00e5 topp tio i EM och Lovidius 21:a \u2013 snabbt U23-tempo"},"content":{"rendered":"<p><strong>Det gick rej\u00e4lt snabbt i U23-herrarnas tempo. Vinnaren, Alec Segaert fr\u00e5n Belgien, hade n\u00e4stan 54 kilometer i timmen i snitt \u00f6ver de 19,8 kilometerna och det blev d\u00e4rmed v\u00e4ldigt tajt med tiderna. Svenskarna Jakob S\u00f6derqvist och Edvin Lovidius slutade p\u00e5 plats 10 och 21 i detta EM-drama.\u00a0<\/strong><\/p>\n<a href=\"https:\/\/scf.se\/landsvag\/wp-content\/uploads\/sites\/5\/2023\/09\/U23tempo3.jpg\"><img loading=\"lazy\" decoding=\"async\" class=\"alignnone size-full wp-image-4582\" src=\"https:\/\/scf.se\/landsvag\/wp-content\/uploads\/sites\/5\/2023\/09\/U23tempo3.jpg\" alt=\"\" width=\"1168\" height=\"1012\" srcset=\"https:\/\/scf.se\/landsvag\/wp-content\/uploads\/sites\/5\/2023\/09\/U23tempo3.jpg 1168w, https:\/\/scf.se\/landsvag\/wp-content\/uploads\/sites\/5\/2023\/09\/U23tempo3-300x260.jpg 300w, https:\/\/scf.se\/landsvag\/wp-content\/uploads\/sites\/5\/2023\/09\/U23tempo3-1024x887.jpg 1024w, https:\/\/scf.se\/landsvag\/wp-content\/uploads\/sites\/5\/2023\/09\/U23tempo3-768x665.jpg 768w\" sizes=\"auto, (max-width: 1168px) 100vw, 1168px\" \/><\/a>\n<p>Edvin Lovidius gick ut n\u00e5got lite f\u00f6r h\u00e5rt, men h\u00f6ll ihop det \u00e4nd\u00e5 \u2013 och hamnade p\u00e5 en 21:e plats.<\/p>\n<p>Det var tv\u00e5 g\u00e5nger Danmark p\u00e5 pallen och fruktansv\u00e4rt j\u00e4mnt mellan platserna tre och elva d\u00e4r d\u00e4r det skilde 18 sekunder. Jakob S\u00f6derqvist hade inte de sm\u00e5 marginalerna p\u00e5 sin sida, men startade \u00e5 andra sidan sent.<\/p>\n<blockquote><p>&#8221;Jakob gick ut lite lugnare \u00e4n Edvin, fick upp farten och pressade sig sj\u00e4lv bra. Och det r\u00e4ckte till en tiondeplats f\u00f6r dagen. Det var som sagt v\u00e4ldigt tajt tidsm\u00e4ssigt n\u00e4r det gick s\u00e5 pass fort p\u00e5 en ganska kort bana \u00f6ver 19,8 kilometer&#8221;, s\u00e4ger assisterande f\u00f6rbundskaptenen Alexander Wetterhall.<\/p><\/blockquote>\n<a href=\"https:\/\/scf.se\/landsvag\/wp-content\/uploads\/sites\/5\/2023\/09\/Jakob-Soderqvist-portratt.jpg\"><img loading=\"lazy\" decoding=\"async\" class=\"alignnone size-full wp-image-4392\" src=\"https:\/\/scf.se\/landsvag\/wp-content\/uploads\/sites\/5\/2023\/09\/Jakob-Soderqvist-portratt.jpg\" alt=\"\" width=\"1163\" height=\"873\" srcset=\"https:\/\/scf.se\/landsvag\/wp-content\/uploads\/sites\/5\/2023\/09\/Jakob-Soderqvist-portratt.jpg 1163w, https:\/\/scf.se\/landsvag\/wp-content\/uploads\/sites\/5\/2023\/09\/Jakob-Soderqvist-portratt-300x225.jpg 300w, https:\/\/scf.se\/landsvag\/wp-content\/uploads\/sites\/5\/2023\/09\/Jakob-Soderqvist-portratt-1024x769.jpg 1024w, https:\/\/scf.se\/landsvag\/wp-content\/uploads\/sites\/5\/2023\/09\/Jakob-Soderqvist-portratt-768x576.jpg 768w\" sizes=\"auto, (max-width: 1163px) 100vw, 1163px\" \/><\/a>\n<h3>EM tempo herrar U23<\/h3>\n<ul>\n<li>1<strong> Alec Segaert<\/strong>, Belgien 22.02,68<\/li>\n<li>2<strong> Carl-Frederik B\u00e9vort<\/strong>, Danmark 0.37,60<\/li>\n<li>3 <strong>Gustav Wang,<\/strong> Danmark 0.52,22<\/li>\n<li>10 <strong>Jakob S\u00f6derqvist<\/strong>, Sverige 1.08,57<\/li>\n<li>21 <strong>Edvin Lovidius<\/strong>, Sverige 1.38,59<\/li>\n<\/ul>\n<p><a href=\"https:\/\/www.uec.ch\/resources\/2023%20Events\/2023%20Elite%20road\/lists\/res\/UEC%20ROAD%20EUROPEAN%20CHAMPIONSHIPS%20-%20U23%20MEN%E2%80%99S%20INDIVIDUAL%20TIME%20TRIAL%20-%20Ranking.pdf\"><em><strong>Alla resultat fr\u00e5n U21-herrarnas tempolopp h\u00e4r!<\/strong><\/em><\/a><\/p>\n<p><strong>Vad blir din slutsummering av f\u00f6rsta dagen p\u00e5 landsv\u00e4gs-EM f\u00f6r svensk del?<\/strong><\/p>\n<blockquote><p>&#8221;Jag tycker att det \u00e4r v\u00e4ldigt positivt. Det \u00e4r inte varje dag som vi h\u00e4mtar en internationell m\u00e4sterskapsmedalj. Men denna onsdag i september i Drenthe s\u00e5 l\u00f6ste vi detta. Tre cyklister topp tio. V\u00c4LDIGT roligt att k\u00f6ra tempo i dag \u2013 och \u00e4rligt &#8221;, s\u00e4ger Wetterhall, som sj\u00e4lv tv\u00e5faldig svensk m\u00e4stare i tempo.<\/p>\n<p>&#8221;Vi laddar om i morgon med att k\u00f6ra den kl\u00e4ttring som inkluderas i allas linjelopp&#8221;, till\u00e4gger Wetterhall.<\/p><\/blockquote>\n<p>I damelit segrade schweiziskan Marlen Rausser. I herrelitklassen fick s\u00e5v\u00e4l fjol\u00e5rsm\u00e4staren Stefan Bisseger och n\u00e4rmast jagande megastj\u00e4rnan Wout van Art ge sig f\u00f6r britten Joshua Tarling \u2013 med 45 sekunders marginal.<\/p>\n<p><em>Text och foto: SCF<\/em><\/p>\n<hr \/>\n<p><em><strong>Svenska Cykelf\u00f6rbundet \u00e4r stolta \u00f6ver att presentera v\u00e5ra samarbetspartners. Tack vare dessa fantastiska f\u00f6retag kan v\u00e5ra cyklister oftare ta sig l\u00e4ngre ut i v\u00e4rlden.<\/strong><\/em><\/p>\n<h2><a href=\"https:\/\/scf.se\/forbundet\/sponsorer\/\"><img loading=\"lazy\" decoding=\"async\" class=\"alignnone size-full wp-image-3872\" src=\"https:\/\/scf.se\/landsvag\/wp-content\/uploads\/sites\/5\/2023\/02\/LiggandeBannerNyheterHemsida2023.png\" alt=\"\" width=\"1200\" height=\"200\" srcset=\"https:\/\/scf.se\/landsvag\/wp-content\/uploads\/sites\/5\/2023\/02\/LiggandeBannerNyheterHemsida2023.png 1200w, https:\/\/scf.se\/landsvag\/wp-content\/uploads\/sites\/5\/2023\/02\/LiggandeBannerNyheterHemsida2023-300x50.png 300w, https:\/\/scf.se\/landsvag\/wp-content\/uploads\/sites\/5\/2023\/02\/LiggandeBannerNyheterHemsida2023-1024x171.png 1024w, https:\/\/scf.se\/landsvag\/wp-content\/uploads\/sites\/5\/2023\/02\/LiggandeBannerNyheterHemsida2023-768x128.png 768w\" sizes=\"auto, (max-width: 1200px) 100vw, 1200px\" \/><\/a><\/h2>\n","protected":false},"excerpt":{"rendered":"<p>Det gick rej\u00e4lt snabbt i U23-herrarnas tempo. Vinnaren, Alec Segaert fr\u00e5n Belgien, hade n\u00e4stan 54 kilometer i timmen i snitt \u00f6ver de 19,8 kilometerna och det blev d\u00e4rmed v\u00e4ldigt tajt med tiderna. Svenskarna Jakob S\u00f6derqvist och Edvin Lovidius slutade p\u00e5 plats 10 och 21 i detta EM-drama.\u00a0 Edvin Lovidius gick ut n\u00e5got lite f\u00f6r<a href=\"https:\/\/scf.se\/landsvag\/jakob-soderqvist-topp-tio-i-u23-herrarnas-supersnabba-em-tempo\/\" class=\"news-card__more\"> &#8230;<\/a><\/p>\n","protected":false},"author":41,"featured_media":4584,"comment_status":"open","ping_status":"open","sticky":false,"template":"","format":"standard","meta":{"_acf_changed":false,"footnotes":""},"categories":[1],"tags":[],"class_list":["post-4579","post","type-post","status-publish","format-standard","hentry","category-landsvag"],"acf":[],"_links":{"self":[{"href":"https:\/\/scf.se\/landsvag\/wp-json\/wp\/v2\/posts\/4579","targetHints":{"allow":["GET"]}}],"collection":[{"href":"https:\/\/scf.se\/landsvag\/wp-json\/wp\/v2\/posts"}],"about":[{"href":"https:\/\/scf.se\/landsvag\/wp-json\/wp\/v2\/types\/post"}],"author":[{"embeddable":true,"href":"https:\/\/scf.se\/landsvag\/wp-json\/wp\/v2\/users\/41"}],"replies":[{"embeddable":true,"href":"https:\/\/scf.se\/landsvag\/wp-json\/wp\/v2\/comments?post=4579"}],"version-history":[{"count":0,"href":"https:\/\/scf.se\/landsvag\/wp-json\/wp\/v2\/posts\/4579\/revisions"}],"wp:featuredmedia":[{"embeddable":true,"href":"https:\/\/scf.se\/landsvag\/wp-json\/wp\/v2\/media\/4584"}],"wp:attachment":[{"href":"https:\/\/scf.se\/landsvag\/wp-json\/wp\/v2\/media?parent=4579"}],"wp:term":[{"taxonomy":"category","embeddable":true,"href":"https:\/\/scf.se\/landsvag\/wp-json\/wp\/v2\/categories?post=4579"},{"taxonomy":"post_tag","embeddable":true,"href":"https:\/\/scf.se\/landsvag\/wp-json\/wp\/v2\/tags?post=4579"}],"curies":[{"name":"wp","href":"https:\/\/api.w.org\/{rel}","templated":true}]}}