
{"id":4555,"date":"2023-09-18T15:04:58","date_gmt":"2023-09-18T13:04:58","guid":{"rendered":"http:\/\/scf.se\/landsvag\/?p=4555"},"modified":"2023-09-19T09:29:13","modified_gmt":"2023-09-19T07:29:13","slug":"kagevi-och-soderqvist-korde-stabilt-i-nederlandskt-nations-cup-lopp","status":"publish","type":"post","link":"https:\/\/scf.se\/landsvag\/kagevi-och-soderqvist-korde-stabilt-i-nederlandskt-nations-cup-lopp\/","title":{"rendered":"Kagevi och S\u00f6derqvist k\u00f6rde stabilt i nederl\u00e4ndskt Nations Cup-lopp"},"content":{"rendered":"<p><strong>En kvartett svenska damjuniorer har avverkat Watersley Ladies Challenge. B\u00e4st gick det f\u00f6r Stina Kagevi, som nu drar vidare till EM, och f\u00f6rsta\u00e5rsjunioren Anna S\u00f6derqvist. De slutade p\u00e5 plats 37 och 43 i det nederl\u00e4ndska Nation Cup-etapploppet. (Uppdaterad version med kommentarer.)<\/strong><\/p>\n<p>Efter prologen och f\u00f6rsta etappen ledde italienskan Federica Venturelli f\u00f6re ett par jagande vassa brittiskor. F\u00f6rsta\u00e5rsjunioren Anna S\u00f6derqvist som k\u00f6r f\u00f6r Team LeWa Sport p\u00e5 49:e plats men bara 33 sekunder fr\u00e5n t\u00e4ten. JVM-cyklisten Stina Kagevi var sekunden bakom efter f\u00f6rsta etappen.<\/p>\n<p>Kagevi var sedan bra med p\u00e5 den andra etappen, 18 sekunder fr\u00e5n t\u00e4ten i ett utspritt f\u00e4lt. S\u00f6derqvist gjorde en ny bra etapp och slutade p\u00e5 plats 15 i ungdomst\u00e4vlingen. Kagevi 37:a i totalen som slutade s\u00e5 h\u00e4r.<\/p>\n<h3>Nations Cup damjunior<\/h3>\n<ul>\n<li>1 <strong>Federica Venturelli<\/strong>, Italien<\/li>\n<li>2 <strong>Fleur Moors<\/strong>, Belgien +0.18<\/li>\n<li>3<strong> Carys Lloyd<\/strong>, Storbritannien +0.18<\/li>\n<li>37<strong> Stina Kagevi<\/strong>, Sverige +0.58<\/li>\n<li>43<strong> Anna S\u00f6derqvist<\/strong>, Sverige +1.13<\/li>\n<li>64 <strong>Ella Wahlstr\u00f6m<\/strong>, Sverige +13.20<\/li>\n<\/ul>\n<p>S\u00e5 h\u00e4r kommenterar den svenska coachen Ola Nilsson det nederl\u00e4ndska etapploppet:<\/p>\n<blockquote><p>&#8221;Det b\u00f6rjade med en prolog p\u00e5 2,8 kilometer. Tjejerna hyfsat med. Inte m\u00e5nga sekunder det skilde. Andra etappen. Riktigt varmt och en l\u00e5ng tuff bana. Vi hade tjejerna med d\u00e4r framme l\u00e4nge. Stina var i en egen utbrytning&#8221;, s\u00e4ger Ola och forts\u00e4tter:<\/p>\n<p>&#8221;Ella och Tilde har varit sjuka s\u00e5 de hade det jobbigt p\u00e5 slutet. Tyv\u00e4rr fick Tilde sl\u00e4ppa och blev avplockad. Ella satt med i andra klungan. Stina och Anna satt fint med i f\u00f6rsta klungan.<\/p><\/blockquote>\n<p>Tredje etappen om man r\u00e4knar in prologen som en egen var l\u00e5ng, nio mil n\u00e4rmare best\u00e4mt.<\/p>\n<blockquote><p>&#8221;Tjejerna satt fint med. Tyv\u00e4rr med tre mil kvar var de involverade i en krasch. Stina var tvungen och byta cykel men k\u00e4mpade sig tillbaka till klungan. De andra klarade sig bra. P\u00e5 slutet f\u00e5r Ella sl\u00e4ppa men Stina och Anna sitter fint med i klungan in i m\u00e5l.&#8221;<\/p><\/blockquote>\n<p>Det var v\u00e4ldigt tuffa race. F\u00f6r Stina Kagevi och vinnaren av juniortr\u00f6jan i SWE Cup, Ella Wahlstr\u00f6m, var det lika med EM-uppladdning. Stina och Ella \u00e4r tv\u00e5 av fyra cyklister som dubblar och k\u00f6r b\u00e5de tempo och linjelopp.<\/p>\n<blockquote><p>&#8221;Tjejerna sa att det h\u00e4r etapploppet var det h\u00e5rdaste dom gjort. Det blir en bra genomk\u00f6rare till EM. Nu laddar vi till tempot onsdag. Sen linjet p\u00e5 s\u00f6ndag&#8221;, s\u00e4ger Ola Nilsson.<\/p><\/blockquote>\n<p>De stannar alla tre i Nederl\u00e4nderna och ansluter till den svenska truppen som t\u00e4vlar i EM i Drenthe 20\u201324 september.<\/p>\n<p><em>Text och foto: SCF<\/em><\/p>\n<hr \/>\n<p><em><strong>Svenska Cykelf\u00f6rbundet \u00e4r stolta \u00f6ver att presentera v\u00e5ra samarbetspartners. Tack vare dessa fantastiska f\u00f6retag kan v\u00e5ra cyklister oftare ta sig l\u00e4ngre ut i v\u00e4rlden.<\/strong><\/em><\/p>\n<h2><a href=\"https:\/\/scf.se\/forbundet\/sponsorer\/\"><img loading=\"lazy\" decoding=\"async\" class=\"alignnone size-full wp-image-3872\" src=\"https:\/\/scf.se\/landsvag\/wp-content\/uploads\/sites\/5\/2023\/02\/LiggandeBannerNyheterHemsida2023.png\" alt=\"\" width=\"1200\" height=\"200\" srcset=\"https:\/\/scf.se\/landsvag\/wp-content\/uploads\/sites\/5\/2023\/02\/LiggandeBannerNyheterHemsida2023.png 1200w, https:\/\/scf.se\/landsvag\/wp-content\/uploads\/sites\/5\/2023\/02\/LiggandeBannerNyheterHemsida2023-300x50.png 300w, https:\/\/scf.se\/landsvag\/wp-content\/uploads\/sites\/5\/2023\/02\/LiggandeBannerNyheterHemsida2023-1024x171.png 1024w, https:\/\/scf.se\/landsvag\/wp-content\/uploads\/sites\/5\/2023\/02\/LiggandeBannerNyheterHemsida2023-768x128.png 768w\" sizes=\"auto, (max-width: 1200px) 100vw, 1200px\" \/><\/a><\/h2>\n","protected":false},"excerpt":{"rendered":"<p>En kvartett svenska damjuniorer har avverkat Watersley Ladies Challenge. B\u00e4st gick det f\u00f6r Stina Kagevi, som nu drar vidare till EM, och f\u00f6rsta\u00e5rsjunioren Anna S\u00f6derqvist. De slutade p\u00e5 plats 37 och 43 i det nederl\u00e4ndska Nation Cup-etapploppet. (Uppdaterad version med kommentarer.) Efter prologen och f\u00f6rsta etappen ledde italienskan Federica Venturelli f\u00f6re ett par jagande<a href=\"https:\/\/scf.se\/landsvag\/kagevi-och-soderqvist-korde-stabilt-i-nederlandskt-nations-cup-lopp\/\" class=\"news-card__more\"> &#8230;<\/a><\/p>\n","protected":false},"author":41,"featured_media":4557,"comment_status":"open","ping_status":"open","sticky":false,"template":"","format":"standard","meta":{"_acf_changed":false,"footnotes":""},"categories":[1],"tags":[],"class_list":["post-4555","post","type-post","status-publish","format-standard","hentry","category-landsvag"],"acf":[],"_links":{"self":[{"href":"https:\/\/scf.se\/landsvag\/wp-json\/wp\/v2\/posts\/4555","targetHints":{"allow":["GET"]}}],"collection":[{"href":"https:\/\/scf.se\/landsvag\/wp-json\/wp\/v2\/posts"}],"about":[{"href":"https:\/\/scf.se\/landsvag\/wp-json\/wp\/v2\/types\/post"}],"author":[{"embeddable":true,"href":"https:\/\/scf.se\/landsvag\/wp-json\/wp\/v2\/users\/41"}],"replies":[{"embeddable":true,"href":"https:\/\/scf.se\/landsvag\/wp-json\/wp\/v2\/comments?post=4555"}],"version-history":[{"count":0,"href":"https:\/\/scf.se\/landsvag\/wp-json\/wp\/v2\/posts\/4555\/revisions"}],"wp:featuredmedia":[{"embeddable":true,"href":"https:\/\/scf.se\/landsvag\/wp-json\/wp\/v2\/media\/4557"}],"wp:attachment":[{"href":"https:\/\/scf.se\/landsvag\/wp-json\/wp\/v2\/media?parent=4555"}],"wp:term":[{"taxonomy":"category","embeddable":true,"href":"https:\/\/scf.se\/landsvag\/wp-json\/wp\/v2\/categories?post=4555"},{"taxonomy":"post_tag","embeddable":true,"href":"https:\/\/scf.se\/landsvag\/wp-json\/wp\/v2\/tags?post=4555"}],"curies":[{"name":"wp","href":"https:\/\/api.w.org\/{rel}","templated":true}]}}