
{"id":4513,"date":"2023-09-15T16:47:33","date_gmt":"2023-09-15T14:47:33","guid":{"rendered":"http:\/\/scf.se\/landsvag\/?p=4513"},"modified":"2023-09-15T17:27:43","modified_gmt":"2023-09-15T15:27:43","slug":"nu-adderas-fyra-herrjuniorer-till-stor-svensk-em-trupp","status":"publish","type":"post","link":"https:\/\/scf.se\/landsvag\/nu-adderas-fyra-herrjuniorer-till-stor-svensk-em-trupp\/","title":{"rendered":"Fyra herrjuniorer \u00e4r nu klara f\u00f6r EM \u2013 stor svensk trupp i Nederl\u00e4nderna"},"content":{"rendered":"<p><strong>GP R\u00fcebliland blev tufft f\u00f6r herrjuniorerna med flera krascher och en f\u00f6rkylning i olika skeden. Men skadel\u00e4get \u00e4r nu s\u00e5 brukbart f\u00f6r laget i det schweiziska etapploppet att f\u00f6rbundskaptenen Lucas Persson har beslutat sig f\u00f6r att komplettera EM-truppen med Ville Merl\u00f6v, Teodor de Luca, Linus Larsson och Alfred Oldin till EM<\/strong><strong>\u00a020\u201324 september.<\/strong><\/p>\n<p>Det har varit en hel del om och men i veckan n\u00e4r det g\u00e4ller herrjuniorer och EM i den nederl\u00e4ndska provinsen Drenthe.<\/p>\n<p>Ville Merl\u00f6v haltade bet\u00e4nkligt efter sin krasch redan efter fyra mil av GP R\u00fcebliland och var direkt efter kontakten med asfalten \u00e4ven yr. Gustav Magnusson slog i br\u00f6stet i styret n\u00e4r han kraschade senare i etapploppet och beordrades vila i tv\u00e5 veckor av l\u00e4karna i Schweiz. Paul Greijus blev sjuk. Alfred Oldin kraschade sista dagen.<\/p>\n<p>Teodor de Luca och Linus Larsson fullf\u00f6ljde med stabila resultat i Schweiz. Ville Merl\u00f6v har k\u00f6rt mycket bra fr\u00e5n segern i SM-linjeloppet p\u00e5 Tierp Arena och fram\u00e5t, inte minst i U6 och danska lopp. P\u00e5 VM i Glasgow slutade han p\u00e5 plats 43.<\/p>\n<blockquote><p>&#8221;Efter alla krascher och sjukdomar med mera beh\u00f6vdes n\u00e5gra dagar f\u00f6r att samla ihop l\u00e4get. Det sista var en koll med Paul Greijus f\u00f6rkylning. Resultatm\u00e4ssigt bra debut av de Luca I Schweiz, \u00e4ven Linus k\u00f6rde bra d\u00e4r. Ville Merl\u00f6v har k\u00f6rt starkt den senare delen av s\u00e4songen&#8221;, s\u00e4ger Lucas Persson.<\/p><\/blockquote>\n<p>Greijus var fortfarande sjuk p\u00e5 fredagen medan Alfred l\u00e4mnade klartecken. D\u00e4rmed blev det f\u00f6ljande herrjuniorkvartett som alla bara k\u00f6r linjeloppet.<\/p>\n<h3>Herrjuniorerna i EM-truppen<\/h3>\n<ul>\n<li><strong>Ville Merl\u00f6v<\/strong>, \u00c5storps CK<\/li>\n<li><strong>Teodor de Luca<\/strong>, CK Ringen<\/li>\n<li><strong>Linus Larsson<\/strong>, Staffanstorps CK<\/li>\n<li><strong>Alfred Oldin<\/strong>, J\u00f6nk\u00f6pings CK<\/li>\n<\/ul>\n<p>Sedan tidigare har vi p\u00e5 SCF.se presenterat tolv klara EM-cyklister. Alla k\u00f6r linje och de fyra markerade \u00e4ven tempo.<\/p>\n<h3>Damer elit<\/h3>\n<ul>\n<li><strong>Emilia Fahlin<\/strong><\/li>\n<li><strong>Hanna Nilsson<\/strong><\/li>\n<\/ul>\n<p><strong>Damer U23<\/strong><\/p>\n<ul>\n<li><strong>Julia Borgstr\u00f6m<\/strong><\/li>\n<li><strong>Caroline Andersson<\/strong><\/li>\n<li><strong>Karin S\u00f6derqvist<\/strong><\/li>\n<li><strong>Wilma Olausson<\/strong><\/li>\n<\/ul>\n<h3>Herrar U23<\/h3>\n<ul>\n<li><strong>Jakob S\u00f6derqvist<\/strong> (\u00e4ven tempo)<\/li>\n<li><strong>Edvin Lovidius<\/strong> (\u00e4ven tempo)<\/li>\n<li><strong>Carl Kagevi<\/strong><\/li>\n<li><strong>Viktor Lychou<\/strong><\/li>\n<\/ul>\n<h3>Damjunior<\/h3>\n<ul>\n<li><strong>Stina Kagevi<\/strong> (\u00e4ven tempo)<\/li>\n<li><strong>Ella Wahlstr\u00f6m<\/strong> (\u00e4ven tempo)<\/li>\n<\/ul>\n<h3>Ledarna i EM<\/h3>\n<ul>\n<li>Coacher: <strong>Lucas Persson, Alexander Wetterhall<\/strong> och <strong>Ola Nilsson.<\/strong><\/li>\n<li>Mekaniker: <strong>Oskar Palm<\/strong> och <strong>Mattias Israelsson<\/strong>.<\/li>\n<li>Mass\u00f6r\/soigneur: <strong>Ninna J\u00f8rgensen<\/strong>.<\/li>\n<li>Extra ledare\/soigneur: <strong>Martin Eckervad<\/strong>.<\/li>\n<\/ul>\n<p><a href=\"https:\/\/scf.se\/landsvag\/tonvikten-pa-tva-starka-u23-lag-nar-sverige-aker-till-em-i-drenthe\/\"><strong><em>L\u00e4s mera om den svenska truppen till landsv\u00e4gs-EM h\u00e4r!<\/em><\/strong><\/a><\/p>\n<p><em>Text och foto: Svenska Cykelf\u00f6rbundet<br \/>\n<\/em><\/p>\n<hr \/>\n<p><em><strong>Svenska Cykelf\u00f6rbundet \u00e4r stolta \u00f6ver att presentera v\u00e5ra samarbetspartners. Tack vare dessa fantastiska f\u00f6retag kan v\u00e5ra cyklister oftare ta sig l\u00e4ngre ut i v\u00e4rlden.<\/strong><\/em><\/p>\n<h2><a href=\"https:\/\/scf.se\/forbundet\/sponsorer\/\"><img loading=\"lazy\" decoding=\"async\" class=\"alignnone size-full wp-image-3872\" src=\"https:\/\/scf.se\/landsvag\/wp-content\/uploads\/sites\/5\/2023\/02\/LiggandeBannerNyheterHemsida2023.png\" alt=\"\" width=\"1200\" height=\"200\" srcset=\"https:\/\/scf.se\/landsvag\/wp-content\/uploads\/sites\/5\/2023\/02\/LiggandeBannerNyheterHemsida2023.png 1200w, https:\/\/scf.se\/landsvag\/wp-content\/uploads\/sites\/5\/2023\/02\/LiggandeBannerNyheterHemsida2023-300x50.png 300w, https:\/\/scf.se\/landsvag\/wp-content\/uploads\/sites\/5\/2023\/02\/LiggandeBannerNyheterHemsida2023-1024x171.png 1024w, https:\/\/scf.se\/landsvag\/wp-content\/uploads\/sites\/5\/2023\/02\/LiggandeBannerNyheterHemsida2023-768x128.png 768w\" sizes=\"auto, (max-width: 1200px) 100vw, 1200px\" \/><\/a><\/h2>\n<p>&nbsp;<\/p>\n<p>&nbsp;<\/p>\n<p>&nbsp;<\/p>\n<p>&nbsp;<\/p>\n<p>&nbsp;<\/p>\n","protected":false},"excerpt":{"rendered":"<p>GP R\u00fcebliland blev tufft f\u00f6r herrjuniorerna med flera krascher och en f\u00f6rkylning i olika skeden. Men skadel\u00e4get \u00e4r nu s\u00e5 brukbart f\u00f6r laget i det schweiziska etapploppet att f\u00f6rbundskaptenen Lucas Persson har beslutat sig f\u00f6r att komplettera EM-truppen med Ville Merl\u00f6v, Teodor de Luca, Linus Larsson och Alfred Oldin till EM\u00a020\u201324 september. Det har<a href=\"https:\/\/scf.se\/landsvag\/nu-adderas-fyra-herrjuniorer-till-stor-svensk-em-trupp\/\" class=\"news-card__more\"> &#8230;<\/a><\/p>\n","protected":false},"author":41,"featured_media":4516,"comment_status":"open","ping_status":"open","sticky":false,"template":"","format":"standard","meta":{"_acf_changed":false,"footnotes":""},"categories":[1],"tags":[],"class_list":["post-4513","post","type-post","status-publish","format-standard","hentry","category-landsvag"],"acf":[],"_links":{"self":[{"href":"https:\/\/scf.se\/landsvag\/wp-json\/wp\/v2\/posts\/4513","targetHints":{"allow":["GET"]}}],"collection":[{"href":"https:\/\/scf.se\/landsvag\/wp-json\/wp\/v2\/posts"}],"about":[{"href":"https:\/\/scf.se\/landsvag\/wp-json\/wp\/v2\/types\/post"}],"author":[{"embeddable":true,"href":"https:\/\/scf.se\/landsvag\/wp-json\/wp\/v2\/users\/41"}],"replies":[{"embeddable":true,"href":"https:\/\/scf.se\/landsvag\/wp-json\/wp\/v2\/comments?post=4513"}],"version-history":[{"count":0,"href":"https:\/\/scf.se\/landsvag\/wp-json\/wp\/v2\/posts\/4513\/revisions"}],"wp:featuredmedia":[{"embeddable":true,"href":"https:\/\/scf.se\/landsvag\/wp-json\/wp\/v2\/media\/4516"}],"wp:attachment":[{"href":"https:\/\/scf.se\/landsvag\/wp-json\/wp\/v2\/media?parent=4513"}],"wp:term":[{"taxonomy":"category","embeddable":true,"href":"https:\/\/scf.se\/landsvag\/wp-json\/wp\/v2\/categories?post=4513"},{"taxonomy":"post_tag","embeddable":true,"href":"https:\/\/scf.se\/landsvag\/wp-json\/wp\/v2\/tags?post=4513"}],"curies":[{"name":"wp","href":"https:\/\/api.w.org\/{rel}","templated":true}]}}