
{"id":4479,"date":"2023-09-08T13:18:16","date_gmt":"2023-09-08T11:18:16","guid":{"rendered":"http:\/\/scf.se\/landsvag\/?p=4479"},"modified":"2023-09-08T13:18:16","modified_gmt":"2023-09-08T11:18:16","slug":"kagevi-tillbaka-nar-damjuniorerna-kor-nations-cup-i-nederlanderna","status":"publish","type":"post","link":"https:\/\/scf.se\/landsvag\/kagevi-tillbaka-nar-damjuniorerna-kor-nations-cup-i-nederlanderna\/","title":{"rendered":"Kagevi tillbaka n\u00e4r damjuniorerna k\u00f6r Nations Cup i Nederl\u00e4nderna"},"content":{"rendered":"<p><strong>Nu \u00e4r det klart att Sverige skickar fyra damjuniorer till Nations Cup-etapploppet Waterslay Ladies Challenge i Nederl\u00e4nderna. Stina Kagevi \u00e4r tillbaka efter skadan under VM.<\/strong><\/p>\n<p>Stina Kagevi dubblerade landsv\u00e4g och MTB under VM. Hon kraschade och skadade armen r\u00e4tt illa under XCO-delen. I landsv\u00e4g var hon p\u00e5 v\u00e4g mot n\u00e5got riktigt bra placeringsm\u00e4ssigt n\u00e4r hon gick lite v\u00e4l h\u00e5rt i en kurva, synade asfalten och framf\u00f6r allt fick byta till en reservcykel. 31:a slutade hon d\u00e4r.<\/p>\n<p>Ella Wahlstr\u00f6m har k\u00f6rt bra p\u00e5 hemmaplan p\u00e5 sensommaren, vann den vita juniortr\u00f6jan och fanns \u00e4ven med h\u00f6gt upp i SWE Cup-totalen i seniorelit efter Svanesunds tredagars. Damjuniorlaget k\u00f6rde stabilt och bra vid den f\u00f6rsta Nation Cup-delt\u00e4vlingen.<\/p>\n<h3>Svenska laget i <strong>Waterslay Ladies Challenge <\/strong><\/h3>\n<ul>\n<li><strong>Stina Kagevi<\/strong> Motala AIF CK<\/li>\n<li><strong>Ella Wahlstr\u00f6m<\/strong> Motala AIF CK<\/li>\n<li><strong>Tilde Lindstr\u00f6m<\/strong> Motala AIF CK<\/li>\n<li><strong>Anna S\u00f6derqvist<\/strong> LeWa Sport<\/li>\n<\/ul>\n<p>Ola Nilsson \u00e4r ledare och coach vid det nederl\u00e4ndska etapploppet d\u00e4r det har varit svenska framg\u00e5ngar ganska nyligen genom podieplaceringar under Julia Borgstr\u00f6ms och Wilma Olaussons juniortid.<\/p>\n<p><em>Text och foto: SCF<\/em><\/p>\n<hr \/>\n<p><em><strong>Svenska Cykelf\u00f6rbundet \u00e4r stolta \u00f6ver att presentera v\u00e5ra samarbetspartners. Tack vare dessa fantastiska f\u00f6retag kan v\u00e5ra cyklister oftare ta sig l\u00e4ngre ut i v\u00e4rlden.<\/strong><\/em><\/p>\n<h2><a href=\"https:\/\/scf.se\/forbundet\/sponsorer\/\"><img loading=\"lazy\" decoding=\"async\" class=\"alignnone size-full wp-image-3872\" src=\"https:\/\/scf.se\/landsvag\/wp-content\/uploads\/sites\/5\/2023\/02\/LiggandeBannerNyheterHemsida2023.png\" alt=\"\" width=\"1200\" height=\"200\" srcset=\"https:\/\/scf.se\/landsvag\/wp-content\/uploads\/sites\/5\/2023\/02\/LiggandeBannerNyheterHemsida2023.png 1200w, https:\/\/scf.se\/landsvag\/wp-content\/uploads\/sites\/5\/2023\/02\/LiggandeBannerNyheterHemsida2023-300x50.png 300w, https:\/\/scf.se\/landsvag\/wp-content\/uploads\/sites\/5\/2023\/02\/LiggandeBannerNyheterHemsida2023-1024x171.png 1024w, https:\/\/scf.se\/landsvag\/wp-content\/uploads\/sites\/5\/2023\/02\/LiggandeBannerNyheterHemsida2023-768x128.png 768w\" sizes=\"auto, (max-width: 1200px) 100vw, 1200px\" \/><\/a><\/h2>\n","protected":false},"excerpt":{"rendered":"<p>Nu \u00e4r det klart att Sverige skickar fyra damjuniorer till Nations Cup-etapploppet Waterslay Ladies Challenge i Nederl\u00e4nderna. Stina Kagevi \u00e4r tillbaka efter skadan under VM. Stina Kagevi dubblerade landsv\u00e4g och MTB under VM. Hon kraschade och skadade armen r\u00e4tt illa under XCO-delen. I landsv\u00e4g var hon p\u00e5 v\u00e4g mot n\u00e5got riktigt bra placeringsm\u00e4ssigt n\u00e4r<a href=\"https:\/\/scf.se\/landsvag\/kagevi-tillbaka-nar-damjuniorerna-kor-nations-cup-i-nederlanderna\/\" class=\"news-card__more\"> &#8230;<\/a><\/p>\n","protected":false},"author":41,"featured_media":4482,"comment_status":"open","ping_status":"open","sticky":false,"template":"","format":"standard","meta":{"_acf_changed":false,"footnotes":""},"categories":[1],"tags":[],"class_list":["post-4479","post","type-post","status-publish","format-standard","hentry","category-landsvag"],"acf":[],"_links":{"self":[{"href":"https:\/\/scf.se\/landsvag\/wp-json\/wp\/v2\/posts\/4479","targetHints":{"allow":["GET"]}}],"collection":[{"href":"https:\/\/scf.se\/landsvag\/wp-json\/wp\/v2\/posts"}],"about":[{"href":"https:\/\/scf.se\/landsvag\/wp-json\/wp\/v2\/types\/post"}],"author":[{"embeddable":true,"href":"https:\/\/scf.se\/landsvag\/wp-json\/wp\/v2\/users\/41"}],"replies":[{"embeddable":true,"href":"https:\/\/scf.se\/landsvag\/wp-json\/wp\/v2\/comments?post=4479"}],"version-history":[{"count":0,"href":"https:\/\/scf.se\/landsvag\/wp-json\/wp\/v2\/posts\/4479\/revisions"}],"wp:featuredmedia":[{"embeddable":true,"href":"https:\/\/scf.se\/landsvag\/wp-json\/wp\/v2\/media\/4482"}],"wp:attachment":[{"href":"https:\/\/scf.se\/landsvag\/wp-json\/wp\/v2\/media?parent=4479"}],"wp:term":[{"taxonomy":"category","embeddable":true,"href":"https:\/\/scf.se\/landsvag\/wp-json\/wp\/v2\/categories?post=4479"},{"taxonomy":"post_tag","embeddable":true,"href":"https:\/\/scf.se\/landsvag\/wp-json\/wp\/v2\/tags?post=4479"}],"curies":[{"name":"wp","href":"https:\/\/api.w.org\/{rel}","templated":true}]}}