
{"id":4473,"date":"2023-09-11T08:40:32","date_gmt":"2023-09-11T06:40:32","guid":{"rendered":"http:\/\/scf.se\/landsvag\/?p=4473"},"modified":"2023-09-11T09:24:51","modified_gmt":"2023-09-11T07:24:51","slug":"teodor-de-luca-tog-chansen-i-gp-ruebliland-sexa-i-ungdomstavling","status":"publish","type":"post","link":"https:\/\/scf.se\/landsvag\/teodor-de-luca-tog-chansen-i-gp-ruebliland-sexa-i-ungdomstavling\/","title":{"rendered":"Teodor de Luca tog chansen i GP R\u00fcebliland \u2013 sexa i ungdomst\u00e4vling"},"content":{"rendered":"<p><strong>GP R\u00fcebliland i Schweiz var ett tufft etapplopp f\u00f6r herrjuniorerna. Det svenska laget tappade Ville Merl\u00f6v (yr efter krasch), Paul Greijus (f\u00f6rkyld) och Gustav Magnusson (krasch) innan den avslutande etappen. <\/strong><strong>Teodor de Luca fick chansen sent och tog tillvara p\u00e5 den genom att sluta p\u00e5 en fin femtondeplats i totalen och sexa i ungdomst\u00e4vlingen. \u00c4ven den andre fullf\u00f6ljande svensken, Linus Larsson, k\u00f6rde bra. (Uppdaterad version m\u00e5ndag 8.40.)\u00a0<\/strong><\/p>\n<p>N\u00e4r etapploppet startade p\u00e5 fredagen var det liksom i delar av Sverige en riktigt varm septemberdag i lilla Vordemwald som ligger i den schweiziska kantonen Aargau.<\/p>\n<a href=\"https:\/\/scf.se\/landsvag\/wp-content\/uploads\/sites\/5\/2023\/09\/Junior-lagbild.jpg\"><img loading=\"lazy\" decoding=\"async\" class=\"alignnone size-full wp-image-4475\" src=\"https:\/\/scf.se\/landsvag\/wp-content\/uploads\/sites\/5\/2023\/09\/Junior-lagbild.jpg\" alt=\"\" width=\"1134\" height=\"825\" srcset=\"https:\/\/scf.se\/landsvag\/wp-content\/uploads\/sites\/5\/2023\/09\/Junior-lagbild.jpg 1134w, https:\/\/scf.se\/landsvag\/wp-content\/uploads\/sites\/5\/2023\/09\/Junior-lagbild-300x218.jpg 300w, https:\/\/scf.se\/landsvag\/wp-content\/uploads\/sites\/5\/2023\/09\/Junior-lagbild-1024x745.jpg 1024w, https:\/\/scf.se\/landsvag\/wp-content\/uploads\/sites\/5\/2023\/09\/Junior-lagbild-768x559.jpg 768w\" sizes=\"auto, (max-width: 1134px) 100vw, 1134px\" \/><\/a>\n<blockquote><p>&#8221;Upp\u00e5t 32 grader varmt. Det gillar vi ledare, de flesta cyklisterna tycker att det \u00e4r lite varmt \u2013 men det \u00e4r lika f\u00f6r alla&#8221;, s\u00e4ger f\u00f6rbundskaptenen Lucas Persson.<\/p><\/blockquote>\n<p>Just innan avf\u00e4rd blev Gabriel Kihl fr\u00e5n Borl\u00e4nge CK sjuk. CK Ringens Teodor de Luca, som har t\u00e4vlat lite internationellt med Team Svealand den h\u00e4r s\u00e4songen, hoppade in i ett lag med i \u00f6vrigt Ville Merl\u00f6v, Paul Greijus, Alfred Oldin, Gustav Magnusson och Linus Larsson.<\/p>\n<p>Efter 40 kilometer vurpade Merl\u00f6v i svenska m\u00e4startr\u00f6jan f\u00f6r juniorer.<\/p>\n<blockquote><p>&#8221;Otur f\u00f6r laget. Han skrapade sig r\u00e4tt illa, cykeln fick en sm\u00e4ll och han k\u00e4nde sig framf\u00f6r allt lite yr och valde d\u00e4rf\u00f6r att kliva av loppet d\u00e4r. Fem cyklister kvar och fyra av dem kunde ta sig i m\u00e5l med den stora huvudklungan, f\u00f6rklarar Lucas Persson.<\/p><\/blockquote>\n<p>Gustav Magnusson hamnade till sist i en liten tredjegrupp dryga fyra minuter fr\u00e5n t\u00e4t . Klungan med de fyra svenskarna passerade trekilometersskylten med med en mindre grupp tio sekunder framf\u00f6r. Det blev precis samlat i m\u00e5l.<\/p>\n<h3><strong>GP R\u00fcebliland etapp 1<\/strong><\/h3>\n<ul>\n<li>1 <strong>Jed Smithson<\/strong>, Storbritannien 1.56.21<\/li>\n<li>17 <strong>Linus Larsson,<\/strong> Sverige +0<\/li>\n<li>37 <strong>Teodor de Luca<\/strong>, Sverige +0<\/li>\n<li>56<strong> Alfred Oldin<\/strong>, Sverige +0<\/li>\n<li>63<strong> Paul Greijus<\/strong>, Sverige +0<\/li>\n<li>123<strong> Gustav Magnusson<\/strong>, Sverige +4.19<\/li>\n<\/ul>\n<h3>* * *<\/h3>\n<a href=\"https:\/\/scf.se\/landsvag\/wp-content\/uploads\/sites\/5\/2023\/09\/Kvartett.jpg\"><img loading=\"lazy\" decoding=\"async\" class=\"alignnone size-full wp-image-4491\" src=\"https:\/\/scf.se\/landsvag\/wp-content\/uploads\/sites\/5\/2023\/09\/Kvartett.jpg\" alt=\"\" width=\"2300\" height=\"1495\" srcset=\"https:\/\/scf.se\/landsvag\/wp-content\/uploads\/sites\/5\/2023\/09\/Kvartett.jpg 2300w, https:\/\/scf.se\/landsvag\/wp-content\/uploads\/sites\/5\/2023\/09\/Kvartett-300x195.jpg 300w, https:\/\/scf.se\/landsvag\/wp-content\/uploads\/sites\/5\/2023\/09\/Kvartett-1024x666.jpg 1024w, https:\/\/scf.se\/landsvag\/wp-content\/uploads\/sites\/5\/2023\/09\/Kvartett-768x499.jpg 768w, https:\/\/scf.se\/landsvag\/wp-content\/uploads\/sites\/5\/2023\/09\/Kvartett-1536x998.jpg 1536w, https:\/\/scf.se\/landsvag\/wp-content\/uploads\/sites\/5\/2023\/09\/Kvartett-2048x1331.jpg 2048w\" sizes=\"auto, (max-width: 2300px) 100vw, 2300px\" \/><\/a>\n<p>Dubbeletapp p\u00e5 menyn andra dagen, b\u00e5da med start och m\u00e5l i M\u00f6hlin. Fyra svenska cyklister kvar. F\u00f6rst 67 kilometer linjelopp. Det svenska laget var aktivt med exempelvis Gustav Magnusson i utbrytning och s\u00e5 ett uppdrag f\u00f6r spurtaren Linus Larsson mot slutet.<\/p>\n<blockquote><p>&#8221;De gjorde det bra p\u00e5 etappen. uppdraget kom lite f\u00f6r tidigt men en tiondeplats \u00e4r vi n\u00f6jda med&#8221;, s\u00e4ger f\u00f6rbundskaptenen Lucas Persson.<\/p><\/blockquote>\n<h3><strong>GP R\u00fcebliland etapp 2a<\/strong><\/h3>\n<ul>\n<li>1 <strong>Krystof Kral<\/strong>, Tjeckien +1.31.20<\/li>\n<li>10 <strong>Linus Larsson,<\/strong> Sverige +0<\/li>\n<li>52<strong> Alfred Oldin<\/strong>, Sverige +0<\/li>\n<li>55 <strong>Teodor de Luca<\/strong>, Sverige +0<\/li>\n<li>65<strong> Gustav Magnusson<\/strong>, Sverige +0<\/li>\n<li>DNS<strong> Paul Greijus<\/strong>, Sverige<\/li>\n<\/ul>\n<p>Etapp 2b var kortare, dryga fyra mil, och intensiv cykel\u00e5kning med en medelhastighet p\u00e5 n\u00e4stan 45 kilometer i timmen. Vid en stor krasch, d\u00e4r Gustav Magnusson r\u00e5kade mest illa ut, var alla utom Teodor de Luca indragna.<\/p>\n<p>Det var ocks\u00e5 Teodor de Luca som var b\u00e4st p\u00e5 etappen. B\u00e5de han och Linus Larsson finns med skapligt tidsm\u00e4ssigt i totalen och ungdomst\u00e4vlingen eftersom den sistn\u00e4mnde k\u00e4mpade sig tillbaka under minuten.<\/p>\n<h3><strong>GP R\u00fcebliland etapp 2b<\/strong><\/h3>\n<ul>\n<li>1 <strong>Theodor Storm<\/strong>, Danmark +0.57.04<\/li>\n<li>14 <strong>Teodor de Luca<\/strong>, Sverige +0<\/li>\n<li>102 <strong>Linus Larsson,<\/strong> Sverige +0.43<\/li>\n<li>52<strong> Alfred Oldin<\/strong>, Sverige +5.10<\/li>\n<li>DNF <strong>Gustav Magnusson<\/strong>, Sverige +0<\/li>\n<\/ul>\n<p><a href=\"https:\/\/www.procyclingstats.com\/race\/grand-prix-ruebliland\/2023\/stage-1\"><em><strong>Alla resultat fr\u00e5n GP R\u00fcebliland inklusive totalst\u00e4llning och ungdomst\u00e4vlingen f\u00f6r f\u00f6rsta\u00e5rsjuniorerna h\u00e4r!<\/strong><\/em><\/a><\/p>\n<p>F\u00f6r Gustav Magnusson blev det en tur till sjukhus men Lucas Persson hade vid sin rapportering p\u00e5 l\u00f6rdagskv\u00e4llen positiva uppgifter d\u00e4rifr\u00e5n.<\/p>\n<h3>* * *<\/h3>\n<p>Sista etappen k\u00f6rs p\u00e5 s\u00f6ndagen \u00f6ver 108 kilometer med start och m\u00e5l i Altishofen. Allra viktigast att Gustav Magnusson m\u00e5dde bra efter omst\u00e4ndigheterna efter att ha f\u00e5tt ett h\u00e5rt slag mot br\u00f6stet i en krasch. L\u00e4karna vill ha koll p\u00e5 honom \u00f6ver natten, men allt s\u00e5g bra ut, rapporterar f\u00f6rbundskaptenen Lucas Persson.<\/p>\n<p>Det var endast tre svenska cyklister till start, varav de b\u00e4gge f\u00f6rsta\u00e5rsjuniorerna Teodor de Luca och Linus Larsson har r\u00e4tt bra kontakt med potentiella topplaceringar tidsm\u00e4ssigt.<\/p>\n<p>Teodor och Linus slet sig med i den fr\u00e4msta st\u00f6rre klungan i ett utdraget f\u00e4lt efter backarna och fanns med och k\u00f6rde om sjundeplatsen.<\/p>\n<blockquote><p>&#8221;Det var tr\u00f6tta ben men de f\u00f6rs\u00f6kte och gjorde det bra med en 15:e och 17:e plats p\u00e5 etappen. Ett fint genomf\u00f6rt etapplopp av b\u00e5de Teodor och Linus&#8221;, s\u00e4ger Lucas Persson.<\/p><\/blockquote>\n<p>Alfred Oldin fick strul med cykeln, fick k\u00f6ra p\u00e5 en reservcykel, fick tillbaka sin egen \u2013 men hade du kommit s\u00e5 pass d\u00e5ligt l\u00e4ge att han tillh\u00f6rde ett r\u00e4tt stort g\u00e4ng som blev avplockade.<\/p>\n<h3><strong>GP R\u00fcebliland etapp 3<\/strong><\/h3>\n<ul>\n<li>1 <strong>Leo Bisiaux<\/strong>, Frankrike 2:51:43<\/li>\n<li>2 <strong>Theodor August Clemmesen<\/strong>, Danmark +1.05<\/li>\n<li>3 <strong>Theodor Storm<\/strong>, Danmark +1.05<\/li>\n<li>15 <strong>Teodor de Luca<\/strong>, Sverige +0<\/li>\n<li>17 <strong>Linus Larsson,<\/strong> Sverige +0.43<\/li>\n<li>DNF<strong> Alfred Oldin<\/strong>, Sverige<\/li>\n<\/ul>\n<h3>Totalst\u00e4llningen<\/h3>\n<ul>\n<li>1 <strong>Leo Bisiaux<\/strong>, Frankrike<\/li>\n<li>2 <strong>Theodor Storm<\/strong>, Danmark +1.06<\/li>\n<li>3 <strong>Ko Molenaar<\/strong>, Nederl\u00e4nderna +1.18<\/li>\n<li>15 <strong>Teodor de Luca<\/strong>, Sverige +3,12<\/li>\n<li>31<strong> Linus Larsson,<\/strong> Sverige +3.55<\/li>\n<\/ul>\n<h3>Ungdomst\u00e4vlingen (f\u00f6rsta\u00e5rsjuniorer)<\/h3>\n<ul>\n<li>1 <strong>Ko Molenaar<\/strong>, Nederl\u00e4nderna<\/li>\n<li>2 <strong>Kystof Kral,<\/strong> Tjeckien 1.42<\/li>\n<li>3<strong> Cedric Keppens<\/strong>, Belgien 1.51<\/li>\n<li>6 <strong>Teodor de Luca<\/strong>, Sverige +1,54<\/li>\n<li>14 <strong>Linus Larsson,<\/strong> Sverige +2.37<\/li>\n<\/ul>\n<p>Nu \u00e4r det mycket sjukdom och skador p\u00e5 juniorsidan inf\u00f6r EM-uttagningen som presenteras senast tisdag f\u00f6rmiddag.<\/p>\n<p><em>Text och foto: SCF<\/em><\/p>\n<hr \/>\n<p><em><strong>Svenska Cykelf\u00f6rbundet \u00e4r stolta \u00f6ver att presentera v\u00e5ra samarbetspartners. Tack vare dessa fantastiska f\u00f6retag kan v\u00e5ra cyklister oftare ta sig l\u00e4ngre ut i v\u00e4rlden.<\/strong><\/em><\/p>\n<h2><a href=\"https:\/\/scf.se\/forbundet\/sponsorer\/\"><img loading=\"lazy\" decoding=\"async\" class=\"alignnone size-full wp-image-3872\" src=\"https:\/\/scf.se\/landsvag\/wp-content\/uploads\/sites\/5\/2023\/02\/LiggandeBannerNyheterHemsida2023.png\" alt=\"\" width=\"1200\" height=\"200\" srcset=\"https:\/\/scf.se\/landsvag\/wp-content\/uploads\/sites\/5\/2023\/02\/LiggandeBannerNyheterHemsida2023.png 1200w, https:\/\/scf.se\/landsvag\/wp-content\/uploads\/sites\/5\/2023\/02\/LiggandeBannerNyheterHemsida2023-300x50.png 300w, https:\/\/scf.se\/landsvag\/wp-content\/uploads\/sites\/5\/2023\/02\/LiggandeBannerNyheterHemsida2023-1024x171.png 1024w, https:\/\/scf.se\/landsvag\/wp-content\/uploads\/sites\/5\/2023\/02\/LiggandeBannerNyheterHemsida2023-768x128.png 768w\" sizes=\"auto, (max-width: 1200px) 100vw, 1200px\" \/><\/a><\/h2>\n<ul>\n<li><strong>Etapp 3:<\/strong> K\u00f6rs s\u00f6ndag 10 september \u00f6ver 108 kilometer med start och m\u00e5l i Altishofen.<\/li>\n<\/ul>\n<p><em>Text och foto: SCF<\/em><\/p>\n<hr \/>\n<p><em><strong>Svenska Cykelf\u00f6rbundet \u00e4r stolta \u00f6ver att presentera v\u00e5ra samarbetspartners. Tack vare dessa fantastiska f\u00f6retag kan v\u00e5ra cyklister oftare ta sig l\u00e4ngre ut i v\u00e4rlden.<\/strong><\/em><\/p>\n<h2><a href=\"https:\/\/scf.se\/forbundet\/sponsorer\/\"><img loading=\"lazy\" decoding=\"async\" class=\"alignnone size-full wp-image-3872\" src=\"https:\/\/scf.se\/landsvag\/wp-content\/uploads\/sites\/5\/2023\/02\/LiggandeBannerNyheterHemsida2023.png\" alt=\"\" width=\"1200\" height=\"200\" srcset=\"https:\/\/scf.se\/landsvag\/wp-content\/uploads\/sites\/5\/2023\/02\/LiggandeBannerNyheterHemsida2023.png 1200w, https:\/\/scf.se\/landsvag\/wp-content\/uploads\/sites\/5\/2023\/02\/LiggandeBannerNyheterHemsida2023-300x50.png 300w, https:\/\/scf.se\/landsvag\/wp-content\/uploads\/sites\/5\/2023\/02\/LiggandeBannerNyheterHemsida2023-1024x171.png 1024w, https:\/\/scf.se\/landsvag\/wp-content\/uploads\/sites\/5\/2023\/02\/LiggandeBannerNyheterHemsida2023-768x128.png 768w\" sizes=\"auto, (max-width: 1200px) 100vw, 1200px\" \/><\/a><\/h2>\n","protected":false},"excerpt":{"rendered":"<p>GP R\u00fcebliland i Schweiz var ett tufft etapplopp f\u00f6r herrjuniorerna. Det svenska laget tappade Ville Merl\u00f6v (yr efter krasch), Paul Greijus (f\u00f6rkyld) och Gustav Magnusson (krasch) innan den avslutande etappen. Teodor de Luca fick chansen sent och tog tillvara p\u00e5 den genom att sluta p\u00e5 en fin femtondeplats i totalen och sexa i ungdomst\u00e4vlingen.<a href=\"https:\/\/scf.se\/landsvag\/teodor-de-luca-tog-chansen-i-gp-ruebliland-sexa-i-ungdomstavling\/\" class=\"news-card__more\"> &#8230;<\/a><\/p>\n","protected":false},"author":41,"featured_media":4475,"comment_status":"open","ping_status":"open","sticky":false,"template":"","format":"standard","meta":{"_acf_changed":false,"footnotes":""},"categories":[1],"tags":[],"class_list":["post-4473","post","type-post","status-publish","format-standard","hentry","category-landsvag"],"acf":[],"_links":{"self":[{"href":"https:\/\/scf.se\/landsvag\/wp-json\/wp\/v2\/posts\/4473","targetHints":{"allow":["GET"]}}],"collection":[{"href":"https:\/\/scf.se\/landsvag\/wp-json\/wp\/v2\/posts"}],"about":[{"href":"https:\/\/scf.se\/landsvag\/wp-json\/wp\/v2\/types\/post"}],"author":[{"embeddable":true,"href":"https:\/\/scf.se\/landsvag\/wp-json\/wp\/v2\/users\/41"}],"replies":[{"embeddable":true,"href":"https:\/\/scf.se\/landsvag\/wp-json\/wp\/v2\/comments?post=4473"}],"version-history":[{"count":0,"href":"https:\/\/scf.se\/landsvag\/wp-json\/wp\/v2\/posts\/4473\/revisions"}],"wp:featuredmedia":[{"embeddable":true,"href":"https:\/\/scf.se\/landsvag\/wp-json\/wp\/v2\/media\/4475"}],"wp:attachment":[{"href":"https:\/\/scf.se\/landsvag\/wp-json\/wp\/v2\/media?parent=4473"}],"wp:term":[{"taxonomy":"category","embeddable":true,"href":"https:\/\/scf.se\/landsvag\/wp-json\/wp\/v2\/categories?post=4473"},{"taxonomy":"post_tag","embeddable":true,"href":"https:\/\/scf.se\/landsvag\/wp-json\/wp\/v2\/tags?post=4473"}],"curies":[{"name":"wp","href":"https:\/\/api.w.org\/{rel}","templated":true}]}}