
{"id":4423,"date":"2023-09-03T07:45:39","date_gmt":"2023-09-03T05:45:39","guid":{"rendered":"http:\/\/scf.se\/landsvag\/?p=4423"},"modified":"2023-09-03T08:33:07","modified_gmt":"2023-09-03T06:33:07","slug":"soderqvist-vann-flanders-tomorrow-grym-laginsats-bakom-segern","status":"publish","type":"post","link":"https:\/\/scf.se\/landsvag\/soderqvist-vann-flanders-tomorrow-grym-laginsats-bakom-segern\/","title":{"rendered":"S\u00f6derqvist vann Flanders Tomorrow \u2013 grym laginsats bakom totalsegern"},"content":{"rendered":"<p><strong>Jakob S\u00f6derqvist och ett s\u00e5 starkt cyklande svenskt U23-landslag lyckades beh\u00e5lla ledartr\u00f6jan i Flanders Tomorrow Tour i Belgien \u2013 d\u00e4r det bland annat ingick utvecklingslag till World Tour-team. S\u00f6derqvist grundlade segern efter ett starkt tempolopp p\u00e5 l\u00f6rdagsf\u00f6rmiddagen och fick hj\u00e4lp av laget att h\u00e5lla ihop eftermiddagens avslutande etapp till en totalseger.<\/strong><\/p>\n<p>MTB-cyklisten Jakob S\u00f6derqvist har f\u00f6rst i \u00e5r b\u00f6rjat k\u00f6ra landsv\u00e4g p\u00e5 allvar och hade en etappseger innan i v\u00e5ras i Frankrike. D\u00e5 han han sjuk i bra l\u00e4ge \u00e4ven f\u00f6r en podieplats totalen. Men i V\u00e4stflandern h\u00f6ll det hela v\u00e4gen till totalseger f\u00f6r S\u00f6derqvist efter en helt fantastisk insats av Jakob och hela laget.<\/p>\n<a href=\"https:\/\/scf.se\/landsvag\/wp-content\/uploads\/sites\/5\/2023\/09\/JS2.jpg\"><img loading=\"lazy\" decoding=\"async\" class=\"alignnone size-full wp-image-4432\" src=\"https:\/\/scf.se\/landsvag\/wp-content\/uploads\/sites\/5\/2023\/09\/JS2.jpg\" alt=\"\" width=\"1170\" height=\"1171\" srcset=\"https:\/\/scf.se\/landsvag\/wp-content\/uploads\/sites\/5\/2023\/09\/JS2.jpg 1170w, https:\/\/scf.se\/landsvag\/wp-content\/uploads\/sites\/5\/2023\/09\/JS2-300x300.jpg 300w, https:\/\/scf.se\/landsvag\/wp-content\/uploads\/sites\/5\/2023\/09\/JS2-1024x1024.jpg 1024w, https:\/\/scf.se\/landsvag\/wp-content\/uploads\/sites\/5\/2023\/09\/JS2-150x150.jpg 150w, https:\/\/scf.se\/landsvag\/wp-content\/uploads\/sites\/5\/2023\/09\/JS2-768x769.jpg 768w\" sizes=\"auto, (max-width: 1170px) 100vw, 1170px\" \/><\/a>\n<p>Det var inte direkt n\u00e5gon sm\u00e4rtfri seger d\u00e5 S\u00f6derqvist bland annat var i backen p\u00e5 andra etappen och det nederl\u00e4ndska Metec Solarwatt och andra vassa lag gjorde allt f\u00f6r att det inte skulle bli svensk seger efter sista etappen.<\/p>\n<p>Det belgiska U23-etapploppet blev helt enkelt till en riktigt fin framg\u00e5ng f\u00f6r svensk cykel.<\/p>\n<blockquote><p>\u201dJa, vi k\u00f6rde j\u00e4vligt bra som lag rent ut sagt. Det kom iv\u00e4g en grupp med tv\u00e5 av de v\u00e4rsta konkurrenterna. Det kom ytterligare en attack. Men laget h\u00f6ll ihop det extremt bra och s\u00e5g till att det blev en klungspurt av det. D\u00e4rmed f\u00e5r Jakob g\u00e5 upp p\u00e5 podiet som vinnare. Grymt! Riktigt bra k\u00f6rt. Nu ser vi till att fira det h\u00e4r direkt &#8211; f\u00f6r tidigt i morgon och drar vi hem till Sverige igen\u201d, s\u00e4ger en mycket n\u00f6jd Alexander Wetterhall som \u00e4r assisterande f\u00f6rbundskapten p\u00e5 tidig l\u00f6rdagskv\u00e4ll.<\/p><\/blockquote>\n<a href=\"https:\/\/scf.se\/landsvag\/wp-content\/uploads\/sites\/5\/2023\/09\/JS3.jpg\"><img loading=\"lazy\" decoding=\"async\" class=\"alignnone size-full wp-image-4431\" src=\"https:\/\/scf.se\/landsvag\/wp-content\/uploads\/sites\/5\/2023\/09\/JS3.jpg\" alt=\"\" width=\"886\" height=\"767\" srcset=\"https:\/\/scf.se\/landsvag\/wp-content\/uploads\/sites\/5\/2023\/09\/JS3.jpg 886w, https:\/\/scf.se\/landsvag\/wp-content\/uploads\/sites\/5\/2023\/09\/JS3-300x260.jpg 300w, https:\/\/scf.se\/landsvag\/wp-content\/uploads\/sites\/5\/2023\/09\/JS3-768x665.jpg 768w\" sizes=\"auto, (max-width: 886px) 100vw, 886px\" \/><\/a>\n<p>Det var ett nytt stabilt tempolopp av Jakob S\u00f6derqvist, som i den disciplinen n\u00e4rmast \u00e4r nyb\u00f6rjare men imponerande redan stark, som grundade f\u00f6r totalsegern i Flanders Tomorrow tour efter att ha genomf\u00f6rt tempoloppet med en snitthastighet \u00f6ver 50 kilometer i timmen.<\/p>\n<p>VM-sjuan fr\u00e5n U23-tempot i Skottland slutade trea p\u00e5 etapp 3a. D\u00e4rmed toppade Jakob totalen med elva sekunder inf\u00f6r den avg\u00f6rande etappen. Det utdelades bonussekunder \u00e4ven ute p\u00e5 banan i linjeloppet s\u00e5 det kommer att kr\u00e4vas just en s\u00e5 gedigen laginsats f\u00f6r att f\u00f6rsvara ledningen efter en \u00e5terh\u00e4mtning med vila och kolhydratrik lunch p\u00e5 boendet.<\/p>\n<p>Edvin Lovidius jobbade h\u00e5rt f\u00f6r S\u00f6derqvist under etapploppet. Men det blev ocks\u00e5 en fin individuella placering d\u00e5 han var sexa p\u00e5 tempot; slutade tolva i sammandraget. \u00c4ven Hugo Lennartsson och Albin St\u00e5lberg var tidsm\u00e4ssigt bra med trots et uppoffrande jobb f\u00f6r laget. Carl Kagevi, som var p\u00e5 19:e plats inf\u00f6r avslutningen, br\u00f6t den sista etappen. Viktor Lychou fick kliva av p\u00e5 grund av f\u00f6rkylning efter f\u00f6rsta.<\/p>\n<p>I lagt\u00e4vlingen var det fyra lag som stod i s\u00e4rklass. Sveriges U23-landslag slutade tv\u00e5a d\u00e4r efter nederl\u00e4ndska Metec. I po\u00e4ngt\u00e4vlingen var Jakob S\u00f6derqvist sexa. MEN i kampen om totalsegern var det till sist inget snack. D\u00e4r var S\u00f6derqvist och det svenska laget helt enkelt starkast.<\/p>\n<a href=\"https:\/\/scf.se\/landsvag\/wp-content\/uploads\/sites\/5\/2023\/09\/JS5.jpg\"><img loading=\"lazy\" decoding=\"async\" class=\"alignnone size-full wp-image-4429\" src=\"https:\/\/scf.se\/landsvag\/wp-content\/uploads\/sites\/5\/2023\/09\/JS5.jpg\" alt=\"\" width=\"1198\" height=\"1280\" srcset=\"https:\/\/scf.se\/landsvag\/wp-content\/uploads\/sites\/5\/2023\/09\/JS5.jpg 1198w, https:\/\/scf.se\/landsvag\/wp-content\/uploads\/sites\/5\/2023\/09\/JS5-281x300.jpg 281w, https:\/\/scf.se\/landsvag\/wp-content\/uploads\/sites\/5\/2023\/09\/JS5-958x1024.jpg 958w, https:\/\/scf.se\/landsvag\/wp-content\/uploads\/sites\/5\/2023\/09\/JS5-768x821.jpg 768w\" sizes=\"auto, (max-width: 1198px) 100vw, 1198px\" \/><\/a>\n<h3>Etapp 3a tempo 13 kilometer<\/h3>\n<ul>\n<li>1 <strong>Axel van der Tuuk<\/strong>, Nederl\u00e4nderna<\/li>\n<li>2 <strong>Victor Vercouillie<\/strong>, Belgien +0.06<\/li>\n<li>3<strong> Jakob S\u00f6derqvist<\/strong>, Sverige +0.06<\/li>\n<li>6 <strong>Edvin Lovidius,<\/strong> Sverige +021<\/li>\n<li>17 <strong>Carl Kagevi,<\/strong> Sverige +0.36<\/li>\n<li>42 <strong>Hugo Lennartsson,<\/strong> Sverige +1.11<\/li>\n<li>53<strong> Albin St\u00e5lberg,<\/strong> Sverige +1.23<\/li>\n<\/ul>\n<h3>Etapp 3b linjelopp 125 kilometer<\/h3>\n<ul>\n<li>1 <strong>Leslie L\u00fchrs<\/strong>, Tyskland 2.43.17<\/li>\n<li>2<strong> Senne Hulsmans<\/strong>, Belgien +0<\/li>\n<li>3<strong> Romet Pajur,<\/strong> Finland +0<\/li>\n<li>26<strong> Jakob S\u00f6derqvist<\/strong>, Sverige +0<\/li>\n<li>59 <strong>Hugo Lennartsson,<\/strong> Sverige +0<\/li>\n<li>75 <strong>Edvin Lovidius,<\/strong> Sverige +0<\/li>\n<li>78<strong> Albin St\u00e5lberg,<\/strong> Sverige +0<\/li>\n<li><strong>Carl Kagevi,<\/strong> Sverige DNF<\/li>\n<\/ul>\n<a href=\"https:\/\/scf.se\/landsvag\/wp-content\/uploads\/sites\/5\/2023\/09\/JS4.jpg\"><img loading=\"lazy\" decoding=\"async\" class=\"alignnone size-full wp-image-4430\" src=\"https:\/\/scf.se\/landsvag\/wp-content\/uploads\/sites\/5\/2023\/09\/JS4.jpg\" alt=\"\" width=\"1392\" height=\"1468\" srcset=\"https:\/\/scf.se\/landsvag\/wp-content\/uploads\/sites\/5\/2023\/09\/JS4.jpg 1392w, https:\/\/scf.se\/landsvag\/wp-content\/uploads\/sites\/5\/2023\/09\/JS4-284x300.jpg 284w, https:\/\/scf.se\/landsvag\/wp-content\/uploads\/sites\/5\/2023\/09\/JS4-971x1024.jpg 971w, https:\/\/scf.se\/landsvag\/wp-content\/uploads\/sites\/5\/2023\/09\/JS4-768x810.jpg 768w\" sizes=\"auto, (max-width: 1392px) 100vw, 1392px\" \/><\/a>\n<h3><strong>Slutst\u00e4llning Flanders Tomorrow Tour\u00a0<\/strong><\/h3>\n<ul>\n<li>1<strong> Jakob S\u00f6derqvist<\/strong>, Sverige 9.45.37<\/li>\n<li>2 <strong>Tibor del Grosso<\/strong>, Metec Solarwatt +0.08<\/li>\n<li>3\u00a0<strong>Axel van der Tuuk<\/strong>, Metec Solarwatt +0.14<\/li>\n<li>12<strong> Edvin Lovidius,<\/strong> Sverige +0.36<\/li>\n<li>45 <strong>Hugo Lennartsson,<\/strong> Sverige +1.26<\/li>\n<li>49<strong> Albin St\u00e5lberg,<\/strong> Sverige +1.38<\/li>\n<\/ul>\n<p><em>Text: Tomas Larsson\/SCF<\/em><br \/>\n<em>Foto: Svenska Cykelf\u00f6rbundet (fria f\u00f6r publicering, ange cred)<\/em><\/p>\n<hr \/>\n<p><em><strong>Svenska Cykelf\u00f6rbundet \u00e4r stolta \u00f6ver att presentera v\u00e5ra samarbetspartners. Tack vare dessa fantastiska f\u00f6retag kan v\u00e5ra cyklister oftare ta sig l\u00e4ngre ut i v\u00e4rlden.<\/strong><\/em><\/p>\n<h2><a href=\"https:\/\/scf.se\/forbundet\/sponsorer\/\"><img loading=\"lazy\" decoding=\"async\" class=\"alignnone size-full wp-image-3872\" src=\"https:\/\/scf.se\/landsvag\/wp-content\/uploads\/sites\/5\/2023\/02\/LiggandeBannerNyheterHemsida2023.png\" alt=\"\" width=\"1200\" height=\"200\" srcset=\"https:\/\/scf.se\/landsvag\/wp-content\/uploads\/sites\/5\/2023\/02\/LiggandeBannerNyheterHemsida2023.png 1200w, https:\/\/scf.se\/landsvag\/wp-content\/uploads\/sites\/5\/2023\/02\/LiggandeBannerNyheterHemsida2023-300x50.png 300w, https:\/\/scf.se\/landsvag\/wp-content\/uploads\/sites\/5\/2023\/02\/LiggandeBannerNyheterHemsida2023-1024x171.png 1024w, https:\/\/scf.se\/landsvag\/wp-content\/uploads\/sites\/5\/2023\/02\/LiggandeBannerNyheterHemsida2023-768x128.png 768w\" sizes=\"auto, (max-width: 1200px) 100vw, 1200px\" \/><\/a><\/h2>\n","protected":false},"excerpt":{"rendered":"<p>Jakob S\u00f6derqvist och ett s\u00e5 starkt cyklande svenskt U23-landslag lyckades beh\u00e5lla ledartr\u00f6jan i Flanders Tomorrow Tour i Belgien \u2013 d\u00e4r det bland annat ingick utvecklingslag till World Tour-team. S\u00f6derqvist grundlade segern efter ett starkt tempolopp p\u00e5 l\u00f6rdagsf\u00f6rmiddagen och fick hj\u00e4lp av laget att h\u00e5lla ihop eftermiddagens avslutande etapp till en totalseger. MTB-cyklisten Jakob S\u00f6derqvist<a href=\"https:\/\/scf.se\/landsvag\/soderqvist-vann-flanders-tomorrow-grym-laginsats-bakom-segern\/\" class=\"news-card__more\"> &#8230;<\/a><\/p>\n","protected":false},"author":41,"featured_media":4428,"comment_status":"open","ping_status":"open","sticky":false,"template":"","format":"standard","meta":{"_acf_changed":false,"footnotes":""},"categories":[1],"tags":[],"class_list":["post-4423","post","type-post","status-publish","format-standard","hentry","category-landsvag"],"acf":[],"_links":{"self":[{"href":"https:\/\/scf.se\/landsvag\/wp-json\/wp\/v2\/posts\/4423","targetHints":{"allow":["GET"]}}],"collection":[{"href":"https:\/\/scf.se\/landsvag\/wp-json\/wp\/v2\/posts"}],"about":[{"href":"https:\/\/scf.se\/landsvag\/wp-json\/wp\/v2\/types\/post"}],"author":[{"embeddable":true,"href":"https:\/\/scf.se\/landsvag\/wp-json\/wp\/v2\/users\/41"}],"replies":[{"embeddable":true,"href":"https:\/\/scf.se\/landsvag\/wp-json\/wp\/v2\/comments?post=4423"}],"version-history":[{"count":0,"href":"https:\/\/scf.se\/landsvag\/wp-json\/wp\/v2\/posts\/4423\/revisions"}],"wp:featuredmedia":[{"embeddable":true,"href":"https:\/\/scf.se\/landsvag\/wp-json\/wp\/v2\/media\/4428"}],"wp:attachment":[{"href":"https:\/\/scf.se\/landsvag\/wp-json\/wp\/v2\/media?parent=4423"}],"wp:term":[{"taxonomy":"category","embeddable":true,"href":"https:\/\/scf.se\/landsvag\/wp-json\/wp\/v2\/categories?post=4423"},{"taxonomy":"post_tag","embeddable":true,"href":"https:\/\/scf.se\/landsvag\/wp-json\/wp\/v2\/tags?post=4423"}],"curies":[{"name":"wp","href":"https:\/\/api.w.org\/{rel}","templated":true}]}}