
{"id":4413,"date":"2023-09-01T19:01:59","date_gmt":"2023-09-01T17:01:59","guid":{"rendered":"http:\/\/scf.se\/landsvag\/?p=4413"},"modified":"2023-09-03T08:07:03","modified_gmt":"2023-09-03T06:07:03","slug":"grym-laginsats-nar-soderqvist-ar-med-i-matchen-om-totalen-trots-vurpa","status":"publish","type":"post","link":"https:\/\/scf.se\/landsvag\/grym-laginsats-nar-soderqvist-ar-med-i-matchen-om-totalen-trots-vurpa\/","title":{"rendered":"Jakob S\u00f6derqvist \u00e4r med i matchen om ledartr\u00f6ja i Belgien trots krasch"},"content":{"rendered":"<p><strong>Jakob S\u00f6derqvist vurpade p\u00e5 andra etappen men k\u00f6rde liksom hela det svenska laget s\u00e5 STARKT. S\u00f6derqvist \u00e4r femma i totalen med blott fyra sekunder till t\u00e4ten. D\u00e5 ing\u00e5r det ett intressant tempolopp under avslutningsdagen. Slagl\u00e4ge f\u00f6r en bra placering efter l\u00f6rdagens inledande TT \u00e4ven f\u00f6r Edvin Lovidius, Albin St\u00e5lberg, Hugo Lennartsson och Carl Kagevi som alla \u00e4r 25 sekunder fr\u00e5n t\u00e4t.<\/strong><\/p>\n<p>Efter ungef\u00e4r halva etappen p\u00e5 n\u00e4stan 16 mil blev det stor aktivitet i det svenska laget. Edvin Lovidius och Hugo Lennartsson satte f\u00e4rg p\u00e5 loppet och Jakob S\u00f6derqvist kunde ta emot hj\u00e4lpen fr\u00e5n sina lagkamrater genom att sno \u00e5t sig superviktiga bonussekunder.<\/p>\n<blockquote><p>&#8221;Ja, Edvin s\u00e4tter j\u00e4ttefart just innan ett bergspris med bonussekunder med Jakob p\u00e5 hjul. N\u00e4r Edvin \u00e4r klar med sin f\u00f6rning attackerar Jakob och tar hand om bonussekunderna. Snyggt k\u00f6rt&#8221;, s\u00e4ger Wetterhall.<\/p><\/blockquote>\n<p>Jakob k\u00f6rde p\u00e5 efter den rejden och hamnade som ensam svensk i en t\u00e4tgrupp med 20 cyklister. D\u00e5 gick S\u00f6derqvist lite f\u00f6r h\u00e5rt in i en kurva och k\u00f6rde in i framf\u00f6rvarande cyklist och vurpade. D\u00e5 s\u00e5g hela laget till att hj\u00e4lpa honom tillbaka in i matchen om totalsegern.<\/p>\n<blockquote><p>&#8221;Ja, f\u00f6rst till huvudklungan. Men gruppen framf\u00f6r fanns fortfarande kvar och den var runt 20 sekunder f\u00f6re. D\u00e5 s\u00e4tter sig hela laget och k\u00f6r in den f\u00f6r att Jakob ska f\u00e5 samma tid som segraren. Laget k\u00f6rde fantastiskt bra under andra halvan. Riktigt j\u00e4kla bra&#8221;, s\u00e4ger Wetterhall.<\/p><\/blockquote>\n<h3>Andra etappen i Flanders Tomorrow<\/h3>\n<ul>\n<li>1 <strong>Alessio delle Vedove,<\/strong> Italien 3.35.39<\/li>\n<li>2<strong> Warre Vangheluwe<\/strong>, Belgien +0<\/li>\n<li>3<strong> Axel Huens,<\/strong> Frankrike +0<\/li>\n<li>31<strong>\u00a0Jakob S\u00f6derqvist<\/strong>, Sverige +0<\/li>\n<li>44<strong> Albin St\u00e5lberg,<\/strong> Sverige +0<\/li>\n<li>56<strong> Edvin Lovidius,<\/strong> Sverige +0<\/li>\n<li>66<strong> Carl Kagevi,<\/strong> Sverige +0<\/li>\n<li>67<strong> Hugo Lennartsson,<\/strong> Sverige +0<\/li>\n<li><strong>Viktor Lychou,<\/strong> Sverige DNS (f\u00f6rkyld)<\/li>\n<\/ul>\n<h3>Totalst\u00e4llningen efter tv\u00e5 etapper<\/h3>\n<ul>\n<li>1 <strong>Mathis Avondts<\/strong>, Belgien<\/li>\n<li>2<strong> Gust Lootens<\/strong>, Belgien +0.02<\/li>\n<li>3<strong> Axel K\u00e4llberg,<\/strong> Finland 0.03<\/li>\n<li>5<strong> Jakob S\u00f6derqvist<\/strong>, Sverige +0.04<\/li>\n<li>35<strong> Edvin Lovidius,<\/strong> Sverige +0.25<\/li>\n<li>48<strong> Albin St\u00e5lberg,<\/strong> Sverige +0.25<\/li>\n<li>59 <strong>Hugo Lennartsson,<\/strong> Sverige +0.25<\/li>\n<li>62 <strong>Carl Kagevi,<\/strong> Sverige +0.25<\/li>\n<\/ul>\n<p><a href=\"https:\/\/www.procyclingstats.com\/race\/flanders-tomorrow-tour\/2023\/stage-2-gc\"><strong><em>Alla resultat i det belgiska etapploppet hittar ni h\u00e4r!<\/em><\/strong><\/a><\/p>\n<p>Det belgiska U23-etapploppet avslutas med en dubbeletapp. L\u00f6rdagen\u00a0inneh\u00e5ller b\u00e5de ett tempolopp mellan Koksijde och Wulpen samt ett linjelopp \u00f6ver 125 kilometer med m\u00e5lg\u00e5ng i Handzame.<\/p>\n<blockquote><p>&#8221;Vi har slagl\u00e4ge inf\u00f6r l\u00f6rdagen d\u00e5 alla killarna verkligen har visat att de vill vara med och t\u00e4vla hela v\u00e4gen i det h\u00e4r etapploppet. Jakob S\u00f6derqvist verkar bara ha f\u00e5tt lite ytliga skraps\u00e5r s\u00e5 vi r\u00e4knar med att han \u00e4r med och k\u00f6r f\u00f6r fullt p\u00e5 tempoloppet&#8221;, s\u00e4ger Alexander Wetterhall.<\/p><\/blockquote>\n<p>S\u00f6derqvist har gjort tv\u00e5 riktiga tempolopp som seniorcyklist. F\u00f6rst kom han tv\u00e5a p\u00e5 SM i sekundstrid med EM-elvan Jacob Ahlsson. Sedan blev Jakob sjua p\u00e5 U23-VM i Skottland p\u00e5 en l\u00e5nad tempohoj. Men det finns givetvis ocks\u00e5 utrymme f\u00f6r vem som helst av de andra att avancera REJ\u00c4LT i sammandraget med ett bra tempolopp d\u00e5 det bara skiljer 25 sekunder till t\u00e4ten. Intressant var ordet!<\/p>\n<p><em>Text och arkivbild: SCF\u00a0<\/em><\/p>\n<hr \/>\n<p><em><strong>Svenska Cykelf\u00f6rbundet \u00e4r stolta \u00f6ver att presentera v\u00e5ra samarbetspartners. Tack vare dessa fantastiska f\u00f6retag kan v\u00e5ra cyklister oftare ta sig l\u00e4ngre ut i v\u00e4rlden.<\/strong><\/em><\/p>\n<h2><a href=\"https:\/\/scf.se\/forbundet\/sponsorer\/\"><img loading=\"lazy\" decoding=\"async\" class=\"alignnone size-full wp-image-3872\" src=\"https:\/\/scf.se\/landsvag\/wp-content\/uploads\/sites\/5\/2023\/02\/LiggandeBannerNyheterHemsida2023.png\" alt=\"\" width=\"1200\" height=\"200\" srcset=\"https:\/\/scf.se\/landsvag\/wp-content\/uploads\/sites\/5\/2023\/02\/LiggandeBannerNyheterHemsida2023.png 1200w, https:\/\/scf.se\/landsvag\/wp-content\/uploads\/sites\/5\/2023\/02\/LiggandeBannerNyheterHemsida2023-300x50.png 300w, https:\/\/scf.se\/landsvag\/wp-content\/uploads\/sites\/5\/2023\/02\/LiggandeBannerNyheterHemsida2023-1024x171.png 1024w, https:\/\/scf.se\/landsvag\/wp-content\/uploads\/sites\/5\/2023\/02\/LiggandeBannerNyheterHemsida2023-768x128.png 768w\" sizes=\"auto, (max-width: 1200px) 100vw, 1200px\" \/><\/a><\/h2>\n","protected":false},"excerpt":{"rendered":"<p>Jakob S\u00f6derqvist vurpade p\u00e5 andra etappen men k\u00f6rde liksom hela det svenska laget s\u00e5 STARKT. S\u00f6derqvist \u00e4r femma i totalen med blott fyra sekunder till t\u00e4ten. D\u00e5 ing\u00e5r det ett intressant tempolopp under avslutningsdagen. Slagl\u00e4ge f\u00f6r en bra placering efter l\u00f6rdagens inledande TT \u00e4ven f\u00f6r Edvin Lovidius, Albin St\u00e5lberg, Hugo Lennartsson och Carl Kagevi<a href=\"https:\/\/scf.se\/landsvag\/grym-laginsats-nar-soderqvist-ar-med-i-matchen-om-totalen-trots-vurpa\/\" class=\"news-card__more\"> &#8230;<\/a><\/p>\n","protected":false},"author":41,"featured_media":4104,"comment_status":"open","ping_status":"open","sticky":false,"template":"","format":"standard","meta":{"_acf_changed":false,"footnotes":""},"categories":[1],"tags":[],"class_list":["post-4413","post","type-post","status-publish","format-standard","hentry","category-landsvag"],"acf":[],"_links":{"self":[{"href":"https:\/\/scf.se\/landsvag\/wp-json\/wp\/v2\/posts\/4413","targetHints":{"allow":["GET"]}}],"collection":[{"href":"https:\/\/scf.se\/landsvag\/wp-json\/wp\/v2\/posts"}],"about":[{"href":"https:\/\/scf.se\/landsvag\/wp-json\/wp\/v2\/types\/post"}],"author":[{"embeddable":true,"href":"https:\/\/scf.se\/landsvag\/wp-json\/wp\/v2\/users\/41"}],"replies":[{"embeddable":true,"href":"https:\/\/scf.se\/landsvag\/wp-json\/wp\/v2\/comments?post=4413"}],"version-history":[{"count":0,"href":"https:\/\/scf.se\/landsvag\/wp-json\/wp\/v2\/posts\/4413\/revisions"}],"wp:featuredmedia":[{"embeddable":true,"href":"https:\/\/scf.se\/landsvag\/wp-json\/wp\/v2\/media\/4104"}],"wp:attachment":[{"href":"https:\/\/scf.se\/landsvag\/wp-json\/wp\/v2\/media?parent=4413"}],"wp:term":[{"taxonomy":"category","embeddable":true,"href":"https:\/\/scf.se\/landsvag\/wp-json\/wp\/v2\/categories?post=4413"},{"taxonomy":"post_tag","embeddable":true,"href":"https:\/\/scf.se\/landsvag\/wp-json\/wp\/v2\/tags?post=4413"}],"curies":[{"name":"wp","href":"https:\/\/api.w.org\/{rel}","templated":true}]}}