
{"id":4391,"date":"2023-09-01T08:37:08","date_gmt":"2023-09-01T06:37:08","guid":{"rendered":"http:\/\/scf.se\/landsvag\/?p=4391"},"modified":"2023-09-01T18:22:19","modified_gmt":"2023-09-01T16:22:19","slug":"jakob-soderqvist-blev-fyra-pa-forsta-etappen-i-flandern-fin-svensk-start","status":"publish","type":"post","link":"https:\/\/scf.se\/landsvag\/jakob-soderqvist-blev-fyra-pa-forsta-etappen-i-flandern-fin-svensk-start\/","title":{"rendered":"Jakob S\u00f6derqvist blev fyra p\u00e5 f\u00f6rsta etappen i Flandern \u2013 fin svensk start"},"content":{"rendered":"<p><strong>Flanders Tomorrow Tour \u00e4r ett belgiskt U23-etapplopp med UCI 2.2-status. Det svenska U23-landslaget var bra med i tuff konkurrens p\u00e5 f\u00f6rsta etappen \u00f6ver 14 mil med start och m\u00e5l i <span class=\"red\">Nieuwpoort. Jakob S\u00f6derqvist slutade fin fyra p\u00e5 etappen och det var en gedigen svensk laginsats, trots ett par vurpor.\u00a0<\/span><\/strong><\/p>\n<p>Niklas Behrens fr\u00e5n tyska Storck &#8211; Metropol vann etappen och vi kan notera att det var finl\u00e4ndskt p\u00e5 tredjeplatsen i form av Axel K\u00e4llberg.<\/p>\n<p>Jakob S\u00f6derqvist var fyra och missade d\u00e4rmed bonussekunder som \u00e4ven delades ut vid spurtpriser p\u00e5 banan s\u00e5 han \u00e4r sjua i totalen. Men han \u00e4r i h\u00f6gsta grad med i matchen och i detta dribbel \u00e4nd\u00e5 fyra i po\u00e4ngt\u00e4vlingen.<\/p>\n<p>S\u00f6derqvist har f\u00e5tt r\u00e4tt stor uppm\u00e4rksamhet denna s\u00e4song d\u00e5 MTB-cyklisten har b\u00f6rjat k\u00f6ra landsv\u00e4g p\u00e5 allvar. De tv\u00e5 topparna \u00e4r en etappseger i Frankrike och\u00a0 nu senast sjundeplatsen p\u00e5 U23-VM i tempo.<\/p>\n<p>Gl\u00e4djande nog fanns hela resterande svenska laget med i den stora huvudklunga som anl\u00e4nde till m\u00e5let bara 19 sekunder efter vinnaren. L\u00e5ngt framme d\u00e4r var Edvin Lovidius.<\/p>\n<p>Sedan droppade i tur och ordning Albin St\u00e5lberg, Viktor Lychou, Hugo Lennartsson och Carl Kagevi in. F\u00f6r Lychou och Kagevi \u00e4r d\u00e4rmed ocks\u00e5 debuten i U23-landslaget avklarad p\u00e5 ett stabilt s\u00e4tt.<\/p>\n<h3>F\u00f6rsta etappen i Flanders Tomorrow<\/h3>\n<ul>\n<li>1 <strong>Niklas Behrens,<\/strong> Tyskland 3.11.40<\/li>\n<li>2<strong> Mathis Avondts<\/strong>, Belgien +0<\/li>\n<li>3<strong> Axel K\u00e4llberg,<\/strong> Finland +0.01<\/li>\n<li>4<strong> Jakob S\u00f6derqvist<\/strong>, Sverige\u00a0+0.01<\/li>\n<li>22<strong> Edvin Lovidius,<\/strong> Sverige +0.19<\/li>\n<li>53<strong> Albin St\u00e5lberg,<\/strong> Sverige +0.19<\/li>\n<li>54 <strong>Viktor Lychou,<\/strong> Sverige +0.19<\/li>\n<li>55 <strong>Hugo Lennartsson,<\/strong> Sverige +0.19<\/li>\n<li>72 <strong>Carl Kagevi,<\/strong> Sverige +0.19<\/li>\n<\/ul>\n<p><a href=\"https:\/\/www.procyclingstats.com\/race\/flanders-tomorrow-tour\/2023\/stage-1\"><strong><em>Alla resultat i etapploppet hittar ni h\u00e4r!<\/em><\/strong><\/a><\/p>\n<p>Svenska U23-laget ligger sexa i lagt\u00e4vlingen efter f\u00f6rsta etappen i konkurrens flera utvecklingslag till World tour-team och bara tv\u00e5 landslag i form av Sverige och USA.<\/p>\n<p>Det gick s\u00f6nder lite cyklar f\u00f6rsta dagen och p\u00e5 kv\u00e4llen s\u00e4ger Sverige f\u00f6rbundskapten Lucas Persson s\u00e4ger s\u00e5 fr\u00e5n h\u00e4r om f\u00f6rsta dagen i V\u00e4stflandern direkt fr\u00e5n cykelmeken:<\/p>\n<blockquote><p>&#8221;Det var en kanonetapp d\u00e4r Jakob kommer med i en grupp p\u00e5 slutet, k\u00f6r riktigt bra \u2013 och blir fyra. Vi hoppas att det blir \u00e4nnu b\u00e4ttre de kommande dagarna&#8230;&#8221;<\/p>\n<p>&#8221;&#8230;killarna k\u00f6r bra \u00f6verlag. Edvin Lovidius vurpar i b\u00f6rjan, cykeln g\u00e5r s\u00f6nder och han g\u00f6r det bra p\u00e5 reservcykeln.&#8221;<\/p><\/blockquote>\n<p>Det var en h\u00e4ndelserik dag d\u00e4r de b\u00e4gge debutanterna visade god karakt\u00e4r n\u00e4r de kom tillbaka till huvudklungan.<\/p>\n<blockquote>\n<p style=\"text-align: left\">&#8221;Ja, Viktor Lychou vurpade och har lite kr\u00e4mpor men tog sig tillbaka till klungan. \u00c4ven\u00a0Carl Kagevi gjorde det bra med att till sist lyckas ansluta igen efter att en dubbelpunka skapade lite kaos&#8221;, s\u00e4ger Lucas Persson.<\/p>\n<\/blockquote>\n<p>I dag fredag g\u00e5r etapploppet vidare med en mastig etapp p\u00e5 159 kilometer med start och m\u00e5l i Poperinge.<\/p>\n<p>Text: Tomas Larsson\/SCF<br \/>\nArkivfoto: SCF<\/p>\n<hr \/>\n<p><em><strong>Svenska Cykelf\u00f6rbundet \u00e4r stolta \u00f6ver att presentera v\u00e5ra samarbetspartners. Tack vare dessa fantastiska f\u00f6retag kan v\u00e5ra cyklister oftare ta sig l\u00e4ngre ut i v\u00e4rlden.<\/strong><\/em><\/p>\n<h2><a href=\"https:\/\/scf.se\/forbundet\/sponsorer\/\"><img loading=\"lazy\" decoding=\"async\" class=\"alignnone size-full wp-image-3872\" src=\"https:\/\/scf.se\/landsvag\/wp-content\/uploads\/sites\/5\/2023\/02\/LiggandeBannerNyheterHemsida2023.png\" alt=\"\" width=\"1200\" height=\"200\" srcset=\"https:\/\/scf.se\/landsvag\/wp-content\/uploads\/sites\/5\/2023\/02\/LiggandeBannerNyheterHemsida2023.png 1200w, https:\/\/scf.se\/landsvag\/wp-content\/uploads\/sites\/5\/2023\/02\/LiggandeBannerNyheterHemsida2023-300x50.png 300w, https:\/\/scf.se\/landsvag\/wp-content\/uploads\/sites\/5\/2023\/02\/LiggandeBannerNyheterHemsida2023-1024x171.png 1024w, https:\/\/scf.se\/landsvag\/wp-content\/uploads\/sites\/5\/2023\/02\/LiggandeBannerNyheterHemsida2023-768x128.png 768w\" sizes=\"auto, (max-width: 1200px) 100vw, 1200px\" \/><\/a><\/h2>\n<p>&nbsp;<\/p>\n<h3><\/h3>\n<p>&nbsp;<\/p>\n<p>&nbsp;<\/p>\n","protected":false},"excerpt":{"rendered":"<p>Flanders Tomorrow Tour \u00e4r ett belgiskt U23-etapplopp med UCI 2.2-status. Det svenska U23-landslaget var bra med i tuff konkurrens p\u00e5 f\u00f6rsta etappen \u00f6ver 14 mil med start och m\u00e5l i Nieuwpoort. Jakob S\u00f6derqvist slutade fin fyra p\u00e5 etappen och det var en gedigen svensk laginsats, trots ett par vurpor.\u00a0 Niklas Behrens fr\u00e5n tyska Storck<a href=\"https:\/\/scf.se\/landsvag\/jakob-soderqvist-blev-fyra-pa-forsta-etappen-i-flandern-fin-svensk-start\/\" class=\"news-card__more\"> &#8230;<\/a><\/p>\n","protected":false},"author":41,"featured_media":4392,"comment_status":"open","ping_status":"open","sticky":false,"template":"","format":"standard","meta":{"_acf_changed":false,"footnotes":""},"categories":[1],"tags":[],"class_list":["post-4391","post","type-post","status-publish","format-standard","hentry","category-landsvag"],"acf":[],"_links":{"self":[{"href":"https:\/\/scf.se\/landsvag\/wp-json\/wp\/v2\/posts\/4391","targetHints":{"allow":["GET"]}}],"collection":[{"href":"https:\/\/scf.se\/landsvag\/wp-json\/wp\/v2\/posts"}],"about":[{"href":"https:\/\/scf.se\/landsvag\/wp-json\/wp\/v2\/types\/post"}],"author":[{"embeddable":true,"href":"https:\/\/scf.se\/landsvag\/wp-json\/wp\/v2\/users\/41"}],"replies":[{"embeddable":true,"href":"https:\/\/scf.se\/landsvag\/wp-json\/wp\/v2\/comments?post=4391"}],"version-history":[{"count":0,"href":"https:\/\/scf.se\/landsvag\/wp-json\/wp\/v2\/posts\/4391\/revisions"}],"wp:featuredmedia":[{"embeddable":true,"href":"https:\/\/scf.se\/landsvag\/wp-json\/wp\/v2\/media\/4392"}],"wp:attachment":[{"href":"https:\/\/scf.se\/landsvag\/wp-json\/wp\/v2\/media?parent=4391"}],"wp:term":[{"taxonomy":"category","embeddable":true,"href":"https:\/\/scf.se\/landsvag\/wp-json\/wp\/v2\/categories?post=4391"},{"taxonomy":"post_tag","embeddable":true,"href":"https:\/\/scf.se\/landsvag\/wp-json\/wp\/v2\/tags?post=4391"}],"curies":[{"name":"wp","href":"https:\/\/api.w.org\/{rel}","templated":true}]}}