
{"id":4389,"date":"2023-09-01T09:00:21","date_gmt":"2023-09-01T07:00:21","guid":{"rendered":"http:\/\/scf.se\/landsvag\/?p=4389"},"modified":"2023-09-01T18:20:42","modified_gmt":"2023-09-01T16:20:42","slug":"flera-formstarka-juniorer-finns-med-i-landslaget-som-kor-gp-rubliland","status":"publish","type":"post","link":"https:\/\/scf.se\/landsvag\/flera-formstarka-juniorer-finns-med-i-landslaget-som-kor-gp-rubliland\/","title":{"rendered":"Flera formstarka juniorer finns med i det landslag som k\u00f6r GP Rubliland"},"content":{"rendered":"<p><strong>GP Rubliland \u00e4r ett tufft etapplopp f\u00f6r herrjuniorerna som startar 8 september i Schweiz. F\u00f6rbundskaptenen Lucas Persson coachar laget p\u00e5 plats och har tagit ut f\u00f6ljande trupp d\u00e4r det finns flera cyklister som har visat god form senaste tiden.\u00a0<\/strong><\/p>\n<ul>\n<li><strong>Ville Merl\u00f6v<\/strong> \u00c5storps CK<\/li>\n<li><strong>Linus Larsson<\/strong> Staffanstorps CK<\/li>\n<li><strong>Gustav Magnusson<\/strong> J\u00f6nk\u00f6pings CK<\/li>\n<li><strong>Gabriel Kihl<\/strong> Borl\u00e4nge CK<\/li>\n<li><strong>Paul Greijus<\/strong> L\u00e4nna Sport CK<\/li>\n<li><strong>Alfred Oldin<\/strong> J\u00f6nk\u00f6pings CK<\/li>\n<\/ul>\n<p>S\u00e5 h\u00e4r i slutet av s\u00e4songen har det svenska juniorlandslaget en r\u00e4tt stor bredd p\u00e5 toppen. Regerande svenska juniorm\u00e4staren i linjelopp, Ville Merl\u00f6v, har kommit i g\u00e5ng med sin s\u00e4song och har vunnit i Danmark och flera av cyklisterna har k\u00f6rt bra internationellt i Team Svealand.<\/p>\n<p>Startf\u00e4ltet best\u00e5r av sex nationslag det svenska laget f\u00e5r m\u00f6ta Schweiz, Tyskland, Polen, \u00d6sterrike och Luxemburg. Sedan \u00e4r det en mix mellan U19-utvecklingslag till st\u00f6rre stall och klubblag.<\/p>\n<p>Det \u00e4r ett tufft lopp d\u00e5 juniorerna under den andra t\u00e4vlingsdagen ska avverka tv\u00e5 etapper och d\u00e4refter en r\u00e4tt l\u00e5ng tredje dagen efter.<\/p>\n<h3>GP Ruebliland 2023<\/h3>\n<ul>\n<li><strong>Etapp 1:<\/strong> K\u00f6rs 8 september \u00f6ver 87 kilometer med start och m\u00e5l i Vordemwald.<\/li>\n<li><strong>Etapp 2a och 2b:<\/strong> K\u00f6rs 9 september \u00f6ver 67 respektive 42 kilometer, b\u00e5da deletapperna har start och m\u00e5l i M\u00f6hlin.<\/li>\n<li><strong>Etapp 3:<\/strong> K\u00f6rs 10 september \u00f6ver 108 kilometer med start och m\u00e5l i Altishofen.<\/li>\n<\/ul>\n<p><em>Text och arkivbild: SCF<\/em><\/p>\n<hr \/>\n<p><em><strong>Svenska Cykelf\u00f6rbundet \u00e4r stolta \u00f6ver att presentera v\u00e5ra samarbetspartners. Tack vare dessa fantastiska f\u00f6retag kan v\u00e5ra cyklister oftare ta sig l\u00e4ngre ut i v\u00e4rlden.<\/strong><\/em><\/p>\n<h2><a href=\"https:\/\/scf.se\/forbundet\/sponsorer\/\"><img loading=\"lazy\" decoding=\"async\" class=\"alignnone size-full wp-image-3872\" src=\"https:\/\/scf.se\/landsvag\/wp-content\/uploads\/sites\/5\/2023\/02\/LiggandeBannerNyheterHemsida2023.png\" alt=\"\" width=\"1200\" height=\"200\" srcset=\"https:\/\/scf.se\/landsvag\/wp-content\/uploads\/sites\/5\/2023\/02\/LiggandeBannerNyheterHemsida2023.png 1200w, https:\/\/scf.se\/landsvag\/wp-content\/uploads\/sites\/5\/2023\/02\/LiggandeBannerNyheterHemsida2023-300x50.png 300w, https:\/\/scf.se\/landsvag\/wp-content\/uploads\/sites\/5\/2023\/02\/LiggandeBannerNyheterHemsida2023-1024x171.png 1024w, https:\/\/scf.se\/landsvag\/wp-content\/uploads\/sites\/5\/2023\/02\/LiggandeBannerNyheterHemsida2023-768x128.png 768w\" sizes=\"auto, (max-width: 1200px) 100vw, 1200px\" \/><\/a><\/h2>\n","protected":false},"excerpt":{"rendered":"<p>GP Rubliland \u00e4r ett tufft etapplopp f\u00f6r herrjuniorerna som startar 8 september i Schweiz. F\u00f6rbundskaptenen Lucas Persson coachar laget p\u00e5 plats och har tagit ut f\u00f6ljande trupp d\u00e4r det finns flera cyklister som har visat god form senaste tiden.\u00a0 Ville Merl\u00f6v \u00c5storps CK Linus Larsson Staffanstorps CK Gustav Magnusson J\u00f6nk\u00f6pings CK Gabriel Kihl Borl\u00e4nge<a href=\"https:\/\/scf.se\/landsvag\/flera-formstarka-juniorer-finns-med-i-landslaget-som-kor-gp-rubliland\/\" class=\"news-card__more\"> &#8230;<\/a><\/p>\n","protected":false},"author":41,"featured_media":4214,"comment_status":"open","ping_status":"open","sticky":false,"template":"","format":"standard","meta":{"_acf_changed":false,"footnotes":""},"categories":[1],"tags":[],"class_list":["post-4389","post","type-post","status-publish","format-standard","hentry","category-landsvag"],"acf":[],"_links":{"self":[{"href":"https:\/\/scf.se\/landsvag\/wp-json\/wp\/v2\/posts\/4389","targetHints":{"allow":["GET"]}}],"collection":[{"href":"https:\/\/scf.se\/landsvag\/wp-json\/wp\/v2\/posts"}],"about":[{"href":"https:\/\/scf.se\/landsvag\/wp-json\/wp\/v2\/types\/post"}],"author":[{"embeddable":true,"href":"https:\/\/scf.se\/landsvag\/wp-json\/wp\/v2\/users\/41"}],"replies":[{"embeddable":true,"href":"https:\/\/scf.se\/landsvag\/wp-json\/wp\/v2\/comments?post=4389"}],"version-history":[{"count":0,"href":"https:\/\/scf.se\/landsvag\/wp-json\/wp\/v2\/posts\/4389\/revisions"}],"wp:featuredmedia":[{"embeddable":true,"href":"https:\/\/scf.se\/landsvag\/wp-json\/wp\/v2\/media\/4214"}],"wp:attachment":[{"href":"https:\/\/scf.se\/landsvag\/wp-json\/wp\/v2\/media?parent=4389"}],"wp:term":[{"taxonomy":"category","embeddable":true,"href":"https:\/\/scf.se\/landsvag\/wp-json\/wp\/v2\/categories?post=4389"},{"taxonomy":"post_tag","embeddable":true,"href":"https:\/\/scf.se\/landsvag\/wp-json\/wp\/v2\/tags?post=4389"}],"curies":[{"name":"wp","href":"https:\/\/api.w.org\/{rel}","templated":true}]}}