
{"id":4357,"date":"2023-08-28T14:45:11","date_gmt":"2023-08-28T12:45:11","guid":{"rendered":"http:\/\/scf.se\/landsvag\/?p=4357"},"modified":"2023-08-28T14:49:46","modified_gmt":"2023-08-28T12:49:46","slug":"hymer-dominerade-pa-herrsidan-och-motala-i-damernas-swe-cup","status":"publish","type":"post","link":"https:\/\/scf.se\/landsvag\/hymer-dominerade-pa-herrsidan-och-motala-i-damernas-swe-cup\/","title":{"rendered":"Hymer dominerade p\u00e5 herrsidan och Motala i damernas SWE Cup"},"content":{"rendered":"<p><strong>Svanesunds tredagars avslutade \u00e5rets SWE Cup-s\u00e4song. Hugo Forssell segrade i herrelit d\u00e4r alla tre topplatserna gick till CK Hymer. Motalas Ebba Grankvist segrade i damklassen d\u00e4r Ella Wahlstr\u00f6m avancerade till andraplats och k\u00f6rde hem den vita juniortr\u00f6jan. Linus Larsson tog hem totalen i junior\/senior.<\/strong><\/p>\n<p>Tyv\u00e4rr intr\u00e4ffade en krasch i ganska h\u00f6g hastighet i herrelitklassen d\u00e4r Hymercyklisten Mathias Hj\u00e4rtstr\u00f6m r\u00e5kade mest illa ut. Det blev till sist helikopterh\u00e4mtning efter en ot\u00e4ck sm\u00e4ll i ansiktet, men f\u00f6rbundskaptenen Lucas Persson p\u00e5 plats fick \u00e4nd\u00e5 ganska snart lugnande besked. Loppet stoppades f\u00f6rst och till sist st\u00e4lldes sista etappen in f\u00f6r herrelit.<\/p>\n<p>Det var hela fyra etapper som skulle avverkas p\u00e5 tv\u00e5 dygn i och runt Svanesund. Totalen i Svanesund r\u00e4knades i sin tur in som sista delt\u00e4vlingen i SWE Cup. Det ingick ett tempolopp, s\u00e5 en riktigt varierad anr\u00e4ttning.<\/p>\n<p>I SWE Cup f\u00f6r herrar var det tre g\u00e5nger Hymer med Hugo Forssell, Victor Hillerstr\u00f6m Rundh och Marcus Jansson inf\u00f6r avslutningen. Det var lite sk\u00f6r ledning f\u00f6r Hugo Forssell d\u00e5 han var sjuk och missade femte delt\u00e4vlingen p\u00e5 Nationaldagsloppet, men Forssell fanns med i topp efter tre etapper d\u00e5 det ju sedan skulle visa sig att herrt\u00e4vlingen i Svanesund inte kunde k\u00f6ras f\u00e4rdigt.<\/p>\n<a href=\"https:\/\/scf.se\/landsvag\/wp-content\/uploads\/sites\/5\/2023\/08\/SCavslut1.jpg\"><img loading=\"lazy\" decoding=\"async\" class=\"alignnone size-full wp-image-4363\" src=\"https:\/\/scf.se\/landsvag\/wp-content\/uploads\/sites\/5\/2023\/08\/SCavslut1.jpg\" alt=\"\" width=\"1250\" height=\"1284\" srcset=\"https:\/\/scf.se\/landsvag\/wp-content\/uploads\/sites\/5\/2023\/08\/SCavslut1.jpg 1250w, https:\/\/scf.se\/landsvag\/wp-content\/uploads\/sites\/5\/2023\/08\/SCavslut1-292x300.jpg 292w, https:\/\/scf.se\/landsvag\/wp-content\/uploads\/sites\/5\/2023\/08\/SCavslut1-997x1024.jpg 997w, https:\/\/scf.se\/landsvag\/wp-content\/uploads\/sites\/5\/2023\/08\/SCavslut1-768x789.jpg 768w\" sizes=\"auto, (max-width: 1250px) 100vw, 1250px\" \/><\/a>\n<h2>SWE Cup herrelit totalt 2023<\/h2>\n<ol>\n<li><strong>Hugo Forssell<\/strong>, CK Hymer 72<\/li>\n<li><strong>Victor Hillerstr\u00f6m Rundh<\/strong>, CK Hymer 47<\/li>\n<li><strong>Marcus Jansson<\/strong>, CK Hymer 38<\/li>\n<li><strong>Carl Kagevi<\/strong>, Motala AIF Serneke Allebike 34<\/li>\n<li><strong>Viktor Lychou<\/strong>, S\u00f6dert\u00e4lje Cycling Team 33<\/li>\n<li><strong>Noah Borgen Morell<\/strong>, Team IBT-TRIPEAK 33<\/li>\n<\/ol>\n<p>Herrarnas po\u00e4ngtr\u00f6ja hamnade hos\u00a0 Peter Asbj\u00f6rn Hansen i Team IBT-TRIPEAK.<\/p>\n<p>I herrelitens lagt\u00e4vling hade CK Hymer en i praktiken ointaglig ledning inf\u00f6r avslutningen. Link\u00f6pingslaget segrade d\u00e4r, n\u00e4rmast f\u00f6re lokalkonkurrenten Motala AIF Serneke Allebike.<\/p>\n<p>I damernas Svanesunds tredagars vann junioren Ella Wahlstr\u00f6m. F\u00f6rsta segern i seniorelit i karri\u00e4ren gav en fin bonus. D\u00e4rmed vann Ella Wahlstr\u00f6m kampen om den vita juniortr\u00f6jan n\u00e4rmast f\u00f6r klubbkompisen fr\u00e5n Motala AIF CK, Erika Ingves. Ingen \u00f6verraskning att Motala ocks\u00e5 vann damernas lagt\u00e4vling.<\/p>\n<p>Den gr\u00f6na po\u00e4ngtr\u00f6jan efter b\u00e4st spurtande under \u00e5rets SWE Cup gick till rutinerade Sofie Rosencrantz, CK \u00d6resund.<\/p>\n<a href=\"https:\/\/scf.se\/landsvag\/wp-content\/uploads\/sites\/5\/2023\/08\/SCavslut3.jpg\"><img loading=\"lazy\" decoding=\"async\" class=\"alignnone size-full wp-image-4361\" src=\"https:\/\/scf.se\/landsvag\/wp-content\/uploads\/sites\/5\/2023\/08\/SCavslut3.jpg\" alt=\"\" width=\"1228\" height=\"1280\" srcset=\"https:\/\/scf.se\/landsvag\/wp-content\/uploads\/sites\/5\/2023\/08\/SCavslut3.jpg 1228w, https:\/\/scf.se\/landsvag\/wp-content\/uploads\/sites\/5\/2023\/08\/SCavslut3-288x300.jpg 288w, https:\/\/scf.se\/landsvag\/wp-content\/uploads\/sites\/5\/2023\/08\/SCavslut3-982x1024.jpg 982w, https:\/\/scf.se\/landsvag\/wp-content\/uploads\/sites\/5\/2023\/08\/SCavslut3-768x801.jpg 768w\" sizes=\"auto, (max-width: 1228px) 100vw, 1228px\" \/><\/a>\n<h2>SWE Cup damer totalt 2023<\/h2>\n<ol>\n<li><strong>Ebba Grankvist<\/strong>, Motala AIF CK 71<\/li>\n<li><strong>Ella Wahlstr\u00f6m,<\/strong> Motala AIF CK 62<\/li>\n<li><strong>Erika Ingves,<\/strong> Motala AIF CK 57<\/li>\n<li><strong>Sofie Rosencrantz<\/strong>, CK \u00d6resund 51<\/li>\n<li><strong>Matilda Frantzich<\/strong>, CK Ringen 50<\/li>\n<li><strong>Alma Johansson,<\/strong> M\u00f6lndals CK 45<\/li>\n<\/ol>\n<p>I klassen junior\/senior var det mycket norskt i Svanesund. D\u00e4rbakom kunde Linus Larsson fr\u00e5n Staffanstorp CK passerade J\u00f6nk\u00f6pings CK:s Alfred Oldin med minsta m\u00f6jliga marginal.<\/p>\n<a href=\"https:\/\/scf.se\/landsvag\/wp-content\/uploads\/sites\/5\/2023\/08\/SCavslut4.jpg\"><img loading=\"lazy\" decoding=\"async\" class=\"alignnone size-full wp-image-4360\" src=\"https:\/\/scf.se\/landsvag\/wp-content\/uploads\/sites\/5\/2023\/08\/SCavslut4.jpg\" alt=\"\" width=\"1280\" height=\"1155\" srcset=\"https:\/\/scf.se\/landsvag\/wp-content\/uploads\/sites\/5\/2023\/08\/SCavslut4.jpg 1280w, https:\/\/scf.se\/landsvag\/wp-content\/uploads\/sites\/5\/2023\/08\/SCavslut4-300x271.jpg 300w, https:\/\/scf.se\/landsvag\/wp-content\/uploads\/sites\/5\/2023\/08\/SCavslut4-1024x924.jpg 1024w, https:\/\/scf.se\/landsvag\/wp-content\/uploads\/sites\/5\/2023\/08\/SCavslut4-768x693.jpg 768w\" sizes=\"auto, (max-width: 1280px) 100vw, 1280px\" \/><\/a>\n<h2>SWE Cup herrar junior\/senior totalt 2023<\/h2>\n<ol>\n<li><strong>Linus Larsson<\/strong>, Staffanstorp CK 66<\/li>\n<li><strong>Alfred Oldin<\/strong>, J\u00f6nk\u00f6pings CK 65<\/li>\n<li><strong>Ivan \u00c5str\u00f6m<\/strong>, Borl\u00e4nge CK 49<\/li>\n<li><strong>Gabriel Kihl<\/strong>, Borl\u00e4nge CK 47<\/li>\n<li><strong>Linus T\u00f6rnstr\u00f6m<\/strong>, J\u00f6nk\u00f6pings CK 45<\/li>\n<li><strong>Herman Sander Bjerke Adolfsen<\/strong>, Ringerike SK 40<\/li>\n<\/ol>\n<p>Vi \u00e5terkommer med kompletta resultatlistor fr\u00e5n de olika SWE Cup-delt\u00e4vlingarna senare i veckan! Och s\u00e5 h\u00e4r slutade Svanesunds tredagars d\u00e4r det ska konstateras att nyligen U23-landslagsuttagna Viktor Lychou och Carl Kagevi visade fin form p\u00e5 de tre f\u00f6rsta etapperna.<\/p>\n<h3>Svanesunds tredagars herrelit (efter tre etapper)<\/h3>\n<ol>\n<li><strong>Hugo Forssell<\/strong>, CK Hymer<\/li>\n<li><strong>Viktor Lychou<\/strong>, S\u00f6dert\u00e4lje Cycling Team +40<\/li>\n<li><strong>Carl Kagevi<\/strong>, Motala AIF Serneke Allebike +52<\/li>\n<\/ol>\n<h3>Svanesunds tredagars damer<\/h3>\n<ol>\n<li><strong>Ella Wahlstr\u00f6m<\/strong>, Motala AIF CK<\/li>\n<li><strong>Lovisa Nyman<\/strong>, Team Kalmarsund CK +0.09<\/li>\n<li><strong>Alma Johansson<\/strong>, M\u00f6lndals CK +1.08<\/li>\n<\/ol>\n<h3>Svanesunds tredagars junior\/senior<\/h3>\n<ol>\n<li><strong>Storm Ingebrigtsen<\/strong>, Ringerike SK Norge<\/li>\n<li><strong>Herman Sander Bjerke Adolfsen<\/strong>, Ringerike SK +0.37<\/li>\n<li><strong>Aksel Laforce<\/strong> IF Fr\u00f8y Norge +2:00<\/li>\n<li><strong>Linus Larsson,<\/strong> Staffanstorp CK +2.12<\/li>\n<li><strong>Paul Greijus<\/strong>, L\u00e4nna Sport CK +2.24<\/li>\n<li><strong>Linus T\u00f6rnstr\u00f6m<\/strong>, J\u00f6nk\u00f6pings CK +2.48<\/li>\n<\/ol>\n<p><a href=\"https:\/\/www.sportstiming.se\/event\/13052\/results\"><em><strong>Alla resultat fr\u00e5n Svanesunds tredagars h\u00e4r!<\/strong><\/em><\/a><\/p>\n<p><em>Text och foto: SCF<\/em><\/p>\n<hr \/>\n<p><em><strong>Svenska Cykelf\u00f6rbundet \u00e4r stolta \u00f6ver att presentera v\u00e5ra samarbetspartners. Tack vare dessa fantastiska f\u00f6retag kan v\u00e5ra cyklister oftare ta sig l\u00e4ngre ut i v\u00e4rlden.<\/strong><\/em><\/p>\n<h2><a href=\"https:\/\/scf.se\/forbundet\/sponsorer\/\"><img loading=\"lazy\" decoding=\"async\" class=\"alignnone size-full wp-image-3872\" src=\"https:\/\/scf.se\/landsvag\/wp-content\/uploads\/sites\/5\/2023\/02\/LiggandeBannerNyheterHemsida2023.png\" alt=\"\" width=\"1200\" height=\"200\" srcset=\"https:\/\/scf.se\/landsvag\/wp-content\/uploads\/sites\/5\/2023\/02\/LiggandeBannerNyheterHemsida2023.png 1200w, https:\/\/scf.se\/landsvag\/wp-content\/uploads\/sites\/5\/2023\/02\/LiggandeBannerNyheterHemsida2023-300x50.png 300w, https:\/\/scf.se\/landsvag\/wp-content\/uploads\/sites\/5\/2023\/02\/LiggandeBannerNyheterHemsida2023-1024x171.png 1024w, https:\/\/scf.se\/landsvag\/wp-content\/uploads\/sites\/5\/2023\/02\/LiggandeBannerNyheterHemsida2023-768x128.png 768w\" sizes=\"auto, (max-width: 1200px) 100vw, 1200px\" \/><\/a><\/h2>\n<p>&nbsp;<\/p>\n<p>&nbsp;<\/p>\n<p>&nbsp;<\/p>\n<p>&nbsp;<\/p>\n<p>&nbsp;<\/p>\n<p>&nbsp;<\/p>\n<p>&nbsp;<\/p>\n","protected":false},"excerpt":{"rendered":"<p>Svanesunds tredagars avslutade \u00e5rets SWE Cup-s\u00e4song. Hugo Forssell segrade i herrelit d\u00e4r alla tre topplatserna gick till CK Hymer. Motalas Ebba Grankvist segrade i damklassen d\u00e4r Ella Wahlstr\u00f6m avancerade till andraplats och k\u00f6rde hem den vita juniortr\u00f6jan. Linus Larsson tog hem totalen i junior\/senior. Tyv\u00e4rr intr\u00e4ffade en krasch i ganska h\u00f6g hastighet i herrelitklassen<a href=\"https:\/\/scf.se\/landsvag\/hymer-dominerade-pa-herrsidan-och-motala-i-damernas-swe-cup\/\" class=\"news-card__more\"> &#8230;<\/a><\/p>\n","protected":false},"author":41,"featured_media":4362,"comment_status":"open","ping_status":"open","sticky":false,"template":"","format":"standard","meta":{"_acf_changed":false,"footnotes":""},"categories":[1],"tags":[],"class_list":["post-4357","post","type-post","status-publish","format-standard","hentry","category-landsvag"],"acf":[],"_links":{"self":[{"href":"https:\/\/scf.se\/landsvag\/wp-json\/wp\/v2\/posts\/4357","targetHints":{"allow":["GET"]}}],"collection":[{"href":"https:\/\/scf.se\/landsvag\/wp-json\/wp\/v2\/posts"}],"about":[{"href":"https:\/\/scf.se\/landsvag\/wp-json\/wp\/v2\/types\/post"}],"author":[{"embeddable":true,"href":"https:\/\/scf.se\/landsvag\/wp-json\/wp\/v2\/users\/41"}],"replies":[{"embeddable":true,"href":"https:\/\/scf.se\/landsvag\/wp-json\/wp\/v2\/comments?post=4357"}],"version-history":[{"count":0,"href":"https:\/\/scf.se\/landsvag\/wp-json\/wp\/v2\/posts\/4357\/revisions"}],"wp:featuredmedia":[{"embeddable":true,"href":"https:\/\/scf.se\/landsvag\/wp-json\/wp\/v2\/media\/4362"}],"wp:attachment":[{"href":"https:\/\/scf.se\/landsvag\/wp-json\/wp\/v2\/media?parent=4357"}],"wp:term":[{"taxonomy":"category","embeddable":true,"href":"https:\/\/scf.se\/landsvag\/wp-json\/wp\/v2\/categories?post=4357"},{"taxonomy":"post_tag","embeddable":true,"href":"https:\/\/scf.se\/landsvag\/wp-json\/wp\/v2\/tags?post=4357"}],"curies":[{"name":"wp","href":"https:\/\/api.w.org\/{rel}","templated":true}]}}