
{"id":4345,"date":"2023-08-24T14:24:19","date_gmt":"2023-08-24T12:24:19","guid":{"rendered":"http:\/\/scf.se\/landsvag\/?p=4345"},"modified":"2023-08-25T07:40:13","modified_gmt":"2023-08-25T05:40:13","slug":"jakob-soderqvist-i-intressant-u23-lag-i-flandern-efter-vasst-vm-tempo","status":"publish","type":"post","link":"https:\/\/scf.se\/landsvag\/jakob-soderqvist-i-intressant-u23-lag-i-flandern-efter-vasst-vm-tempo\/","title":{"rendered":"Jakob S\u00f6derqvist i intressant U23-lag i Flandern efter vasst VM-tempo"},"content":{"rendered":"<p><strong>VM-sjuan i tempo, Jakob S\u00f6derqvist, forts\u00e4tter att k\u00f6ra m\u00e5nga landsv\u00e4gslopp. Han finns med i tuffa UCI 2.2-etapploppet Flanders Tomorrow som avg\u00f6rs\u00a0 31 augusti\u20132 september i ett intressant lag d\u00e4r ett par andra har visat form i Team Svealand. Vi noterar tv\u00e5 landslagsdebutanter p\u00e5 U23-niv\u00e5 i form av Viktor Lychou och Carl Kagevi.<\/strong><\/p>\n<h3>Svenska U23-landslaget till Flandern<\/h3>\n<ul>\n<li><strong>Edvin Lovidius<\/strong>, CC Etupes<\/li>\n<li><strong>Hugo Lennartsson<\/strong>, AVC AIX-en Provence<\/li>\n<li><strong>Jakob S\u00f6derqvist<\/strong>, Vostroblock Evolite Cycling<\/li>\n<li><strong>Viktor Lychou,<\/strong> S\u00f6dert\u00e4lje CK<\/li>\n<li><strong>Carl Kagevi,<\/strong> Motala AIF Serneke Allebike<\/li>\n<li><strong>Albin St\u00e5lberg,<\/strong> Ryska Posten SK (bilden nedan)<\/li>\n<\/ul>\n<a href=\"https:\/\/scf.se\/landsvag\/wp-content\/uploads\/sites\/5\/2022\/05\/Foto-2022-05-27-14-26-092.jpg\"><img loading=\"lazy\" decoding=\"async\" class=\"alignnone size-full wp-image-3306\" src=\"https:\/\/scf.se\/landsvag\/wp-content\/uploads\/sites\/5\/2022\/05\/Foto-2022-05-27-14-26-092.jpg\" alt=\"\" width=\"1616\" height=\"1080\" srcset=\"https:\/\/scf.se\/landsvag\/wp-content\/uploads\/sites\/5\/2022\/05\/Foto-2022-05-27-14-26-092.jpg 1616w, https:\/\/scf.se\/landsvag\/wp-content\/uploads\/sites\/5\/2022\/05\/Foto-2022-05-27-14-26-092-300x200.jpg 300w, https:\/\/scf.se\/landsvag\/wp-content\/uploads\/sites\/5\/2022\/05\/Foto-2022-05-27-14-26-092-1024x684.jpg 1024w, https:\/\/scf.se\/landsvag\/wp-content\/uploads\/sites\/5\/2022\/05\/Foto-2022-05-27-14-26-092-768x513.jpg 768w, https:\/\/scf.se\/landsvag\/wp-content\/uploads\/sites\/5\/2022\/05\/Foto-2022-05-27-14-26-092-1536x1027.jpg 1536w\" sizes=\"auto, (max-width: 1616px) 100vw, 1616px\" \/><\/a>\n<blockquote><p>&#8221;Det ska bli extra kul att se Viktor Lychou och Carl Kagevi, det \u00e4r tv\u00e5 landslagsdebuter d\u00e4r. De andra fyra killarna har varit med tidigare s\u00e5 de k\u00e4nner vi ju b\u00e4ttre internationellt. Det \u00e4r ett sp\u00e4nnande lag, sex starka \u00e5kare&#8221;, s\u00e4ger f\u00f6rbundskaptenen Lucas Persson som coachar laget tillsammans med assisterande f\u00f6rbundskaptenen Alexander Wetterhall.<\/p><\/blockquote>\n<p>Etapploppet startar sista augusti i V\u00e4stflandern eller n\u00e4rmare best\u00e4mt Nieuwpoort med ett linjelopp \u00f6ver 14 mil. Sedan v\u00e4ntar t\u00e4vlingens l\u00e4ngsta etapp, 159 kilometer med start och m\u00e5l i Poperinge.<\/p>\n<p>Och det mesta kan h\u00e4nda \u00e4ven sista dagen d\u00e5 l\u00f6rdagen inneh\u00e5ller b\u00e5de ett tempolopp mellan Koksijde och Wulpen samt ett linjelopp \u00f6ver 125 kilometer med m\u00e5lg\u00e5ng i Handzame.<\/p>\n<blockquote><p>&#8221;D\u00e5 det \u00e4r i V\u00e4stflandern \u00e4r det \u00e4nd\u00e5 ganska platt men s\u00e4kert en hel del kullersten&#8230;&#8221;<\/p><\/blockquote>\n<p>Det \u00e4r en blandning av inbjudna klubblag och contilag med ett par riktigt vassa utvecklingslag till World Tour-team som Israel Premier Tech Academy, Soudal &#8211; Quick-Step och Lotto Dstny. Sverige och USA \u00e4r de enda landslagen som finns med. Sp\u00e4nnande!<\/p>\n<blockquote><p>&#8221;D\u00e5 det \u00e4r en ren U23-t\u00e4vling ska det bli sp\u00e4nnande att se hur konkurrensen \u00e4r. Kul ocks\u00e5 att b\u00e5de Motala och Team Svealand k\u00f6r Norge samma helg s\u00e5 det \u00e4r m\u00e5nga svenska cyklister som \u00e4r i g\u00e5ng samma helg&#8221;, s\u00e4ger Lucas Persson.<\/p><\/blockquote>\n<ul>\n<li><a href=\"https:\/\/www.procyclingstats.com\/race\/flanders-tomorrow-tour\/2023\/teams\/top-teams\"><em><strong>Mera om lagen och resultat fr\u00e5n etapperna hittar ni h\u00e4r!<\/strong><\/em><\/a><\/li>\n<\/ul>\n<p><em>Text: SCF<br \/>\nArkivbilder: SCF och Sebastian Mattsson<\/em><\/p>\n<hr \/>\n<p><em><strong>Svenska Cykelf\u00f6rbundet \u00e4r stolta \u00f6ver att presentera v\u00e5ra samarbetspartners. Tack vare dessa fantastiska f\u00f6retag kan v\u00e5ra cyklister oftare ta sig l\u00e4ngre ut i v\u00e4rlden.<\/strong><\/em><\/p>\n<h2><a href=\"https:\/\/scf.se\/forbundet\/sponsorer\/\"><img loading=\"lazy\" decoding=\"async\" class=\"alignnone size-full wp-image-3872\" src=\"https:\/\/scf.se\/landsvag\/wp-content\/uploads\/sites\/5\/2023\/02\/LiggandeBannerNyheterHemsida2023.png\" alt=\"\" width=\"1200\" height=\"200\" srcset=\"https:\/\/scf.se\/landsvag\/wp-content\/uploads\/sites\/5\/2023\/02\/LiggandeBannerNyheterHemsida2023.png 1200w, https:\/\/scf.se\/landsvag\/wp-content\/uploads\/sites\/5\/2023\/02\/LiggandeBannerNyheterHemsida2023-300x50.png 300w, https:\/\/scf.se\/landsvag\/wp-content\/uploads\/sites\/5\/2023\/02\/LiggandeBannerNyheterHemsida2023-1024x171.png 1024w, https:\/\/scf.se\/landsvag\/wp-content\/uploads\/sites\/5\/2023\/02\/LiggandeBannerNyheterHemsida2023-768x128.png 768w\" sizes=\"auto, (max-width: 1200px) 100vw, 1200px\" \/><\/a><\/h2>\n","protected":false},"excerpt":{"rendered":"<p>VM-sjuan i tempo, Jakob S\u00f6derqvist, forts\u00e4tter att k\u00f6ra m\u00e5nga landsv\u00e4gslopp. Han finns med i tuffa UCI 2.2-etapploppet Flanders Tomorrow som avg\u00f6rs\u00a0 31 augusti\u20132 september i ett intressant lag d\u00e4r ett par andra har visat form i Team Svealand. Vi noterar tv\u00e5 landslagsdebutanter p\u00e5 U23-niv\u00e5 i form av Viktor Lychou och Carl Kagevi. Svenska U23-landslaget<a href=\"https:\/\/scf.se\/landsvag\/jakob-soderqvist-i-intressant-u23-lag-i-flandern-efter-vasst-vm-tempo\/\" class=\"news-card__more\"> &#8230;<\/a><\/p>\n","protected":false},"author":41,"featured_media":4324,"comment_status":"open","ping_status":"open","sticky":false,"template":"","format":"standard","meta":{"_acf_changed":false,"footnotes":""},"categories":[1],"tags":[],"class_list":["post-4345","post","type-post","status-publish","format-standard","hentry","category-landsvag"],"acf":[],"_links":{"self":[{"href":"https:\/\/scf.se\/landsvag\/wp-json\/wp\/v2\/posts\/4345","targetHints":{"allow":["GET"]}}],"collection":[{"href":"https:\/\/scf.se\/landsvag\/wp-json\/wp\/v2\/posts"}],"about":[{"href":"https:\/\/scf.se\/landsvag\/wp-json\/wp\/v2\/types\/post"}],"author":[{"embeddable":true,"href":"https:\/\/scf.se\/landsvag\/wp-json\/wp\/v2\/users\/41"}],"replies":[{"embeddable":true,"href":"https:\/\/scf.se\/landsvag\/wp-json\/wp\/v2\/comments?post=4345"}],"version-history":[{"count":0,"href":"https:\/\/scf.se\/landsvag\/wp-json\/wp\/v2\/posts\/4345\/revisions"}],"wp:featuredmedia":[{"embeddable":true,"href":"https:\/\/scf.se\/landsvag\/wp-json\/wp\/v2\/media\/4324"}],"wp:attachment":[{"href":"https:\/\/scf.se\/landsvag\/wp-json\/wp\/v2\/media?parent=4345"}],"wp:term":[{"taxonomy":"category","embeddable":true,"href":"https:\/\/scf.se\/landsvag\/wp-json\/wp\/v2\/categories?post=4345"},{"taxonomy":"post_tag","embeddable":true,"href":"https:\/\/scf.se\/landsvag\/wp-json\/wp\/v2\/tags?post=4345"}],"curies":[{"name":"wp","href":"https:\/\/api.w.org\/{rel}","templated":true}]}}