
{"id":4330,"date":"2023-08-13T17:42:25","date_gmt":"2023-08-13T15:42:25","guid":{"rendered":"http:\/\/scf.se\/landsvag\/?p=4330"},"modified":"2023-08-14T13:57:18","modified_gmt":"2023-08-14T11:57:18","slug":"julia-borgstrom-19e-i-u23-och-emilia-fahlin-58a-i-damelit-pa-vm-linje","status":"publish","type":"post","link":"https:\/\/scf.se\/landsvag\/julia-borgstrom-19e-i-u23-och-emilia-fahlin-58a-i-damelit-pa-vm-linje\/","title":{"rendered":"Julia Borgstr\u00f6m 19:e i U23-VM och Emilia Fahlin 58:a i damelit p\u00e5 linje"},"content":{"rendered":"<p><strong>Damernas VM-linjelopp i Glasgow blev en kamp mellan de stora favoriterna d\u00e4r Lotte Kopecky var klart starkast. Emilia Fahlin slutade p\u00e5 plats 58 och Julia Borgstr\u00f6m 86:a. En stor del av U23-cyklisterna lyckade inte fullf\u00f6lja s\u00e5 Julia slutade 19:e i det inbakade U23-v\u00e4rldsm\u00e4sterskapet.<\/strong><\/p>\n<p>Fr\u00e5n b\u00f6rjan var det tre kort att spela ut, men med Jenny Rissveds krasch p\u00e5 tr\u00e4ning inf\u00f6r XCC-loppet i VM f\u00f6rsvann tr\u00e5kigt nog ett.<\/p>\n<p>Kvar fanns starka spurtaren, Emilia Fahlin, samt den allroundkunniga U23-cyklisten Julia Borgstr\u00f6m.<\/p>\n<a href=\"https:\/\/scf.se\/landsvag\/wp-content\/uploads\/sites\/5\/2023\/08\/DL-podie.jpg\"><img loading=\"lazy\" decoding=\"async\" class=\"alignnone size-full wp-image-4338\" src=\"https:\/\/scf.se\/landsvag\/wp-content\/uploads\/sites\/5\/2023\/08\/DL-podie.jpg\" alt=\"\" width=\"2002\" height=\"1920\" srcset=\"https:\/\/scf.se\/landsvag\/wp-content\/uploads\/sites\/5\/2023\/08\/DL-podie.jpg 2002w, https:\/\/scf.se\/landsvag\/wp-content\/uploads\/sites\/5\/2023\/08\/DL-podie-300x288.jpg 300w, https:\/\/scf.se\/landsvag\/wp-content\/uploads\/sites\/5\/2023\/08\/DL-podie-1024x982.jpg 1024w, https:\/\/scf.se\/landsvag\/wp-content\/uploads\/sites\/5\/2023\/08\/DL-podie-768x737.jpg 768w, https:\/\/scf.se\/landsvag\/wp-content\/uploads\/sites\/5\/2023\/08\/DL-podie-1536x1473.jpg 1536w\" sizes=\"auto, (max-width: 2002px) 100vw, 2002px\" \/><\/a>\n<p>Damerna har sedan 2022 en U23-klass men den integreras i seniorelitloppet vilket kan passa positionss\u00e4kra Julia.<\/p>\n<p>Det s\u00e5g bra ut f\u00f6r Emilia Fahlin n\u00e4r hon satt med i f\u00f6rstaklungan, men regerande svenska m\u00e4staren i linjelopp fick problem med cykeln och tappade kontakten. S\u00e5 b\u00e4gge svenskarna hamnade i den andra st\u00f6rre gruppen med n\u00e4ra 50 cyklister som fanns fr\u00e5n plats 35 i f\u00e4ltet och snart nog hamnade fem-sex minuter efter den lilla t\u00e4tgruppen med de flesta av de stora favoriterna.<\/p>\n<p>Ja, allra f\u00f6rst l\u00e5g l\u00e4nge schweiziskan Elise Chabbey i en soloutbrytning, som fick h\u00e5llas lagom l\u00e4nge. P\u00e5 lagom avst\u00e5nd.<\/p>\n<p>Vid f\u00f6rra \u00e5rets VM i Australien slarvade den s\u00e5 starka belgiska avslutaren Lotte Kopecky bort segern. Nu s\u00e5g hon l\u00e4nge ut att kontrollera skeendet men hade samtidigt f\u00e5tt jobba lite mera \u00e4n vanligt.<\/p>\n<p>Den h\u00e4r g\u00e5ngen v\u00e4ntade hon inte ens till spurten, utan krossade konkurrenterna p\u00e5 slutkilometerna. N\u00e4sta superstj\u00e4rna, Demi Vollering, segade trots sin kramp sista halvmilen sig f\u00f6rbi danskan Cecilie Ludwig i spurten om silvret.<\/p>\n<p><em><a href=\"https:\/\/www.svtplay.se\/video\/jJyMgqq\/cykel-vm\/linjelopp-damer?id=jJyMgqq\"><strong>H\u00e4r p\u00e5 SVT Play kan ni kolla slutdramatik med h\u00f6g klass i striden om medaljerna i efterhand!<\/strong><\/a><\/em><\/p>\n<p>Emilia h\u00f6ll sig kvar i den d\u00e4r stora klungan medan Julia tappade drygt fyra minuter till den gruppen. Synd det eftersom fj\u00e4rdeplatsen i U23-VM l\u00e5g inom r\u00e4ckh\u00e5ll i detta tuffa linjelopp d\u00e4r endast topp tre fanns med d\u00e4r framme.<\/p>\n<blockquote><p>&#8221;Huvudet ville mycket men benen sa NEJ&#8221;, kommenterar Julia Borgstr\u00f6m p\u00e5 sitt Instagramkonto under m\u00e5ndagen.<\/p><\/blockquote>\n<h3>VM damer linjelopp damelit<\/h3>\n<ul>\n<li>1 <strong>Lotte Kopecky<\/strong>, Belgien 4.03.12<\/li>\n<li>2<strong> Demi Vollering<\/strong>, Nederl\u00e4nderna +0.07<\/li>\n<li>3 <strong>Cecilie Uttrup Ludwig<\/strong>, Danmark +0.07<\/li>\n<li>58 <strong>Emilia Fahlin<\/strong>, Sverige +14.49<\/li>\n<li>86 <strong>Julia Borgstr\u00f6m<\/strong>, Sverige +19.46<\/li>\n<\/ul>\n<h3>VM damer linjelopp U23-delt\u00e4vlingen<\/h3>\n<ul>\n<li>1 <strong>Blanka Vas,<\/strong> Ungern 4:06:46<\/li>\n<li>2 <strong>Shirin van Anrooij<\/strong>, Nederl\u00e4nderna +0<\/li>\n<li>3 <strong>Anna Shackley<\/strong>, Storbritannien +0<\/li>\n<li>19 <strong>Julia Borgstr\u00f6m<\/strong>, Sverige +15.12<\/li>\n<\/ul>\n<p><a href=\"https:\/\/www.procyclingstats.com\/race\/world-championship-we\/2023\"><em><strong>H\u00e4r finns alla resultat fr\u00e5n damernas VM-linje!<\/strong><\/em><\/a><\/p>\n<p><em>Text och foto: Svenska Cykelf\u00f6rbundet\u00a0<\/em><\/p>\n<hr \/>\n<p><em><strong>Svenska Cykelf\u00f6rbundet \u00e4r stolta \u00f6ver att presentera v\u00e5ra samarbetspartners. Tack vare dessa fantastiska f\u00f6retag kan v\u00e5ra cyklister oftare ta sig l\u00e4ngre ut i v\u00e4rlden.<\/strong><\/em><\/p>\n<h2><a href=\"https:\/\/scf.se\/forbundet\/sponsorer\/\"><img loading=\"lazy\" decoding=\"async\" class=\"alignnone size-full wp-image-3872\" src=\"https:\/\/scf.se\/landsvag\/wp-content\/uploads\/sites\/5\/2023\/02\/LiggandeBannerNyheterHemsida2023.png\" alt=\"\" width=\"1200\" height=\"200\" srcset=\"https:\/\/scf.se\/landsvag\/wp-content\/uploads\/sites\/5\/2023\/02\/LiggandeBannerNyheterHemsida2023.png 1200w, https:\/\/scf.se\/landsvag\/wp-content\/uploads\/sites\/5\/2023\/02\/LiggandeBannerNyheterHemsida2023-300x50.png 300w, https:\/\/scf.se\/landsvag\/wp-content\/uploads\/sites\/5\/2023\/02\/LiggandeBannerNyheterHemsida2023-1024x171.png 1024w, https:\/\/scf.se\/landsvag\/wp-content\/uploads\/sites\/5\/2023\/02\/LiggandeBannerNyheterHemsida2023-768x128.png 768w\" sizes=\"auto, (max-width: 1200px) 100vw, 1200px\" \/><\/a><\/h2>\n","protected":false},"excerpt":{"rendered":"<p>Damernas VM-linjelopp i Glasgow blev en kamp mellan de stora favoriterna d\u00e4r Lotte Kopecky var klart starkast. Emilia Fahlin slutade p\u00e5 plats 58 och Julia Borgstr\u00f6m 86:a. En stor del av U23-cyklisterna lyckade inte fullf\u00f6lja s\u00e5 Julia slutade 19:e i det inbakade U23-v\u00e4rldsm\u00e4sterskapet. Fr\u00e5n b\u00f6rjan var det tre kort att spela ut, men med<a href=\"https:\/\/scf.se\/landsvag\/julia-borgstrom-19e-i-u23-och-emilia-fahlin-58a-i-damelit-pa-vm-linje\/\" class=\"news-card__more\"> &#8230;<\/a><\/p>\n","protected":false},"author":41,"featured_media":4032,"comment_status":"open","ping_status":"open","sticky":false,"template":"","format":"standard","meta":{"_acf_changed":false,"footnotes":""},"categories":[1],"tags":[],"class_list":["post-4330","post","type-post","status-publish","format-standard","hentry","category-landsvag"],"acf":[],"_links":{"self":[{"href":"https:\/\/scf.se\/landsvag\/wp-json\/wp\/v2\/posts\/4330","targetHints":{"allow":["GET"]}}],"collection":[{"href":"https:\/\/scf.se\/landsvag\/wp-json\/wp\/v2\/posts"}],"about":[{"href":"https:\/\/scf.se\/landsvag\/wp-json\/wp\/v2\/types\/post"}],"author":[{"embeddable":true,"href":"https:\/\/scf.se\/landsvag\/wp-json\/wp\/v2\/users\/41"}],"replies":[{"embeddable":true,"href":"https:\/\/scf.se\/landsvag\/wp-json\/wp\/v2\/comments?post=4330"}],"version-history":[{"count":0,"href":"https:\/\/scf.se\/landsvag\/wp-json\/wp\/v2\/posts\/4330\/revisions"}],"wp:featuredmedia":[{"embeddable":true,"href":"https:\/\/scf.se\/landsvag\/wp-json\/wp\/v2\/media\/4032"}],"wp:attachment":[{"href":"https:\/\/scf.se\/landsvag\/wp-json\/wp\/v2\/media?parent=4330"}],"wp:term":[{"taxonomy":"category","embeddable":true,"href":"https:\/\/scf.se\/landsvag\/wp-json\/wp\/v2\/categories?post=4330"},{"taxonomy":"post_tag","embeddable":true,"href":"https:\/\/scf.se\/landsvag\/wp-json\/wp\/v2\/tags?post=4330"}],"curies":[{"name":"wp","href":"https:\/\/api.w.org\/{rel}","templated":true}]}}