
{"id":4323,"date":"2023-08-12T20:05:02","date_gmt":"2023-08-12T18:05:02","guid":{"rendered":"http:\/\/scf.se\/landsvag\/?p=4323"},"modified":"2023-08-13T10:25:09","modified_gmt":"2023-08-13T08:25:09","slug":"jakob-soderqvist-satt-med-bra-lange-i-vm-linje-men-fick-bryta","status":"publish","type":"post","link":"https:\/\/scf.se\/landsvag\/jakob-soderqvist-satt-med-bra-lange-i-vm-linje-men-fick-bryta\/","title":{"rendered":"Jakob S\u00f6derqvist satt l\u00e4nge med bra i U23-ornas VM-linje men fick bryta"},"content":{"rendered":"<p><strong>Jakob S\u00f6derqvist, som var VM-sjua i tempo p\u00e5 en l\u00e5nad cykel efter ett fantastiskt fint lopp, k\u00e4nde sig i bra slag \u00e4ven innan linjeloppet. Och det s\u00e5g l\u00e4nge riktigt bra ut. Han satt med bra l\u00e5ngt fram i klungan. Men i r\u00f6ran av m\u00e5nga krascher runt omkring honom inne p\u00e5 varvbanan som kr\u00e4vde mycket extrajobb tr\u00f6t s\u00e5 krafterna och S\u00f6derqvist fick bryta VM-linjeloppet i Glasgow<\/strong>.<\/p>\n<blockquote><p>&#8221;Jag tycker sedan att han b\u00f6rjar loppet v\u00e4ldigt bra&#8221;, s\u00e4ger f\u00f6rbundskaptenen Lucas Persson.<\/p><\/blockquote>\n<p>Det \u00e4r 65 kilometer som ska avverkas p\u00e5 den skotska landsbygden innan det \u00e4r dags f\u00f6r varvbana. Efter ungef\u00e4r halva den str\u00e4ckan kommer det en rej\u00e4l stigning.<\/p>\n<blockquote><p>&#8221;D\u00e4r g\u00e5r det iv\u00e4g en grupp med tio cyklister som har drygt 40 sekunder n\u00e4r loppet g\u00e5r in p\u00e5 varven. I det l\u00e4get sitter Jakob v\u00e4ldigt bra efter att ha jobbat h\u00e5rt f\u00f6r att skapa position. Och f\u00f6rsta varvet ser ocks\u00e5 lovande ut d\u00e5 han sitter topp tio-femton hela tiden&#8221;, rapporterar Lucas Persson.<\/p><\/blockquote>\n<p>N\u00e4r det b\u00f6rjar regna vurpas det mycket till h\u00f6ger och v\u00e4nster. Jakob drabbas av flera som inte kan hantera sina cyklar framf\u00f6r honom.<\/p>\n<blockquote><p>&#8221;Och i samband med allt jobb han f\u00e5r l\u00e4gga ner bakom de krascherna s\u00e5 tar loppet slut f\u00f6r hans del. Han f\u00e5r ta med sig allt som s\u00e5g bra ut innan dess&#8221;, s\u00e4ger Lucas Persson.<\/p><\/blockquote>\n<p>Vann VM-guldet f\u00f6r U23-cyklister gjorde fransmannen Axel Laurance efter att med stoir marginal vunnit en spurt med fem andra cyklister.<\/p>\n<p><em>Text och foto: SCF<\/em><\/p>\n<hr \/>\n<p><em><strong>Svenska Cykelf\u00f6rbundet \u00e4r stolta \u00f6ver att presentera v\u00e5ra samarbetspartners. Tack vare dessa fantastiska f\u00f6retag kan v\u00e5ra cyklister oftare ta sig l\u00e4ngre ut i v\u00e4rlden.<\/strong><\/em><\/p>\n<h2><a href=\"https:\/\/scf.se\/forbundet\/sponsorer\/\"><img loading=\"lazy\" decoding=\"async\" class=\"alignnone size-full wp-image-3872\" src=\"https:\/\/scf.se\/landsvag\/wp-content\/uploads\/sites\/5\/2023\/02\/LiggandeBannerNyheterHemsida2023.png\" alt=\"\" width=\"1200\" height=\"200\" srcset=\"https:\/\/scf.se\/landsvag\/wp-content\/uploads\/sites\/5\/2023\/02\/LiggandeBannerNyheterHemsida2023.png 1200w, https:\/\/scf.se\/landsvag\/wp-content\/uploads\/sites\/5\/2023\/02\/LiggandeBannerNyheterHemsida2023-300x50.png 300w, https:\/\/scf.se\/landsvag\/wp-content\/uploads\/sites\/5\/2023\/02\/LiggandeBannerNyheterHemsida2023-1024x171.png 1024w, https:\/\/scf.se\/landsvag\/wp-content\/uploads\/sites\/5\/2023\/02\/LiggandeBannerNyheterHemsida2023-768x128.png 768w\" sizes=\"auto, (max-width: 1200px) 100vw, 1200px\" \/><\/a><\/h2>\n","protected":false},"excerpt":{"rendered":"<p>Jakob S\u00f6derqvist, som var VM-sjua i tempo p\u00e5 en l\u00e5nad cykel efter ett fantastiskt fint lopp, k\u00e4nde sig i bra slag \u00e4ven innan linjeloppet. Och det s\u00e5g l\u00e4nge riktigt bra ut. Han satt med bra l\u00e5ngt fram i klungan. Men i r\u00f6ran av m\u00e5nga krascher runt omkring honom inne p\u00e5 varvbanan som kr\u00e4vde mycket<a href=\"https:\/\/scf.se\/landsvag\/jakob-soderqvist-satt-med-bra-lange-i-vm-linje-men-fick-bryta\/\" class=\"news-card__more\"> &#8230;<\/a><\/p>\n","protected":false},"author":41,"featured_media":4324,"comment_status":"open","ping_status":"open","sticky":false,"template":"","format":"standard","meta":{"_acf_changed":false,"footnotes":""},"categories":[1],"tags":[],"class_list":["post-4323","post","type-post","status-publish","format-standard","hentry","category-landsvag"],"acf":[],"_links":{"self":[{"href":"https:\/\/scf.se\/landsvag\/wp-json\/wp\/v2\/posts\/4323","targetHints":{"allow":["GET"]}}],"collection":[{"href":"https:\/\/scf.se\/landsvag\/wp-json\/wp\/v2\/posts"}],"about":[{"href":"https:\/\/scf.se\/landsvag\/wp-json\/wp\/v2\/types\/post"}],"author":[{"embeddable":true,"href":"https:\/\/scf.se\/landsvag\/wp-json\/wp\/v2\/users\/41"}],"replies":[{"embeddable":true,"href":"https:\/\/scf.se\/landsvag\/wp-json\/wp\/v2\/comments?post=4323"}],"version-history":[{"count":0,"href":"https:\/\/scf.se\/landsvag\/wp-json\/wp\/v2\/posts\/4323\/revisions"}],"wp:featuredmedia":[{"embeddable":true,"href":"https:\/\/scf.se\/landsvag\/wp-json\/wp\/v2\/media\/4324"}],"wp:attachment":[{"href":"https:\/\/scf.se\/landsvag\/wp-json\/wp\/v2\/media?parent=4323"}],"wp:term":[{"taxonomy":"category","embeddable":true,"href":"https:\/\/scf.se\/landsvag\/wp-json\/wp\/v2\/categories?post=4323"},{"taxonomy":"post_tag","embeddable":true,"href":"https:\/\/scf.se\/landsvag\/wp-json\/wp\/v2\/tags?post=4323"}],"curies":[{"name":"wp","href":"https:\/\/api.w.org\/{rel}","templated":true}]}}