
{"id":4317,"date":"2023-08-09T18:48:16","date_gmt":"2023-08-09T16:48:16","guid":{"rendered":"http:\/\/scf.se\/landsvag\/?p=4317"},"modified":"2023-08-10T11:09:04","modified_gmt":"2023-08-10T09:09:04","slug":"jakob-soderqvist-nosade-pa-medalj-sjua-i-u23-tempoloppet-pa-vm","status":"publish","type":"post","link":"https:\/\/scf.se\/landsvag\/jakob-soderqvist-nosade-pa-medalj-sjua-i-u23-tempoloppet-pa-vm\/","title":{"rendered":"Jakob S\u00f6derqvist nosade p\u00e5 medalj \u2013 sjua i U23-tempoloppet p\u00e5 VM"},"content":{"rendered":"<p><strong>Jakob S\u00f6derqvist slutade sjua med 27 sekunder upp till pallplats i det 36 kilometer l\u00e5nga tempoloppet i Stirling p\u00e5 landsv\u00e4gs-VM i Skottland. Jakob S\u00f6derqvist, som gick in i s\u00e4songen som MTB-cyklist, stod f\u00f6r ett mycket stabilt genomf\u00f6rt lopp i ett VM-tempo med 79 startande som hade en tuff avslutning.\u00a0\u00a0<\/strong><\/p>\n<blockquote><p>&#8221;V\u00e4ldigt bra avv\u00e4gt lopp av Jakob S\u00f6derqvist. Han tog det relativt lugnt p\u00e5 den f\u00f6rsta halvan s\u00e5 han skulle ha n\u00e5got kvar till den backigare slutdelen av banan&#8221;, s\u00e4ger assisterande f\u00f6rbundskaptenen Alexander Wetterhall som sj\u00e4lv har rutin som vass i tempocyklist fr\u00e5n sin aktiva tid.<\/p><\/blockquote>\n<a href=\"https:\/\/scf.se\/landsvag\/wp-content\/uploads\/sites\/5\/2023\/08\/JakobS2.jpg\"><img loading=\"lazy\" decoding=\"async\" class=\"alignnone size-full wp-image-4319\" src=\"https:\/\/scf.se\/landsvag\/wp-content\/uploads\/sites\/5\/2023\/08\/JakobS2.jpg\" alt=\"\" width=\"1170\" height=\"1560\" srcset=\"https:\/\/scf.se\/landsvag\/wp-content\/uploads\/sites\/5\/2023\/08\/JakobS2.jpg 1170w, https:\/\/scf.se\/landsvag\/wp-content\/uploads\/sites\/5\/2023\/08\/JakobS2-225x300.jpg 225w, https:\/\/scf.se\/landsvag\/wp-content\/uploads\/sites\/5\/2023\/08\/JakobS2-768x1024.jpg 768w, https:\/\/scf.se\/landsvag\/wp-content\/uploads\/sites\/5\/2023\/08\/JakobS2-1152x1536.jpg 1152w\" sizes=\"auto, (max-width: 1170px) 100vw, 1170px\" \/><\/a>\n<p>Jakob S\u00f6derqvist har haft en sensationellt bra utveckling p\u00e5 landsv\u00e4gshojen och har bland annat vunnit p\u00e5 ett etapplopp i Frankrike. P\u00e5 SM i Bj\u00f6rklinge sm\u00e4llde Jakob till med en \u00f6vertygande andraplats efter en sekundstrid mot f\u00f6rra \u00e5rets EM-elva Jacob Ahlsson om guldet i S\u00f6derqvists f\u00f6rsta tempolopp sedan juniortiden f\u00f6r tre \u00e5r sedan.<\/p>\n<p>Ni h\u00f6r, h\u00e4r har svensk landsv\u00e4gscykel ett potentiellt stort framtidsnamn. I \u00e5r har Jakob S\u00f6derqvist parallellt k\u00f6rt v\u00e4rldscup i mountainbike och placerat sig bra i ett av XCC-loppen.<\/p>\n<a href=\"https:\/\/scf.se\/landsvag\/wp-content\/uploads\/sites\/5\/2023\/08\/JakobS1.jpg\"><img loading=\"lazy\" decoding=\"async\" class=\"alignnone size-full wp-image-4320\" src=\"https:\/\/scf.se\/landsvag\/wp-content\/uploads\/sites\/5\/2023\/08\/JakobS1.jpg\" alt=\"\" width=\"1006\" height=\"1207\" srcset=\"https:\/\/scf.se\/landsvag\/wp-content\/uploads\/sites\/5\/2023\/08\/JakobS1.jpg 1006w, https:\/\/scf.se\/landsvag\/wp-content\/uploads\/sites\/5\/2023\/08\/JakobS1-250x300.jpg 250w, https:\/\/scf.se\/landsvag\/wp-content\/uploads\/sites\/5\/2023\/08\/JakobS1-853x1024.jpg 853w, https:\/\/scf.se\/landsvag\/wp-content\/uploads\/sites\/5\/2023\/08\/JakobS1-768x921.jpg 768w\" sizes=\"auto, (max-width: 1006px) 100vw, 1006px\" \/><\/a>\n<p>I VM-tempoloppet var S\u00f6derqvist elva vid den f\u00f6rsta mellantiden p\u00e5 VM-tempoloppet, avancerade mycket redan till den andra och l\u00e5g sedan och krigade i ett j\u00e4mnt skick kring platserna sju till \u00e5tta. Kul att f\u00e5 kliva upp p\u00e5 det virtuella medaljpodiet som trea just efter m\u00e5lg\u00e5ng.<\/p>\n<p>Mot slutet av startf\u00e4ltet utmanade belgaren Alec Segaert segrande italienaren Lorenzo Milesi om segern och britten Josh Charlton smet f\u00f6rbi S\u00f6derqvist men tiden stod sig s\u00e5 bra.<\/p>\n<p>I resultatlistan nedan ska det noteras att b\u00e4sta dansk hamnade p\u00e5 plats 13. Jakob var b\u00e4sta nordiska cyklist. Det \u00e4r rej\u00e4lt bra p\u00e5 en l\u00e5nad tempocykel.<\/p>\n<p>Wetterhall sammanfattar loppet s\u00e5 h\u00e4r:<\/p>\n<blockquote><p>&#8221;V\u00e4ldigt bra. V\u00e4ldigt, v\u00e4ldigt bra. Lite v\u00e4l mycket laddning i kurvorna kanske men h\u00f6ll sig \u00e4nd\u00e5 p\u00e5 hjulen. Starkt att g\u00f6ra ett s\u00e5 v\u00e4l avv\u00e4gt lopp f\u00f6rsta g\u00e5ngen han k\u00f6r VM-tempo. Ja, det var f\u00f6rsta g\u00e5ngen som han k\u00f6rde med radioutrustning bakom. S\u00e5 vi har varit med och guidat honom \u2013 och han tog verkligen tillvara p\u00e5 det. Kul att se!&#8221;<\/p><\/blockquote>\n<h2>VM tempo herrar U23<\/h2>\n<ol>\n<li><strong>Lorenzo Milesi<\/strong>, Italien 43.00,46<\/li>\n<li><strong>Alec Segaert,<\/strong> Belgien -11,27<\/li>\n<li><strong>Hamish McKensie,<\/strong> Australien +50,79<\/li>\n<li><strong>Ra\u00fal Garcia Pierna<\/strong>, Spanien 53,59<\/li>\n<li><strong>Darren Rafferty<\/strong>, Irland +56,01<\/li>\n<li><strong>Josh Charlton<\/strong>, Storbritannien +1.11,57<\/li>\n<li><strong>Jakob S\u00f6derqvist,<\/strong> Sverige +1.18,12<\/li>\n<li><strong>Logan Currie,<\/strong> Australien +1.18,69<\/li>\n<\/ol>\n<ul>\n<li><a href=\"https:\/\/www.procyclingstats.com\/race\/world-championships-itt-u23\/2023\/result\"><em><strong>Alla resultat och mellantider hittar ni b\u00e4st H\u00c4R!<\/strong><\/em><\/a><\/li>\n<\/ul>\n<p><em>Text: Tomas Larsson\/SCF<\/em><br \/>\n<em>Foto: Alexander Wetterhall\/SCF<\/em><\/p>\n<hr \/>\n<p><em><strong>Svenska Cykelf\u00f6rbundet \u00e4r stolta \u00f6ver att presentera v\u00e5ra samarbetspartners. Tack vare dessa fantastiska f\u00f6retag kan v\u00e5ra cyklister oftare ta sig l\u00e4ngre ut i v\u00e4rlden.<\/strong><\/em><\/p>\n<h2><a href=\"https:\/\/scf.se\/forbundet\/sponsorer\/\"><img loading=\"lazy\" decoding=\"async\" class=\"alignnone size-full wp-image-3872\" src=\"https:\/\/scf.se\/landsvag\/wp-content\/uploads\/sites\/5\/2023\/02\/LiggandeBannerNyheterHemsida2023.png\" alt=\"\" width=\"1200\" height=\"200\" srcset=\"https:\/\/scf.se\/landsvag\/wp-content\/uploads\/sites\/5\/2023\/02\/LiggandeBannerNyheterHemsida2023.png 1200w, https:\/\/scf.se\/landsvag\/wp-content\/uploads\/sites\/5\/2023\/02\/LiggandeBannerNyheterHemsida2023-300x50.png 300w, https:\/\/scf.se\/landsvag\/wp-content\/uploads\/sites\/5\/2023\/02\/LiggandeBannerNyheterHemsida2023-1024x171.png 1024w, https:\/\/scf.se\/landsvag\/wp-content\/uploads\/sites\/5\/2023\/02\/LiggandeBannerNyheterHemsida2023-768x128.png 768w\" sizes=\"auto, (max-width: 1200px) 100vw, 1200px\" \/><\/a><\/h2>\n","protected":false},"excerpt":{"rendered":"<p>Jakob S\u00f6derqvist slutade sjua med 27 sekunder upp till pallplats i det 36 kilometer l\u00e5nga tempoloppet i Stirling p\u00e5 landsv\u00e4gs-VM i Skottland. Jakob S\u00f6derqvist, som gick in i s\u00e4songen som MTB-cyklist, stod f\u00f6r ett mycket stabilt genomf\u00f6rt lopp i ett VM-tempo med 79 startande som hade en tuff avslutning.\u00a0\u00a0 &#8221;V\u00e4ldigt bra avv\u00e4gt lopp av<a href=\"https:\/\/scf.se\/landsvag\/jakob-soderqvist-nosade-pa-medalj-sjua-i-u23-tempoloppet-pa-vm\/\" class=\"news-card__more\"> &#8230;<\/a><\/p>\n","protected":false},"author":41,"featured_media":4318,"comment_status":"open","ping_status":"open","sticky":false,"template":"","format":"standard","meta":{"_acf_changed":false,"footnotes":""},"categories":[1],"tags":[],"class_list":["post-4317","post","type-post","status-publish","format-standard","hentry","category-landsvag"],"acf":[],"_links":{"self":[{"href":"https:\/\/scf.se\/landsvag\/wp-json\/wp\/v2\/posts\/4317","targetHints":{"allow":["GET"]}}],"collection":[{"href":"https:\/\/scf.se\/landsvag\/wp-json\/wp\/v2\/posts"}],"about":[{"href":"https:\/\/scf.se\/landsvag\/wp-json\/wp\/v2\/types\/post"}],"author":[{"embeddable":true,"href":"https:\/\/scf.se\/landsvag\/wp-json\/wp\/v2\/users\/41"}],"replies":[{"embeddable":true,"href":"https:\/\/scf.se\/landsvag\/wp-json\/wp\/v2\/comments?post=4317"}],"version-history":[{"count":0,"href":"https:\/\/scf.se\/landsvag\/wp-json\/wp\/v2\/posts\/4317\/revisions"}],"wp:featuredmedia":[{"embeddable":true,"href":"https:\/\/scf.se\/landsvag\/wp-json\/wp\/v2\/media\/4318"}],"wp:attachment":[{"href":"https:\/\/scf.se\/landsvag\/wp-json\/wp\/v2\/media?parent=4317"}],"wp:term":[{"taxonomy":"category","embeddable":true,"href":"https:\/\/scf.se\/landsvag\/wp-json\/wp\/v2\/categories?post=4317"},{"taxonomy":"post_tag","embeddable":true,"href":"https:\/\/scf.se\/landsvag\/wp-json\/wp\/v2\/tags?post=4317"}],"curies":[{"name":"wp","href":"https:\/\/api.w.org\/{rel}","templated":true}]}}