
{"id":4312,"date":"2023-08-06T21:42:18","date_gmt":"2023-08-06T19:42:18","guid":{"rendered":"http:\/\/scf.se\/landsvag\/?p=4312"},"modified":"2023-08-08T13:47:21","modified_gmt":"2023-08-08T11:47:21","slug":"stark-insats-av-lucas-eriksson-i-pa-flera-satt-struligt-vm-linjelopp","status":"publish","type":"post","link":"https:\/\/scf.se\/landsvag\/stark-insats-av-lucas-eriksson-i-pa-flera-satt-struligt-vm-linjelopp\/","title":{"rendered":"Stark insats av Lucas Eriksson i ett p\u00e5 flera s\u00e4tt struligt VM-linjelopp"},"content":{"rendered":"<p><strong>Herrarnas linjelopp vid cykel-VM i Glasgow stoppades i n\u00e4stan en timme sedan milj\u00f6aktivister tagit sig in p\u00e5 t\u00e4vlingsv\u00e4gen och hindrat en utbrytnings framfart. Ur den r\u00f6ran och tio spektakul\u00e4ra rundor med m\u00e5nga fart\u00f6kningar p\u00e5 ett tufft innervarv stod ende svensken, Lucas Eriksson, f\u00f6r ett starkt lopp.<\/strong><\/p>\n<p>De senaste tv\u00e5 \u00e5rens svenska m\u00e4stare lopp hade en topp 20-placering p\u00e5 g\u00e5ng, men ett tekniskt fel med bakaxeln gjorde att han till sist valde att byta cykel. Han tappade kontakten med andraklungan och slutade p\u00e5 32:a plats, 14 minuter efter urstarke segraren Mathieu van der Poel fr\u00e5n Nederl\u00e4nderna.<\/p>\n<p>Danske stj\u00e4rnan Mads Pedersen s\u00e5g l\u00e4nge starkast ut p\u00e5 innervarven, d\u00e4r v\u00e4dret skiftade med n\u00e5gra rej\u00e4lt bl\u00f6ta och hala varv \u2013men blev till sist lottl\u00f6s n\u00e4r det g\u00e4ller medaljer och slutade fyra.<\/p>\n<h3>VM linjelopp herrelit<\/h3>\n<ul>\n<li><strong>1 Mathieu van der Poel<\/strong>, Nederl\u00e4nderna.<\/li>\n<li><strong>2 Wout van Aert,<\/strong> Belgien +1:37<\/li>\n<li><strong>3 Tadej Pogacar,<\/strong> Slovenien 1:45<\/li>\n<li><strong>32 Lucas Eriksson<\/strong> +13.59<\/li>\n<\/ul>\n<p>Cyklisterna fick sitta i landslagens bilar och \u00e4ta och dricka medan de v\u00e4ntade p\u00e5 att f\u00e5 forts\u00e4tta VM-loppet p\u00e5 hela 271 kilometer.<\/p>\n<a href=\"https:\/\/scf.se\/landsvag\/wp-content\/uploads\/sites\/5\/2023\/08\/Lucas-Eriksson-1.jpg\"><img loading=\"lazy\" decoding=\"async\" class=\"alignnone size-full wp-image-4315\" src=\"https:\/\/scf.se\/landsvag\/wp-content\/uploads\/sites\/5\/2023\/08\/Lucas-Eriksson-1.jpg\" alt=\"\" width=\"1231\" height=\"1746\" srcset=\"https:\/\/scf.se\/landsvag\/wp-content\/uploads\/sites\/5\/2023\/08\/Lucas-Eriksson-1.jpg 1231w, https:\/\/scf.se\/landsvag\/wp-content\/uploads\/sites\/5\/2023\/08\/Lucas-Eriksson-1-212x300.jpg 212w, https:\/\/scf.se\/landsvag\/wp-content\/uploads\/sites\/5\/2023\/08\/Lucas-Eriksson-1-722x1024.jpg 722w, https:\/\/scf.se\/landsvag\/wp-content\/uploads\/sites\/5\/2023\/08\/Lucas-Eriksson-1-768x1089.jpg 768w, https:\/\/scf.se\/landsvag\/wp-content\/uploads\/sites\/5\/2023\/08\/Lucas-Eriksson-1-1083x1536.jpg 1083w\" sizes=\"auto, (max-width: 1231px) 100vw, 1231px\" \/><\/a>\n<blockquote><p>&#8221;Ja, det \u00e4r klart att det var riktigt st\u00f6rande f\u00f6r alla cyklister med n\u00e4stan en timmes stopp. Det var dessutom struligt n\u00e4r de satte ig\u00e5ng loppet igen och det blev full gas fr\u00e5n en grupp som\u00a0 hade hamnat bra till i omstarten. Lucas tillh\u00f6rde dem som fick jobba extra b\u00e5de d\u00e4r och ett par g\u00e5nger p\u00e5 innervarvet. Men han gjorde det riktigt BRA medan m\u00e5nga stj\u00e4rnor v\u00e4ggade; visade att han har g\u00e5tt fram\u00e5t i kapacitet i \u00e5r, s\u00e4ger f\u00f6rbundskaptenen Lucas Persson.<\/p><\/blockquote>\n<p>&nbsp;<\/p>\n<a href=\"https:\/\/scf.se\/landsvag\/wp-content\/uploads\/sites\/5\/2023\/08\/Lucas-Eriksson-3.jpg\"><img loading=\"lazy\" decoding=\"async\" class=\"alignnone size-full wp-image-4313\" src=\"https:\/\/scf.se\/landsvag\/wp-content\/uploads\/sites\/5\/2023\/08\/Lucas-Eriksson-3.jpg\" alt=\"\" width=\"723\" height=\"465\" srcset=\"https:\/\/scf.se\/landsvag\/wp-content\/uploads\/sites\/5\/2023\/08\/Lucas-Eriksson-3.jpg 723w, https:\/\/scf.se\/landsvag\/wp-content\/uploads\/sites\/5\/2023\/08\/Lucas-Eriksson-3-300x193.jpg 300w\" sizes=\"auto, (max-width: 723px) 100vw, 723px\" \/><\/a>\n<p>P\u00e5 innervarven blev det mycket gummibandseffekt med st\u00e4ndiga fart\u00f6kningar.<\/p>\n<blockquote><p>&#8221;Lucas Eriksson fick slita v\u00e4ldigt mycket ett par g\u00e5nger men satt bra om. Vi hade tillsammans satt upp en plan f\u00f6r topp 20 innan loppet och det s\u00e5g l\u00e4nge bra ut. Synd med tekniska strulet p\u00e5 slutet, men s\u00e5 \u00e4r det i cykelsporten ibland. Riktigt starkt k\u00f6rt&#8221;, s\u00e4ger Lucas Persson.<\/p><\/blockquote>\n<ul>\n<li><a href=\"https:\/\/www.svt.se\/sport\/cykel\/10-30-se-herrarnas-linjelopp-fran-cykel-vm\"><em><strong>H\u00e4r kan ni se herrarnas linjelopp i efterhand!<\/strong><\/em><\/a><\/li>\n<li><a href=\"http:\/\/procyclingstats.com\/race\/world-championship\/2023\"><strong><em>Alla resultat fr\u00e5n herrarnas linjelopp h\u00e4r!<\/em><\/strong><\/a><\/li>\n<\/ul>\n<p><em>Text och foto: SCF<\/em><\/p>\n<hr \/>\n<p><em><strong>Svenska Cykelf\u00f6rbundet \u00e4r stolta \u00f6ver att presentera v\u00e5ra samarbetspartners. Tack vare dessa fantastiska f\u00f6retag kan v\u00e5ra cyklister oftare ta sig l\u00e4ngre ut i v\u00e4rlden.<\/strong><\/em><\/p>\n<h2><a href=\"https:\/\/scf.se\/forbundet\/sponsorer\/\"><img loading=\"lazy\" decoding=\"async\" class=\"alignnone size-full wp-image-3872\" src=\"https:\/\/scf.se\/landsvag\/wp-content\/uploads\/sites\/5\/2023\/02\/LiggandeBannerNyheterHemsida2023.png\" alt=\"\" width=\"1200\" height=\"200\" srcset=\"https:\/\/scf.se\/landsvag\/wp-content\/uploads\/sites\/5\/2023\/02\/LiggandeBannerNyheterHemsida2023.png 1200w, https:\/\/scf.se\/landsvag\/wp-content\/uploads\/sites\/5\/2023\/02\/LiggandeBannerNyheterHemsida2023-300x50.png 300w, https:\/\/scf.se\/landsvag\/wp-content\/uploads\/sites\/5\/2023\/02\/LiggandeBannerNyheterHemsida2023-1024x171.png 1024w, https:\/\/scf.se\/landsvag\/wp-content\/uploads\/sites\/5\/2023\/02\/LiggandeBannerNyheterHemsida2023-768x128.png 768w\" sizes=\"auto, (max-width: 1200px) 100vw, 1200px\" \/><\/a><\/h2>\n","protected":false},"excerpt":{"rendered":"<p>Herrarnas linjelopp vid cykel-VM i Glasgow stoppades i n\u00e4stan en timme sedan milj\u00f6aktivister tagit sig in p\u00e5 t\u00e4vlingsv\u00e4gen och hindrat en utbrytnings framfart. Ur den r\u00f6ran och tio spektakul\u00e4ra rundor med m\u00e5nga fart\u00f6kningar p\u00e5 ett tufft innervarv stod ende svensken, Lucas Eriksson, f\u00f6r ett starkt lopp. De senaste tv\u00e5 \u00e5rens svenska m\u00e4stare lopp hade<a href=\"https:\/\/scf.se\/landsvag\/stark-insats-av-lucas-eriksson-i-pa-flera-satt-struligt-vm-linjelopp\/\" class=\"news-card__more\"> &#8230;<\/a><\/p>\n","protected":false},"author":41,"featured_media":4314,"comment_status":"open","ping_status":"open","sticky":false,"template":"","format":"standard","meta":{"_acf_changed":false,"footnotes":""},"categories":[1],"tags":[],"class_list":["post-4312","post","type-post","status-publish","format-standard","hentry","category-landsvag"],"acf":[],"_links":{"self":[{"href":"https:\/\/scf.se\/landsvag\/wp-json\/wp\/v2\/posts\/4312","targetHints":{"allow":["GET"]}}],"collection":[{"href":"https:\/\/scf.se\/landsvag\/wp-json\/wp\/v2\/posts"}],"about":[{"href":"https:\/\/scf.se\/landsvag\/wp-json\/wp\/v2\/types\/post"}],"author":[{"embeddable":true,"href":"https:\/\/scf.se\/landsvag\/wp-json\/wp\/v2\/users\/41"}],"replies":[{"embeddable":true,"href":"https:\/\/scf.se\/landsvag\/wp-json\/wp\/v2\/comments?post=4312"}],"version-history":[{"count":0,"href":"https:\/\/scf.se\/landsvag\/wp-json\/wp\/v2\/posts\/4312\/revisions"}],"wp:featuredmedia":[{"embeddable":true,"href":"https:\/\/scf.se\/landsvag\/wp-json\/wp\/v2\/media\/4314"}],"wp:attachment":[{"href":"https:\/\/scf.se\/landsvag\/wp-json\/wp\/v2\/media?parent=4312"}],"wp:term":[{"taxonomy":"category","embeddable":true,"href":"https:\/\/scf.se\/landsvag\/wp-json\/wp\/v2\/categories?post=4312"},{"taxonomy":"post_tag","embeddable":true,"href":"https:\/\/scf.se\/landsvag\/wp-json\/wp\/v2\/tags?post=4312"}],"curies":[{"name":"wp","href":"https:\/\/api.w.org\/{rel}","templated":true}]}}