
{"id":4310,"date":"2023-07-26T08:37:31","date_gmt":"2023-07-26T06:37:31","guid":{"rendered":"http:\/\/scf.se\/landsvag\/?p=4310"},"modified":"2023-08-04T11:19:52","modified_gmt":"2023-08-04T09:19:52","slug":"merlov-och-magnusson-in-i-vm-truppen-landsvag-som-nu-ar-spikad","status":"publish","type":"post","link":"https:\/\/scf.se\/landsvag\/merlov-och-magnusson-in-i-vm-truppen-landsvag-som-nu-ar-spikad\/","title":{"rendered":"Merl\u00f6v och Magnusson in i VM-truppen landsv\u00e4g som nu \u00e4r spikad"},"content":{"rendered":"<p><strong>VM-truppen f\u00f6r landsv\u00e4g spikad. En skada p\u00e5 juniorsidan och tv\u00e5 nya cyklister i form av senaste m\u00e5naden formstarka Ville Merl\u00f6v och Gustav Magnusson in i VM-truppen. De inleder t\u00e4vlandet i Glasgow den 5 augusti. \u00d6vriga t\u00e4vlingsdagar f\u00f6r svensk del n\u00e4r det g\u00e4ller landsv\u00e4g \u00e4r 6, <\/strong><strong>9, <\/strong><strong>12 och 13 augusti. <\/strong><strong>\u00a0<\/strong><\/p>\n<p>Ivan \u00c5str\u00f6m, Borl\u00e4nge CK, br\u00f6t tyv\u00e4rr nyckelbenet under U6 och det har hela tiden varit lite \u00f6ppet att ut\u00f6ka just herrjuniortruppen d\u00e4r det har varit j\u00e4mnt i toppen under \u00e5ret, men d\u00e4r tv\u00e5 cyklister verkligen har utm\u00e4rkt sig p\u00e5 bland annat SM och U6 den senaste m\u00e5naden.<\/p>\n<div id=\"attachment_4236\" class=\"wp-caption alignnone\" ><a href=\"https:\/\/scf.se\/landsvag\/wp-content\/uploads\/sites\/5\/2023\/06\/Bildspellordag2.jpg\"><img loading=\"lazy\" decoding=\"async\" class=\"size-full wp-image-4236\" src=\"https:\/\/scf.se\/landsvag\/wp-content\/uploads\/sites\/5\/2023\/06\/Bildspellordag2.jpg\" alt=\"\" width=\"1280\" height=\"1249\" srcset=\"https:\/\/scf.se\/landsvag\/wp-content\/uploads\/sites\/5\/2023\/06\/Bildspellordag2.jpg 1280w, https:\/\/scf.se\/landsvag\/wp-content\/uploads\/sites\/5\/2023\/06\/Bildspellordag2-300x293.jpg 300w, https:\/\/scf.se\/landsvag\/wp-content\/uploads\/sites\/5\/2023\/06\/Bildspellordag2-1024x999.jpg 1024w, https:\/\/scf.se\/landsvag\/wp-content\/uploads\/sites\/5\/2023\/06\/Bildspellordag2-768x749.jpg 768w\" sizes=\"auto, (max-width: 1280px) 100vw, 1280px\" \/><\/a><p class=\"wp-caption-text\"><em>Gustav Magnusson och Ville Merl\u00f6v, h\u00e4r p\u00e5 SM-pallen d\u00e4r Ville vann uppg\u00f6relsen om guldet mellan de b\u00e4gge, f\u00e5r nu chansen \u00e4ven i VM.<\/em><\/p><\/div>\n<p>Det \u00e4r Gustav Magnusson och Ville Merl\u00f6v\u00a0som nu b\u00e5da f\u00e5r chansen att k\u00f6ra VM som f\u00f6r landsv\u00e4gsdelen f\u00f6r svensk del inleds just ned herrjuniorernas linjelopp.<\/p>\n<blockquote><p>&#8221;Ville och Gustav k\u00f6r bra och \u00e4r v\u00e4ldigt j\u00e4mna. Finns flera till men just dessa tv\u00e5 \u00e4r j\u00e4mna. P\u00e5 U6 som exempel s\u00e5 skilde det mindre \u00e4n 1sek i totalen&#8221;, s\u00e4ger assisterande f\u00f6rbundskaptenen Alexander Wetterhall.<\/p><\/blockquote>\n<p><a href=\"https:\/\/scf.se\/landsvag\/jenny-rissveds-finns-med-i-vm-laget-pa-landsvag-har-ar-svenska-laget\/\"><em><strong>Vi har tidigare presenterat resterande delen av VM-truppen<\/strong><\/em><\/a> d\u00e4r det m\u00e4rks att MTB-cyklisterna Jenny Rissveds, Stina Kagevi och Jakob S\u00f6derqvist finns med. S\u00f6derqvist k\u00f6r dessutom tempot p\u00e5 landsv\u00e4g medan Rissveds och Kagevi dubblerar med MTB.<\/p>\n<div id=\"attachment_4202\" class=\"wp-caption alignnone\" ><a href=\"https:\/\/scf.se\/landsvag\/wp-content\/uploads\/sites\/5\/2023\/06\/Tempodam2.jpg\"><img loading=\"lazy\" decoding=\"async\" class=\"size-full wp-image-4202\" src=\"https:\/\/scf.se\/landsvag\/wp-content\/uploads\/sites\/5\/2023\/06\/Tempodam2.jpg\" alt=\"\" width=\"2016\" height=\"1512\" srcset=\"https:\/\/scf.se\/landsvag\/wp-content\/uploads\/sites\/5\/2023\/06\/Tempodam2.jpg 2016w, https:\/\/scf.se\/landsvag\/wp-content\/uploads\/sites\/5\/2023\/06\/Tempodam2-300x225.jpg 300w, https:\/\/scf.se\/landsvag\/wp-content\/uploads\/sites\/5\/2023\/06\/Tempodam2-1024x768.jpg 1024w, https:\/\/scf.se\/landsvag\/wp-content\/uploads\/sites\/5\/2023\/06\/Tempodam2-768x576.jpg 768w, https:\/\/scf.se\/landsvag\/wp-content\/uploads\/sites\/5\/2023\/06\/Tempodam2-1536x1152.jpg 1536w\" sizes=\"auto, (max-width: 2016px) 100vw, 2016px\" \/><\/a><p class=\"wp-caption-text\"><em>Jenny Rissveds k\u00f6r just nu damernes Tour de France och g\u00f6r en intressant VM-start i landsv\u00e4g, dubblerar med MTB.<\/em><\/p><\/div>\n<p>Rej\u00e4lt tufft om platserna i damernas intressanta linjelopp d\u00e4r allroundkunniga Julia Borgstr\u00f6m och vassa spurtaren Emilia Fahlin kompletterar. I herrelit f\u00f6ll valet p\u00e5 SM-vinnaren Lucas Eriksson.<\/p>\n<h3>Damer seniorelit, linje<\/h3>\n<ul>\n<li><strong>Jenny Rissveds<\/strong>, Team COOP \u2013 Hitec Products<\/li>\n<li><strong>Emilia Fahlin<\/strong>, FDJ \u2013 Suez<\/li>\n<li><strong>Julia Borgstr\u00f6m<\/strong>\u00a0(\u00e4ven U23), AG Insurance \u2013 Soudal Quick-Step<\/li>\n<\/ul>\n<h3>Herrar seniorelit, linje<\/h3>\n<ul>\n<li><strong>Lucas Eriksson<\/strong>, Tudor Pro Cycling Team<\/li>\n<\/ul>\n<h3>Herrar U23, linje och tempo<\/h3>\n<ul>\n<li><strong>Jakob S\u00f6derqvist<\/strong>, Evolite Cycling Club<\/li>\n<\/ul>\n<h3>Damer junior, linje<\/h3>\n<ul>\n<li><strong>Stina Kagevi,<\/strong>\u00a0Motala AIF CK<\/li>\n<\/ul>\n<h3>Herrar junior, linje<\/h3>\n<ul>\n<li><strong>Ville Merl\u00f6v<\/strong>, Team Bach Advokater CEC \/ \u00c5storps CK<\/li>\n<li><strong>Gustav Magnusson<\/strong>, J\u00f6nk\u00f6pings CK<\/li>\n<\/ul>\n<h2>Svenska landsv\u00e4gscyklisterna i VM<\/h2>\n<ul>\n<li><strong>L\u00f6rdag 5 augusti,<\/strong> <strong>11.00 (svensk tid):<\/strong> Linjelopp damjunior, Stina Kagevi.<br \/>\n<strong>14.00:<\/strong> linjelopp herrjunior. Ville Merl\u00f6v och Gustav Magnusson.<\/li>\n<li><strong>S\u00f6ndag 6 augusti,<\/strong> <strong>10.30:<\/strong> Linjelopp herrar seniorelit. Lucas Eriksson.<\/li>\n<li><strong>Onsdag 9 augusti, 15.30:<\/strong>\u00a0Tempolopp herrar U23. Jakob S\u00f6derqvist.<\/li>\n<li><strong>L\u00f6rdag 12 augusti, 12.30<\/strong>: Linjelopp herrar U23. Jakob S\u00f6derqvist.<\/li>\n<li><strong>S\u00f6ndag 13 augusti, 13.00:<\/strong> Linjelopp damer\u00a0 seniorelit och U23. Jenny Rissveds, Emilia Fahlin och Julia Borgstr\u00f6m.<\/li>\n<\/ul>\n<p><em>Text och foto: Svenska Cykelf\u00f6rbundet<br \/>\n(fria f\u00f6r publicering men ange fotocred)<\/em><\/p>\n<hr \/>\n<p><em><strong>Svenska Cykelf\u00f6rbundet \u00e4r stolta \u00f6ver att presentera v\u00e5ra samarbetspartners. Tack vare dessa fantastiska f\u00f6retag kan v\u00e5ra cyklister oftare ta sig l\u00e4ngre ut i v\u00e4rlden.<\/strong><\/em><\/p>\n<h2><a href=\"https:\/\/scf.se\/forbundet\/sponsorer\/\"><img loading=\"lazy\" decoding=\"async\" class=\"alignnone size-full wp-image-3872\" src=\"https:\/\/scf.se\/landsvag\/wp-content\/uploads\/sites\/5\/2023\/02\/LiggandeBannerNyheterHemsida2023.png\" alt=\"\" width=\"1200\" height=\"200\" srcset=\"https:\/\/scf.se\/landsvag\/wp-content\/uploads\/sites\/5\/2023\/02\/LiggandeBannerNyheterHemsida2023.png 1200w, https:\/\/scf.se\/landsvag\/wp-content\/uploads\/sites\/5\/2023\/02\/LiggandeBannerNyheterHemsida2023-300x50.png 300w, https:\/\/scf.se\/landsvag\/wp-content\/uploads\/sites\/5\/2023\/02\/LiggandeBannerNyheterHemsida2023-1024x171.png 1024w, https:\/\/scf.se\/landsvag\/wp-content\/uploads\/sites\/5\/2023\/02\/LiggandeBannerNyheterHemsida2023-768x128.png 768w\" sizes=\"auto, (max-width: 1200px) 100vw, 1200px\" \/><\/a><\/h2>\n","protected":false},"excerpt":{"rendered":"<p>VM-truppen f\u00f6r landsv\u00e4g spikad. En skada p\u00e5 juniorsidan och tv\u00e5 nya cyklister i form av senaste m\u00e5naden formstarka Ville Merl\u00f6v och Gustav Magnusson in i VM-truppen. De inleder t\u00e4vlandet i Glasgow den 5 augusti. \u00d6vriga t\u00e4vlingsdagar f\u00f6r svensk del n\u00e4r det g\u00e4ller landsv\u00e4g \u00e4r 6, 9, 12 och 13 augusti. \u00a0 Ivan \u00c5str\u00f6m, Borl\u00e4nge<a href=\"https:\/\/scf.se\/landsvag\/merlov-och-magnusson-in-i-vm-truppen-landsvag-som-nu-ar-spikad\/\" class=\"news-card__more\"> &#8230;<\/a><\/p>\n","protected":false},"author":41,"featured_media":4214,"comment_status":"open","ping_status":"open","sticky":false,"template":"","format":"standard","meta":{"_acf_changed":false,"footnotes":""},"categories":[1],"tags":[],"class_list":["post-4310","post","type-post","status-publish","format-standard","hentry","category-landsvag"],"acf":[],"_links":{"self":[{"href":"https:\/\/scf.se\/landsvag\/wp-json\/wp\/v2\/posts\/4310","targetHints":{"allow":["GET"]}}],"collection":[{"href":"https:\/\/scf.se\/landsvag\/wp-json\/wp\/v2\/posts"}],"about":[{"href":"https:\/\/scf.se\/landsvag\/wp-json\/wp\/v2\/types\/post"}],"author":[{"embeddable":true,"href":"https:\/\/scf.se\/landsvag\/wp-json\/wp\/v2\/users\/41"}],"replies":[{"embeddable":true,"href":"https:\/\/scf.se\/landsvag\/wp-json\/wp\/v2\/comments?post=4310"}],"version-history":[{"count":0,"href":"https:\/\/scf.se\/landsvag\/wp-json\/wp\/v2\/posts\/4310\/revisions"}],"wp:featuredmedia":[{"embeddable":true,"href":"https:\/\/scf.se\/landsvag\/wp-json\/wp\/v2\/media\/4214"}],"wp:attachment":[{"href":"https:\/\/scf.se\/landsvag\/wp-json\/wp\/v2\/media?parent=4310"}],"wp:term":[{"taxonomy":"category","embeddable":true,"href":"https:\/\/scf.se\/landsvag\/wp-json\/wp\/v2\/categories?post=4310"},{"taxonomy":"post_tag","embeddable":true,"href":"https:\/\/scf.se\/landsvag\/wp-json\/wp\/v2\/tags?post=4310"}],"curies":[{"name":"wp","href":"https:\/\/api.w.org\/{rel}","templated":true}]}}