
{"id":4307,"date":"2023-07-11T09:25:36","date_gmt":"2023-07-11T07:25:36","guid":{"rendered":"http:\/\/scf.se\/landsvag\/?p=4307"},"modified":"2023-08-04T11:20:43","modified_gmt":"2023-08-04T09:20:43","slug":"jenny-rissveds-finns-med-i-vm-laget-pa-landsvag-har-ar-svenska-laget","status":"publish","type":"post","link":"https:\/\/scf.se\/landsvag\/jenny-rissveds-finns-med-i-vm-laget-pa-landsvag-har-ar-svenska-laget\/","title":{"rendered":"Jenny Rissveds k\u00f6r \u00e4ven landsv\u00e4g p\u00e5 VM i Glasgow \u2013 h\u00e4r \u00e4r svenska laget"},"content":{"rendered":"<p><strong>Sju svenska cyklister \u00e4r laddade att ta sig ett ovanligt stort, samlat cykel-VM i Glasgow. Sverige kommer med en mycket stark trio i damernas linjelopp med Jenny Rissveds, Emilia Fahlin och Julia Borgstr\u00f6m. Lucas Eriksson och Jakob S\u00f6derqvist tar de enda platserna i herrelit respektive U23. Juniorerna Stina Kagevi och Ivan \u00c5str\u00f6m blir tv\u00e5 av fyra VM-debutanter p\u00e5 landsv\u00e4g.<\/strong><\/p>\n<a href=\"https:\/\/scf.se\/landsvag\/wp-content\/uploads\/sites\/5\/2023\/06\/HL92.jpg\"><img loading=\"lazy\" decoding=\"async\" class=\"alignnone size-full wp-image-4242\" src=\"https:\/\/scf.se\/landsvag\/wp-content\/uploads\/sites\/5\/2023\/06\/HL92.jpg\" alt=\"\" width=\"1913\" height=\"1314\" srcset=\"https:\/\/scf.se\/landsvag\/wp-content\/uploads\/sites\/5\/2023\/06\/HL92.jpg 1913w, https:\/\/scf.se\/landsvag\/wp-content\/uploads\/sites\/5\/2023\/06\/HL92-300x206.jpg 300w, https:\/\/scf.se\/landsvag\/wp-content\/uploads\/sites\/5\/2023\/06\/HL92-1024x703.jpg 1024w, https:\/\/scf.se\/landsvag\/wp-content\/uploads\/sites\/5\/2023\/06\/HL92-768x528.jpg 768w, https:\/\/scf.se\/landsvag\/wp-content\/uploads\/sites\/5\/2023\/06\/HL92-1536x1055.jpg 1536w\" sizes=\"auto, (max-width: 1913px) 100vw, 1913px\" \/><\/a>\n<p>Lucas Eriksson kommer, liksom Emilia Fahlin, till VM med ett f\u00e4rskt SM-guld fr\u00e5n Tierp Arena. I herrelit hade Sverige bara en plats s\u00e5 Eriksson f\u00e5r ta sig an ett r\u00e4tt h\u00e5rt varv inne i Glasgow, som v\u00e4ntar i linjeloppen, p\u00e5 egen hand.<\/p>\n<p>P\u00e5 damsidan har det svenska laget ett p\u00e5 papperet v\u00e4ldigt intressant lag \u00e4ven om Sverige endast fick tre VM-platser i damernas linjelopp i \u00e5r s\u00e5 stornationerna har f\u00f6rst\u00e5s f\u00f6rdel med sina hj\u00e4lpryttare.<\/p>\n<a href=\"https:\/\/scf.se\/landsvag\/wp-content\/uploads\/sites\/5\/2023\/06\/Bildspellordag8.jpg\"><img loading=\"lazy\" decoding=\"async\" class=\"alignnone size-full wp-image-4231\" src=\"https:\/\/scf.se\/landsvag\/wp-content\/uploads\/sites\/5\/2023\/06\/Bildspellordag8.jpg\" alt=\"\" width=\"1708\" height=\"1512\" srcset=\"https:\/\/scf.se\/landsvag\/wp-content\/uploads\/sites\/5\/2023\/06\/Bildspellordag8.jpg 1708w, https:\/\/scf.se\/landsvag\/wp-content\/uploads\/sites\/5\/2023\/06\/Bildspellordag8-300x266.jpg 300w, https:\/\/scf.se\/landsvag\/wp-content\/uploads\/sites\/5\/2023\/06\/Bildspellordag8-1024x906.jpg 1024w, https:\/\/scf.se\/landsvag\/wp-content\/uploads\/sites\/5\/2023\/06\/Bildspellordag8-768x680.jpg 768w, https:\/\/scf.se\/landsvag\/wp-content\/uploads\/sites\/5\/2023\/06\/Bildspellordag8-1536x1360.jpg 1536w\" sizes=\"auto, (max-width: 1708px) 100vw, 1708px\" \/><\/a>\n<p>Det blir allts\u00e5 en stark spurtare i Emilia Fahlin, allroundkunniga Julia Borgstr\u00f6m som \u00e4ven k\u00f6r f\u00f6r U23-medalj i samma lopp och sedan allts\u00e5 den s\u00e5 extremt \u00e5kstarka Jenny Rissveds.<\/p>\n<a href=\"https:\/\/scf.se\/landsvag\/wp-content\/uploads\/sites\/5\/2023\/06\/Tempodam2.jpg\"><img loading=\"lazy\" decoding=\"async\" class=\"alignnone size-full wp-image-4202\" src=\"https:\/\/scf.se\/landsvag\/wp-content\/uploads\/sites\/5\/2023\/06\/Tempodam2.jpg\" alt=\"\" width=\"2016\" height=\"1512\" srcset=\"https:\/\/scf.se\/landsvag\/wp-content\/uploads\/sites\/5\/2023\/06\/Tempodam2.jpg 2016w, https:\/\/scf.se\/landsvag\/wp-content\/uploads\/sites\/5\/2023\/06\/Tempodam2-300x225.jpg 300w, https:\/\/scf.se\/landsvag\/wp-content\/uploads\/sites\/5\/2023\/06\/Tempodam2-1024x768.jpg 1024w, https:\/\/scf.se\/landsvag\/wp-content\/uploads\/sites\/5\/2023\/06\/Tempodam2-768x576.jpg 768w, https:\/\/scf.se\/landsvag\/wp-content\/uploads\/sites\/5\/2023\/06\/Tempodam2-1536x1152.jpg 1536w\" sizes=\"auto, (max-width: 2016px) 100vw, 2016px\" \/><\/a>\n<blockquote><p>&#8221;Jenny kommer att k\u00f6ra mountainbiken dagen innan, s\u00e5 hon f\u00e5r ladda om snabbt&#8221;, s\u00e4ger svenska f\u00f6rbundskaptenen Lucas Persson.<\/p><\/blockquote>\n<p>Klart \u00e4r att det blir ett mycket intressant linjelopp f\u00f6r damer ur svensk synvinkel.<\/p>\n<blockquote><p>&#8221;Ja, det ska bli riktigt kul att se Jenny k\u00f6ra i ett VM mot de allra b\u00e4sta. Emilia k\u00f6rde bra p\u00e5 EM i Glasgow 2018. Hon k\u00f6rde f\u00f6r medalj n\u00e4r hon tyv\u00e4rr fick strul med cykeln med bara n\u00e5gra hundra meter kvar. S\u00e5 h\u00e4r kan hon f\u00e5 en revansch. Julia kan ta flera olika roller i laget och s\u00e5 \u00e4r det f\u00f6rst\u00e5s intressant med U23-klassen ocks\u00e5&#8221;, s\u00e4ger Lucas Persson.<\/p><\/blockquote>\n<a href=\"https:\/\/scf.se\/landsvag\/wp-content\/uploads\/sites\/5\/2023\/05\/ToEsoderqvist.jpg\"><img loading=\"lazy\" decoding=\"async\" class=\"alignnone size-full wp-image-4104\" src=\"https:\/\/scf.se\/landsvag\/wp-content\/uploads\/sites\/5\/2023\/05\/ToEsoderqvist.jpg\" alt=\"\" width=\"1169\" height=\"841\" srcset=\"https:\/\/scf.se\/landsvag\/wp-content\/uploads\/sites\/5\/2023\/05\/ToEsoderqvist.jpg 1169w, https:\/\/scf.se\/landsvag\/wp-content\/uploads\/sites\/5\/2023\/05\/ToEsoderqvist-300x216.jpg 300w, https:\/\/scf.se\/landsvag\/wp-content\/uploads\/sites\/5\/2023\/05\/ToEsoderqvist-1024x737.jpg 1024w, https:\/\/scf.se\/landsvag\/wp-content\/uploads\/sites\/5\/2023\/05\/ToEsoderqvist-768x553.jpg 768w\" sizes=\"auto, (max-width: 1169px) 100vw, 1169px\" \/><\/a>\n<p>I herrarnas U23-klass var det dribbel kring nationsrankningen. Inf\u00f6r VM drog man strecket i rankningen redan 20 juni och det gjorde att Sverige stod helt utan U23-platser, trots en del riktigt fina insatser under \u00e5ret.<\/p>\n<blockquote><p>&#8221;Jag ans\u00f6kte d\u00e5 om en plats, som det ser ut nu f\u00e5r vi en plats \u2013 och det \u00e4r Jakob S\u00f6derqvist som ska k\u00f6ra b\u00e5de tempo och linje. Det ska bli sp\u00e4nnande att se hur det g\u00e5r p\u00e5 tempot&#8230;och \u00e4ven linjeloppet&#8221;, s\u00e4ger Lucas Persson<\/p><\/blockquote>\n<p>Jakob S\u00f6derqvist, som i \u00e5r har dubblat MTB och landsv\u00e4g, vann tredje etappen p\u00e5 franska Tour du Loir et Cher efter att ha g\u00e5tt loss solo med sex kilometer kvar. S\u00f6derqvist gjorde ocks\u00e5 ett riktigt bra tempo-lopp n\u00e4r han var tv\u00e5a p\u00e5 SM i lilla Bj\u00f6rklinge. Han k\u00f6rde till sig en VM-plats \u00e4ven i tempo.<\/p>\n<a href=\"https:\/\/scf.se\/landsvag\/wp-content\/uploads\/sites\/5\/2023\/06\/NLKagevi2.jpg\"><img loading=\"lazy\" decoding=\"async\" class=\"alignnone size-full wp-image-4147\" src=\"https:\/\/scf.se\/landsvag\/wp-content\/uploads\/sites\/5\/2023\/06\/NLKagevi2.jpg\" alt=\"\" width=\"1280\" height=\"961\" srcset=\"https:\/\/scf.se\/landsvag\/wp-content\/uploads\/sites\/5\/2023\/06\/NLKagevi2.jpg 1280w, https:\/\/scf.se\/landsvag\/wp-content\/uploads\/sites\/5\/2023\/06\/NLKagevi2-300x225.jpg 300w, https:\/\/scf.se\/landsvag\/wp-content\/uploads\/sites\/5\/2023\/06\/NLKagevi2-1024x769.jpg 1024w, https:\/\/scf.se\/landsvag\/wp-content\/uploads\/sites\/5\/2023\/06\/NLKagevi2-768x577.jpg 768w\" sizes=\"auto, (max-width: 1280px) 100vw, 1280px\" \/><\/a>\n<p>P\u00e5 juniorsidan blir ytterligare en dubblerande cyklist i form av Stina Kagevi, som vann b\u00e4gge SM-gulden p\u00e5 landsv\u00e4g men k\u00f6r bara linjeloppet p\u00e5 VM. Om det blir dubblering \u00e4ven p\u00e5 VM f\u00e5r vi se p\u00e5 n\u00e4r MTB-laget offentligg\u00f6rs senast p\u00e5 m\u00e5ndag.<\/p>\n<p>P\u00e5 herrjuniorsidan har det varit betydligt j\u00e4mnare under \u00e5ret. Ivan \u00c5str\u00f6m har visat gott gry internationellt och blir den som f\u00e5r chansen p\u00e5 VM.<\/p>\n<h3>Damer seniorelit, linje<\/h3>\n<ul>\n<li><strong>Jenny Rissveds<\/strong>, Team COOP &#8211; Hitec Products<\/li>\n<li><strong>Emilia Fahlin<\/strong>, FDJ &#8211; Suez<\/li>\n<li><strong>Julia Borgstr\u00f6m<\/strong> (\u00e4ven U23), AG Insurance &#8211; Soudal Quick-Step<\/li>\n<\/ul>\n<h3>Herrar seniorelit, linje<\/h3>\n<ul>\n<li><strong>Lucas Eriksson<\/strong>, Tudor Pro Cycling Team<\/li>\n<\/ul>\n<h3>Herrar U23, linje och tempo<\/h3>\n<ul>\n<li><strong>Jakob S\u00f6derqvist<\/strong>, Evolite Cycling Club<\/li>\n<\/ul>\n<h3>Damer junior, linje<\/h3>\n<ul>\n<li><strong>Stina Kagevi,<\/strong> Motala AIF CK<\/li>\n<\/ul>\n<h3>Herrar junior, linje<\/h3>\n<ul>\n<li><strong>Ivan \u00c5str\u00f6m<\/strong>, Borl\u00e4nge CK<\/li>\n<\/ul>\n<h2>Svenska landsv\u00e4gscyklisterna i VM<\/h2>\n<ul>\n<li><strong>L\u00f6rdag 5 augusti,<\/strong> <strong>11.00 (svensk tid):<\/strong> Linjelopp damjunior, Stina Kagevi.<br \/>\n<strong>14.00:<\/strong> linjelopp herrjunior. Ville Merl\u00f6v och Gustav Magnusson.<\/li>\n<li><strong>S\u00f6ndag 6 augusti,<\/strong> <strong>10.30:<\/strong> Linjelopp herrar seniorelit. Lucas Eriksson.<\/li>\n<li><strong>Onsdag 9 augusti, 15.30:<\/strong>\u00a0Tempolopp herrar U23. Jakob S\u00f6derqvist.<\/li>\n<li><strong>L\u00f6rdag 12 augusti, 12.30<\/strong>: Linjelopp herrar U23. Jakob S\u00f6derqvist.<\/li>\n<li><strong>S\u00f6ndag 13 augusti, 13.00:<\/strong> Linjelopp damer\u00a0 seniorelit och U23. Jenny Rissveds, Emilia Fahlin och Julia Borgstr\u00f6m.<\/li>\n<\/ul>\n<p><em>Text och foto: Svenska Cykelf\u00f6rbundet<br \/>\n(fria f\u00f6r publicering men ange fotocred)<\/em><\/p>\n<hr \/>\n<p><em><strong>Svenska Cykelf\u00f6rbundet \u00e4r stolta \u00f6ver att presentera v\u00e5ra samarbetspartners. Tack vare dessa fantastiska f\u00f6retag kan v\u00e5ra cyklister oftare ta sig l\u00e4ngre ut i v\u00e4rlden.<\/strong><\/em><\/p>\n<h2><a href=\"https:\/\/scf.se\/forbundet\/sponsorer\/\"><img loading=\"lazy\" decoding=\"async\" class=\"alignnone size-full wp-image-3872\" src=\"https:\/\/scf.se\/landsvag\/wp-content\/uploads\/sites\/5\/2023\/02\/LiggandeBannerNyheterHemsida2023.png\" alt=\"\" width=\"1200\" height=\"200\" srcset=\"https:\/\/scf.se\/landsvag\/wp-content\/uploads\/sites\/5\/2023\/02\/LiggandeBannerNyheterHemsida2023.png 1200w, https:\/\/scf.se\/landsvag\/wp-content\/uploads\/sites\/5\/2023\/02\/LiggandeBannerNyheterHemsida2023-300x50.png 300w, https:\/\/scf.se\/landsvag\/wp-content\/uploads\/sites\/5\/2023\/02\/LiggandeBannerNyheterHemsida2023-1024x171.png 1024w, https:\/\/scf.se\/landsvag\/wp-content\/uploads\/sites\/5\/2023\/02\/LiggandeBannerNyheterHemsida2023-768x128.png 768w\" sizes=\"auto, (max-width: 1200px) 100vw, 1200px\" \/><\/a><\/h2>\n","protected":false},"excerpt":{"rendered":"<p>Sju svenska cyklister \u00e4r laddade att ta sig ett ovanligt stort, samlat cykel-VM i Glasgow. Sverige kommer med en mycket stark trio i damernas linjelopp med Jenny Rissveds, Emilia Fahlin och Julia Borgstr\u00f6m. Lucas Eriksson och Jakob S\u00f6derqvist tar de enda platserna i herrelit respektive U23. Juniorerna Stina Kagevi och Ivan \u00c5str\u00f6m blir tv\u00e5<a href=\"https:\/\/scf.se\/landsvag\/jenny-rissveds-finns-med-i-vm-laget-pa-landsvag-har-ar-svenska-laget\/\" class=\"news-card__more\"> &#8230;<\/a><\/p>\n","protected":false},"author":41,"featured_media":4308,"comment_status":"open","ping_status":"open","sticky":false,"template":"","format":"standard","meta":{"_acf_changed":false,"footnotes":""},"categories":[1],"tags":[],"class_list":["post-4307","post","type-post","status-publish","format-standard","hentry","category-landsvag"],"acf":[],"_links":{"self":[{"href":"https:\/\/scf.se\/landsvag\/wp-json\/wp\/v2\/posts\/4307","targetHints":{"allow":["GET"]}}],"collection":[{"href":"https:\/\/scf.se\/landsvag\/wp-json\/wp\/v2\/posts"}],"about":[{"href":"https:\/\/scf.se\/landsvag\/wp-json\/wp\/v2\/types\/post"}],"author":[{"embeddable":true,"href":"https:\/\/scf.se\/landsvag\/wp-json\/wp\/v2\/users\/41"}],"replies":[{"embeddable":true,"href":"https:\/\/scf.se\/landsvag\/wp-json\/wp\/v2\/comments?post=4307"}],"version-history":[{"count":0,"href":"https:\/\/scf.se\/landsvag\/wp-json\/wp\/v2\/posts\/4307\/revisions"}],"wp:featuredmedia":[{"embeddable":true,"href":"https:\/\/scf.se\/landsvag\/wp-json\/wp\/v2\/media\/4308"}],"wp:attachment":[{"href":"https:\/\/scf.se\/landsvag\/wp-json\/wp\/v2\/media?parent=4307"}],"wp:term":[{"taxonomy":"category","embeddable":true,"href":"https:\/\/scf.se\/landsvag\/wp-json\/wp\/v2\/categories?post=4307"},{"taxonomy":"post_tag","embeddable":true,"href":"https:\/\/scf.se\/landsvag\/wp-json\/wp\/v2\/tags?post=4307"}],"curies":[{"name":"wp","href":"https:\/\/api.w.org\/{rel}","templated":true}]}}