
{"id":4296,"date":"2023-07-03T17:21:27","date_gmt":"2023-07-03T15:21:27","guid":{"rendered":"http:\/\/scf.se\/landsvag\/?p=4296"},"modified":"2024-01-15T14:36:49","modified_gmt":"2024-01-15T13:36:49","slug":"sa-gick-det-pa-master-sm-och-usm-i-bjorklinge-och-tierp","status":"publish","type":"post","link":"https:\/\/scf.se\/landsvag\/sa-gick-det-pa-master-sm-och-usm-i-bjorklinge-och-tierp\/","title":{"rendered":"S\u00e5 gick det p\u00e5 masters-SM och USM som avgjordes i Bj\u00f6rklinge och Tierp"},"content":{"rendered":"<p><strong>Upsala CK lyckades med konststycket att arrangera samtliga SM-t\u00e4vlingar f\u00f6r landsv\u00e4g trots att allt b\u00f6rjade med Transportstyrelsens chockbesked p\u00e5 eftermiddagen innan midsommarafton om att tillst\u00e5ndet f\u00f6r att k\u00f6ra i Uppsala revs upp. Och s\u00e5 tillkom regnrusk p\u00e5 Tierp Arena under sista helgen. Men m\u00e4stare blev det i alla klasser p\u00e5 masters-SM och USM i Bj\u00f6rklinge och Tierp.<\/strong><\/p>\n<p>Det gick som v\u00e4ntat v\u00e4ldigt fort i de \u00e4ldsta ungdomsklasserna p\u00e5 tempobanan med start och m\u00e5l i lilla Bj\u00f6rklinge norr om Uppsala,<\/p>\n<h3>SM tempo F15\u201316<\/h3>\n<ol>\n<li><strong>Elin \u00c5lsj\u00f6<\/strong> CK Uni<\/li>\n<li><strong>Alice Johanson<\/strong> CK Vansbro MTB<\/li>\n<li><strong>Elinore Nilsson<\/strong> IK Trasten<\/li>\n<\/ol>\n<div id=\"attachment_4302\" class=\"wp-caption alignnone\" ><a href=\"https:\/\/scf.se\/landsvag\/wp-content\/uploads\/sites\/5\/2023\/07\/Tillagg2.jpg\"><img loading=\"lazy\" decoding=\"async\" class=\"size-full wp-image-4302\" src=\"https:\/\/scf.se\/landsvag\/wp-content\/uploads\/sites\/5\/2023\/07\/Tillagg2.jpg\" alt=\"\" width=\"366\" height=\"381\" srcset=\"https:\/\/scf.se\/landsvag\/wp-content\/uploads\/sites\/5\/2023\/07\/Tillagg2.jpg 366w, https:\/\/scf.se\/landsvag\/wp-content\/uploads\/sites\/5\/2023\/07\/Tillagg2-288x300.jpg 288w\" sizes=\"auto, (max-width: 366px) 100vw, 366px\" \/><\/a><p class=\"wp-caption-text\"><em>Elin \u00c5lsj\u00f6 vann b\u00e5de tempo och linje i tuffa D15-16.<\/em><\/p><\/div>\n<h3>SM tempo P15\u201316<\/h3>\n<ol>\n<li><strong>Vilgot Reinhold<\/strong> CK Bure<\/li>\n<li><strong>Vilmer Ekman<\/strong> Falu CK<\/li>\n<li><strong>Alfred Larsson<\/strong> Motala AIF CK<\/li>\n<\/ol>\n<h3>SM tempo P13\u201314<\/h3>\n<ol>\n<li><strong>Oliver Andersen<\/strong> MTB T\u00e4by<\/li>\n<li><strong>Oliver Emanuelsson<\/strong> Trollh\u00e4ttans SOK<\/li>\n<li><strong>Sebastian Grass<\/strong> Staffanstorp CK<\/li>\n<\/ol>\n<p>Dessutom k\u00f6rdes det t\u00e4vlingar i flickor och pojkar 10\u201312 d\u00e4r Alva Gustafsson fr\u00e5n Team LeWa Sport och J\u00f6nk\u00f6pings Joel Moodysson segrade.<\/p>\n<p>I mastersklassernas tempolopp blev det f\u00f6ljande segrare.<\/p>\n<h3>Segrare tempo-SM masters damer<\/h3>\n<ul>\n<li><strong>D30<\/strong>: Martina Duvstr\u00f6m, CSK Ludvika<\/li>\n<li><strong>D40:<\/strong> Cecilia Hansen, Norbergs CK<\/li>\n<li><strong>D50:<\/strong> \u00c5sa Lundstr\u00f6m, V\u00e4ster\u00e5s CK<\/li>\n<li><strong>D60<\/strong>: Kristina Anund, Mj\u00f6lby CK<\/li>\n<\/ul>\n<h3>Segrare tempo-SM masters herrar<\/h3>\n<ul>\n<li><strong>H30:<\/strong> Victor Andersson, CK Team Elgiganten Pite\u00e5<\/li>\n<li><strong>H35:<\/strong> Johan Strandberg, Athletic Club Salt Lake<\/li>\n<li><strong>H40:<\/strong> Henrik Andersson, Sala CK<\/li>\n<li><strong>H45:<\/strong> Morgan P\u00e4tsi, \u00d6rebrocyklisterna<\/li>\n<li><strong>H50<\/strong>: Tomas \u00c5str\u00f6m, V\u00e4nn\u00e4s CK<\/li>\n<li><strong>H55:<\/strong> Jonas Bohr, Reaktion CC<\/li>\n<li><strong>H60:<\/strong> Martin Collander, Rocket Racing Sweden<\/li>\n<li><strong>H65:<\/strong> H\u00e5kan Samuelsson, Sigtuna M\u00e4rsta Arlanda CK<\/li>\n<li><strong>H70:<\/strong> Jan Jonsson, CK Ceres<\/li>\n<li><strong>H75:<\/strong> Lars Nordin, Sigtuna M\u00e4rsta Arlanda CK<\/li>\n<\/ul>\n<p><a href=\"https:\/\/www.sportstiming.se\/event\/12664\/results\"><em><strong>Alla resultat fr\u00e5n masters-SM och USM tempo h\u00e4r!<\/strong><\/em><\/a><\/p>\n<h2>* * *<\/h2>\n<p>Landsv\u00e4gs-SM gick, liksom junior och seniorelit p\u00e5 Tierp Arenas vidstr\u00e4ckta omr\u00e5de. Den st\u00f6rsta skillnaden gentemot att ha k\u00f6rt i Uppsala \u00e4r den totala avsaknaden av skymmande skogspartier s\u00e5 det blir per automatik sv\u00e5rare att g\u00e5 loss. Ett rej\u00e4lt regnov\u00e4der avslutade l\u00f6rdagens t\u00e4vlingar tidigare \u00e4n t\u00e4nkt, s\u00e5 damerna tillsammans med yngsta herrklassen fick k\u00f6ra sitt lopp p\u00e5 s\u00f6ndagen.<\/p>\n<a href=\"https:\/\/scf.se\/landsvag\/wp-content\/uploads\/sites\/5\/2023\/07\/347258210_719886136609696_3503730591074653680_n.jpg\"><img loading=\"lazy\" decoding=\"async\" class=\"alignnone size-full wp-image-4306\" src=\"https:\/\/scf.se\/landsvag\/wp-content\/uploads\/sites\/5\/2023\/07\/347258210_719886136609696_3503730591074653680_n.jpg\" alt=\"\" width=\"720\" height=\"540\" srcset=\"https:\/\/scf.se\/landsvag\/wp-content\/uploads\/sites\/5\/2023\/07\/347258210_719886136609696_3503730591074653680_n.jpg 720w, https:\/\/scf.se\/landsvag\/wp-content\/uploads\/sites\/5\/2023\/07\/347258210_719886136609696_3503730591074653680_n-300x225.jpg 300w\" sizes=\"auto, (max-width: 720px) 100vw, 720px\" \/><\/a>\n<a href=\"https:\/\/scf.se\/landsvag\/wp-content\/uploads\/sites\/5\/2023\/07\/357702087_720253559906287_4500201315215004573_n.jpg\"><img loading=\"lazy\" decoding=\"async\" class=\"alignnone size-full wp-image-4305\" src=\"https:\/\/scf.se\/landsvag\/wp-content\/uploads\/sites\/5\/2023\/07\/357702087_720253559906287_4500201315215004573_n.jpg\" alt=\"\" width=\"611\" height=\"387\" srcset=\"https:\/\/scf.se\/landsvag\/wp-content\/uploads\/sites\/5\/2023\/07\/357702087_720253559906287_4500201315215004573_n.jpg 611w, https:\/\/scf.se\/landsvag\/wp-content\/uploads\/sites\/5\/2023\/07\/357702087_720253559906287_4500201315215004573_n-300x190.jpg 300w\" sizes=\"auto, (max-width: 611px) 100vw, 611px\" \/><\/a>\n<p>I \u00e4ldsta ungdomsklasserna, som var extra intressanta d\u00e5 det vankas ungdoms-OS i Maribor i slutet av juli fixade Elin \u00c5lsj\u00f6 en dubbel med tempo och linje efter att ha spurtbesegrat ett \u00e5r yngre men s\u00e5 vassa Elinore Nilsson. \u00c4ven loppets trea, Nora Nyman, som h\u00e4ngde med l\u00e4nge finns med p\u00e5 EYOF i landsv\u00e4g.<\/p>\n<p>Elinore f\u00e5r dubblera i med MTB d\u00e4r hon har matchar de flesta i seniorelit n\u00e4r det g\u00e4ller varvtider denna s\u00e4song, <a href=\"https:\/\/scf.se\/forbundet\/sex-cyklister-uttagna-till-ungdoms-os-elinore-nilsson-kor-bada-grenarna\/\"><em><strong>se artikeln om EYOF-laget h\u00e4r!<\/strong><\/em><\/a><\/p>\n<h3>SM linje F15\u201316<\/h3>\n<ol>\n<li><strong>Elin \u00c5lsj\u00f6<\/strong> CK Uni<\/li>\n<li><strong>Elinore Nilsson<\/strong> IK Trasten<\/li>\n<li><strong>Nora Nyman<\/strong>, IK Trasten<\/li>\n<\/ol>\n<h3>SM linje P15\u201316<\/h3>\n<ol>\n<li><strong> Gustav Nystrand<\/strong> Uddevalla CK<\/li>\n<li><strong>Vilmer Ekman<\/strong> Falu CK<\/li>\n<li><strong>Alfred Nihl\u00e9n<\/strong> CK Ringen<\/li>\n<\/ol>\n<h3>SM linje F13\u201314<\/h3>\n<ol>\n<li><strong>Ellen Felldin<\/strong> V\u00e4ster\u00e5s CK<\/li>\n<li><strong>Amanda Hoff<\/strong> J\u00f6nk\u00f6pings CK<\/li>\n<li><strong>Greta Andersson<\/strong> Falu CK<\/li>\n<\/ol>\n<h3>SM linje P13\u201314<\/h3>\n<ol>\n<li><strong>Sebastian Grass<\/strong> Staffanstorp CK<\/li>\n<li><strong>Oliver Andersen<\/strong> MTB T\u00e4by<\/li>\n<li><strong>Oliver Emanuelsson<\/strong> Trollh\u00e4ttans SOK<\/li>\n<\/ol>\n<p>I de yngsta klasserna segrade Uddevallas Lexus Karlsen och s\u00e5 ordnade Alva Gustafsson en dubbelseger tempo\/linje. Starkt.<\/p>\n<p>Lite om hur tufft det \u00e4r om segern i mastersklasserna \u00e5sk\u00e5dligg\u00f6r det faktum att det bara blev en enda dubbelsegrare tempo\/linje och det var Jan Jonsson fr\u00e5n hundra\u00e5rsjubilaren CK Ceres fr\u00e5n Katrineholm.<\/p>\n<p>I mastersklassernas linjelopp var det lite kul med belgiskt deltagande i H35 i form av CK Hymers Jo Lenaerts, men han fick ge sig mot Sebastian Snickars.\u00a0Det blev f\u00f6ljande segrare efter m\u00e5nga fina dueller.<\/p>\n<div id=\"attachment_4303\" class=\"wp-caption alignnone\" ><a href=\"https:\/\/scf.se\/landsvag\/wp-content\/uploads\/sites\/5\/2023\/07\/357423171_720362546562055_4739617824690896774_n.jpg\"><img loading=\"lazy\" decoding=\"async\" class=\"size-full wp-image-4303\" src=\"https:\/\/scf.se\/landsvag\/wp-content\/uploads\/sites\/5\/2023\/07\/357423171_720362546562055_4739617824690896774_n.jpg\" alt=\"\" width=\"522\" height=\"540\" srcset=\"https:\/\/scf.se\/landsvag\/wp-content\/uploads\/sites\/5\/2023\/07\/357423171_720362546562055_4739617824690896774_n.jpg 522w, https:\/\/scf.se\/landsvag\/wp-content\/uploads\/sites\/5\/2023\/07\/357423171_720362546562055_4739617824690896774_n-290x300.jpg 290w\" sizes=\"auto, (max-width: 522px) 100vw, 522px\" \/><\/a><p class=\"wp-caption-text\"><em>Sara Hedberg, \u00c4ngby CC, vann D40 efter ett lopp som gick snabbt.<\/em><\/p><\/div>\n<h3>Segrare linje-SM masters damer<\/h3>\n<ul>\n<li><strong>D30<\/strong>: Noor Odeheim, Echelon Cycling and Triathlon Club<\/li>\n<li><strong>D40:<\/strong> Sara Hedberg, \u00c4ngby CC<\/li>\n<li><strong>D50:<\/strong> Anna Sv\u00e4rdstr\u00f6m, Echelon Cycling and Triathlon Club<\/li>\n<\/ul>\n<div id=\"attachment_4304\" class=\"wp-caption alignnone\" ><a href=\"https:\/\/scf.se\/landsvag\/wp-content\/uploads\/sites\/5\/2023\/07\/357372807_720466136551696_1659645414720185320_n.jpg\"><img loading=\"lazy\" decoding=\"async\" class=\"size-full wp-image-4304\" src=\"https:\/\/scf.se\/landsvag\/wp-content\/uploads\/sites\/5\/2023\/07\/357372807_720466136551696_1659645414720185320_n.jpg\" alt=\"\" width=\"746\" height=\"706\" srcset=\"https:\/\/scf.se\/landsvag\/wp-content\/uploads\/sites\/5\/2023\/07\/357372807_720466136551696_1659645414720185320_n.jpg 746w, https:\/\/scf.se\/landsvag\/wp-content\/uploads\/sites\/5\/2023\/07\/357372807_720466136551696_1659645414720185320_n-300x284.jpg 300w\" sizes=\"auto, (max-width: 746px) 100vw, 746px\" \/><\/a><p class=\"wp-caption-text\"><em>Henrik Lundberg segrade i H45-klassen p\u00e5 stora, vidstr\u00e4ckta Tierp Arena.<\/em><\/p><\/div>\n<h3>Segrare linje-SM masters herrar<\/h3>\n<ul>\n<li><strong>H30:<\/strong> Simon Lundstr\u00f6m, \u00d6rebrocyklisterna<\/li>\n<li><strong>H35:<\/strong> Sebastian Snickars, Athletic Club Salt Lake<\/li>\n<li><strong>H40:<\/strong> Johan Lindbom, \u00d6rebrocyklisterna<\/li>\n<li><strong>H45:<\/strong> Henrik Lundberg, \u00d6stra Aros CK<\/li>\n<li><strong>H50<\/strong>: Eric Egelstig, CK Hymer<\/li>\n<li><strong>H55:<\/strong> Jonas Tell, CK Olympic<\/li>\n<li><strong>H60:<\/strong> Kent Edstr\u00f6m, Team UV IK<\/li>\n<li><strong>H65:<\/strong> Thomas \u00c5berg, IK Vinco<\/li>\n<li><strong>H70:<\/strong> Jan Jonsson, CK Ceres<\/li>\n<li><strong>H75:<\/strong> Christer Lilja, Almby IK<\/li>\n<\/ul>\n<p><a href=\"https:\/\/www.sportstiming.se\/event\/12665\/results\"><strong><em>Alla resultat fr\u00e5n masters-SM och USM linje l\u00f6rdag h\u00e4r!<\/em><\/strong><\/a><\/p>\n<p><a href=\"https:\/\/www.sportstiming.se\/event\/12665\/results\"><strong><em>Alla resultat fr\u00e5n masters-SM och USM linje s\u00f6ndag h\u00e4r!<\/em><\/strong><\/a><\/p>\n<p><em>Text: SCF<\/em><br \/>\n<em>Foto: Upsala CK, kolla in fler bilder p\u00e5 klubbens Facebooksida<\/em><\/p>\n<hr \/>\n<p><em><strong>Svenska Cykelf\u00f6rbundet \u00e4r stolta \u00f6ver att presentera v\u00e5ra samarbetspartners. Tack vare dessa fantastiska f\u00f6retag kan v\u00e5ra cyklister oftare ta sig l\u00e4ngre ut i v\u00e4rlden.<\/strong><\/em><\/p>\n<h2><a href=\"https:\/\/scf.se\/forbundet\/sponsorer\/\"><img loading=\"lazy\" decoding=\"async\" class=\"alignnone size-full wp-image-3872\" src=\"https:\/\/scf.se\/landsvag\/wp-content\/uploads\/sites\/5\/2023\/02\/LiggandeBannerNyheterHemsida2023.png\" alt=\"\" width=\"1200\" height=\"200\" srcset=\"https:\/\/scf.se\/landsvag\/wp-content\/uploads\/sites\/5\/2023\/02\/LiggandeBannerNyheterHemsida2023.png 1200w, https:\/\/scf.se\/landsvag\/wp-content\/uploads\/sites\/5\/2023\/02\/LiggandeBannerNyheterHemsida2023-300x50.png 300w, https:\/\/scf.se\/landsvag\/wp-content\/uploads\/sites\/5\/2023\/02\/LiggandeBannerNyheterHemsida2023-1024x171.png 1024w, https:\/\/scf.se\/landsvag\/wp-content\/uploads\/sites\/5\/2023\/02\/LiggandeBannerNyheterHemsida2023-768x128.png 768w\" sizes=\"auto, (max-width: 1200px) 100vw, 1200px\" \/><\/a><\/h2>\n","protected":false},"excerpt":{"rendered":"<p>Upsala CK lyckades med konststycket att arrangera samtliga SM-t\u00e4vlingar f\u00f6r landsv\u00e4g trots att allt b\u00f6rjade med Transportstyrelsens chockbesked p\u00e5 eftermiddagen innan midsommarafton om att tillst\u00e5ndet f\u00f6r att k\u00f6ra i Uppsala revs upp. Och s\u00e5 tillkom regnrusk p\u00e5 Tierp Arena under sista helgen. Men m\u00e4stare blev det i alla klasser p\u00e5 masters-SM och USM i<a href=\"https:\/\/scf.se\/landsvag\/sa-gick-det-pa-master-sm-och-usm-i-bjorklinge-och-tierp\/\" class=\"news-card__more\"> &#8230;<\/a><\/p>\n","protected":false},"author":41,"featured_media":4300,"comment_status":"open","ping_status":"open","sticky":false,"template":"","format":"standard","meta":{"_acf_changed":false,"footnotes":""},"categories":[1],"tags":[],"class_list":["post-4296","post","type-post","status-publish","format-standard","hentry","category-landsvag"],"acf":[],"_links":{"self":[{"href":"https:\/\/scf.se\/landsvag\/wp-json\/wp\/v2\/posts\/4296","targetHints":{"allow":["GET"]}}],"collection":[{"href":"https:\/\/scf.se\/landsvag\/wp-json\/wp\/v2\/posts"}],"about":[{"href":"https:\/\/scf.se\/landsvag\/wp-json\/wp\/v2\/types\/post"}],"author":[{"embeddable":true,"href":"https:\/\/scf.se\/landsvag\/wp-json\/wp\/v2\/users\/41"}],"replies":[{"embeddable":true,"href":"https:\/\/scf.se\/landsvag\/wp-json\/wp\/v2\/comments?post=4296"}],"version-history":[{"count":0,"href":"https:\/\/scf.se\/landsvag\/wp-json\/wp\/v2\/posts\/4296\/revisions"}],"wp:featuredmedia":[{"embeddable":true,"href":"https:\/\/scf.se\/landsvag\/wp-json\/wp\/v2\/media\/4300"}],"wp:attachment":[{"href":"https:\/\/scf.se\/landsvag\/wp-json\/wp\/v2\/media?parent=4296"}],"wp:term":[{"taxonomy":"category","embeddable":true,"href":"https:\/\/scf.se\/landsvag\/wp-json\/wp\/v2\/categories?post=4296"},{"taxonomy":"post_tag","embeddable":true,"href":"https:\/\/scf.se\/landsvag\/wp-json\/wp\/v2\/tags?post=4296"}],"curies":[{"name":"wp","href":"https:\/\/api.w.org\/{rel}","templated":true}]}}