
{"id":4265,"date":"2023-06-29T09:44:16","date_gmt":"2023-06-29T07:44:16","guid":{"rendered":"http:\/\/scf.se\/landsvag\/?p=4265"},"modified":"2023-06-29T13:16:58","modified_gmt":"2023-06-29T11:16:58","slug":"missa-inte-dagens-svt-sanda-sm-drama-i-kortdistans-har-ar-favoriterna","status":"publish","type":"post","link":"https:\/\/scf.se\/landsvag\/missa-inte-dagens-svt-sanda-sm-drama-i-kortdistans-har-ar-favoriterna\/","title":{"rendered":"Missa inte SM-dramatik i kortdistans som SVT s\u00e4nder \u2013 h\u00e4r \u00e4r favoriterna"},"content":{"rendered":"<p><strong>Torsdagens SM-t\u00e4vlingar i landsv\u00e4g kortdistans blir en sp\u00e4nnande uppg\u00f6relse att f\u00f6lja. All torsdagscykel p\u00e5 SM-veckan direkts\u00e4nds av SVT Play och dyker \u00e4ven upp i studioprogrammet p\u00e5 SVT1. Bra tv-underh\u00e5llning att v\u00e4nta direkt 15.00 i en INTRESSANT damklass. Favoriterna p\u00e5 kortdistansen \u00e4r Matilda Frantzich och Hugo Forssell samt i para jaktstart Daniel Strandberg.<\/strong><\/p>\n<h2>Matilda Frantzich favorit i damernas kortdistans<\/h2>\n<p>Matilda Frantzich var trea i fjol\u00e5rets kortdistans SM i Link\u00f6ping d\u00e4r hemma\u00e5karen Johanna Palmqvist som inte \u00e4r p\u00e5 plats vann. Frantzich har fick en internationell spurtframg\u00e5ng i damernas grand fondo-lopp i samband med Tour of Estonia i \u00e5r.<\/p>\n<a href=\"https:\/\/scf.se\/landsvag\/wp-content\/uploads\/sites\/5\/2023\/05\/GFdam.jpg\"><img loading=\"lazy\" decoding=\"async\" class=\"alignnone size-full wp-image-4117\" src=\"https:\/\/scf.se\/landsvag\/wp-content\/uploads\/sites\/5\/2023\/05\/GFdam.jpg\" alt=\"\" width=\"1327\" height=\"847\" srcset=\"https:\/\/scf.se\/landsvag\/wp-content\/uploads\/sites\/5\/2023\/05\/GFdam.jpg 1327w, https:\/\/scf.se\/landsvag\/wp-content\/uploads\/sites\/5\/2023\/05\/GFdam-300x191.jpg 300w, https:\/\/scf.se\/landsvag\/wp-content\/uploads\/sites\/5\/2023\/05\/GFdam-1024x654.jpg 1024w, https:\/\/scf.se\/landsvag\/wp-content\/uploads\/sites\/5\/2023\/05\/GFdam-768x490.jpg 768w\" sizes=\"auto, (max-width: 1327px) 100vw, 1327px\" \/><\/a>\n<p>Alexander Wetterhall, som \u00e4r assisterande f\u00f6rbundskapten f\u00f6r landsv\u00e4g och kommer vara SVT:s expertkommentator under torsdagens s\u00e4ndningar av SM-kortdistansen s\u00e4ger s\u00e5 h\u00e4r om damernas lopp som ser s\u00e5 intressant ut med m\u00e5nga toppkandidater, \u00e4ven om Frantzich sticker ut.<\/p>\n<blockquote><p>&#8221;Jag ser Matilda som den st\u00f6rsta favoriten till damguldet p\u00e5 den h\u00e4r SM-kortdistansen. Ut\u00f6ver det har vi ju Karin S\u00f6derqvist p\u00e5 plats och hon \u00e4r ocks\u00e5 att r\u00e4kna med. Det\u00a0 finns fler som kan utmana. Sedan har vi \u00e4ven junioren Tilde Lindstr\u00f6m p\u00e5 plats och k\u00f6r, vilket \u00e4r kul. Andra som ska bli kul att titta p\u00e5 n\u00e4r de cyklar p\u00e5 torsdagseftermiddagen \u00e4r hemmahoppen Ebba Grankvist och Jessica Edqvist.<\/p><\/blockquote>\n<p>Grankvist \u00e4r fr\u00e5n Pite\u00e5 vilket ju \u00e4r att betrakta som n\u00e4stg\u00e5rds. Hon \u00e4r stark, var fyra p\u00e5 SM-tempot och vann SWE Cup Kinnekulle. Detta kan vara lagom stor klunga att g\u00f6ra n\u00e5got p\u00e5 egen hand fr\u00e5n.<\/p>\n<a href=\"https:\/\/scf.se\/landsvag\/wp-content\/uploads\/sites\/5\/2023\/06\/NLtrojorna.jpg\"><img loading=\"lazy\" decoding=\"async\" class=\"alignnone size-full wp-image-4140\" src=\"https:\/\/scf.se\/landsvag\/wp-content\/uploads\/sites\/5\/2023\/06\/NLtrojorna.jpg\" alt=\"\" width=\"1800\" height=\"1186\" srcset=\"https:\/\/scf.se\/landsvag\/wp-content\/uploads\/sites\/5\/2023\/06\/NLtrojorna.jpg 1800w, https:\/\/scf.se\/landsvag\/wp-content\/uploads\/sites\/5\/2023\/06\/NLtrojorna-300x198.jpg 300w, https:\/\/scf.se\/landsvag\/wp-content\/uploads\/sites\/5\/2023\/06\/NLtrojorna-1024x675.jpg 1024w, https:\/\/scf.se\/landsvag\/wp-content\/uploads\/sites\/5\/2023\/06\/NLtrojorna-768x506.jpg 768w, https:\/\/scf.se\/landsvag\/wp-content\/uploads\/sites\/5\/2023\/06\/NLtrojorna-1536x1012.jpg 1536w\" sizes=\"auto, (max-width: 1800px) 100vw, 1800px\" \/><\/a>\n<p>Ebba Grankvist leder liksom Forssell nedan SWE Cup men Sofie Rosencrantz, CK \u00d6resund, har po\u00e4ngtr\u00f6jan och vann den senaste klungspurten om andraplatsen i Nationaldagsloppet.<\/p>\n<p>En bedrift som \u00e4r v\u00e4rd att n\u00e4mna \u00e4r att Emma Varga, CK Ringen, kommer ha genomf\u00f6rt SM i triathlon bara n\u00e5gon timme innan start f\u00f6re damt\u00e4vlingen. Kul att hon tar chansen att t\u00e4vla i tv\u00e5 olika sporter samma dag och det kan bli viktigt f\u00f6r Matilda Frantzich. \u00c4ven\u00a0Klara Hofer-Mattsson fr\u00e5n arrang\u00f6rsklubben Gimon\u00e4s CK g\u00f6r denna tuffa dubblering.<\/p>\n<h3>SM kortdistans damer, start 15.00<\/h3>\n<ul>\n<li><strong>1 Tilde Lindstr\u00f6m<\/strong> Motala AIF CK<\/li>\n<li><strong>2<\/strong> <strong>Klara Hofer-Mattsson<\/strong> Gimon\u00e4s CK<\/li>\n<li><strong>3 Matilda Frantzich<\/strong> CK Ringen<\/li>\n<li><strong>4 Sofie Rosencrantz<\/strong>\u00a0CK \u00d6resund<\/li>\n<li><strong>5 Ebba Grankvist<\/strong> Motala AIF CK<\/li>\n<li><strong>6 Jessica Edqvist<\/strong> Gimon\u00e4s CK<\/li>\n<li><strong>7 Catrin Nilsson <\/strong>Athletic Club Salt Lake<\/li>\n<li><strong>8 Emma Varga<\/strong> CK Ringen<\/li>\n<li><strong>9 Karin S\u00f6derqvist<\/strong> Motala AIF CK<\/li>\n<li><strong>10 Jenny Asplund<\/strong>\u00a0Hudik Triathlonklubb<\/li>\n<\/ul>\n<p><a href=\"http:\/\/live2.elitetiming.se\/3842\"><strong><em>H\u00e4r hittar ni liveresultat!<\/em><\/strong><\/a><\/p>\n<p>&nbsp;<\/p>\n<a href=\"https:\/\/scf.se\/landsvag\/wp-content\/uploads\/sites\/5\/2023\/06\/DS-Youtube-788x480-1.jpg\"><img loading=\"lazy\" decoding=\"async\" class=\"alignnone size-full wp-image-4266\" src=\"https:\/\/scf.se\/landsvag\/wp-content\/uploads\/sites\/5\/2023\/06\/DS-Youtube-788x480-1.jpg\" alt=\"\" width=\"788\" height=\"480\" srcset=\"https:\/\/scf.se\/landsvag\/wp-content\/uploads\/sites\/5\/2023\/06\/DS-Youtube-788x480-1.jpg 788w, https:\/\/scf.se\/landsvag\/wp-content\/uploads\/sites\/5\/2023\/06\/DS-Youtube-788x480-1-300x183.jpg 300w, https:\/\/scf.se\/landsvag\/wp-content\/uploads\/sites\/5\/2023\/06\/DS-Youtube-788x480-1-768x468.jpg 768w\" sizes=\"auto, (max-width: 788px) 100vw, 788px\" \/><\/a>\n<h2>Daniel Strandberg favorit i jaktstart paracykel<\/h2>\n<p>I jaktstart para \u00e4r det s\u00e5 att Anna Beck till sist fick v\u00e4lja bort SM i Ume\u00e5 f\u00f6r att bland annat f\u00e5 ihop satsningen mot VM i Glasgow. D\u00e4rmed f\u00f6rsvinner den klaraste guldfavoriten och d\u00e4rmed blir det Daniel Strandberg (CK Bike4Life och i internationella t\u00e4vlingar i paraklassen MC3) som \u00e4r klar huvudfavorit i detta jaktstartslopp.<\/p>\n<p>Han har stora internationella erfarenheter, fanns med i Paralympics i Tokyo \u2013 och \u00e4r kandidat till en plats i truppen till Paris 2024. Daniel \u00e4r 30 \u00e5r men har \u00e4nd\u00e5 hunnit cykla under m\u00e5nga \u00e5r och \u00e4r en f\u00f6rebild f\u00f6r unga med funktionsneds\u00e4ttningar.<\/p>\n<blockquote><p>&#8221;Ja, Daniel blir favorit i loppet d\u00e4r det \u00e4r roligt att konstatera att v\u00e5ra\u00a0 inspirationsdagar har gett frukt. M\u00e5nga som startar har anslutit via dem. Det kan bli riktigt sp\u00e4nnande t\u00e4vlingar&#8221;, \u00a0s\u00e4ger Michael Lindgren, som \u00e4r f\u00f6rbundskapten och expert i SVT:s s\u00e4ndning \u2013 har exempelvis j\u00e4rnkoll n\u00e4r det g\u00e4ller systemet som avg\u00f6r starttider.<\/p><\/blockquote>\n<p>Kul med en lokal cyklist i form av Patrick Mauritzon (MC5) fr\u00e5n SM-arrang\u00f6rskubben Gimon\u00e4s CK och som en g\u00e5ng i tiden fick diagnosen att han absolut inte skulle kunna h\u00e5lla p\u00e5 med den h\u00e4r typen av fysisk aktivitet i sviterna av en allvarlig f\u00f6rfrysningsskada. Han har tidigare k\u00f6rt triathlon och d\u00e5 tyckt att cykeldisciplinen var roligast.<\/p>\n<p>En sen strykning i detta jaktstartslopp. D\u00e4rmed ser startf\u00e4ltet ut s\u00e5 s\u00e5 h\u00e4r.<\/p>\n<h3>SM jaktstart para, start 16.45<\/h3>\n<ul>\n<li><strong>21 Patrick Mauritzon<\/strong> Gimon\u00e4s CK<\/li>\n<li><strong>22 Mats Blomstedt<\/strong> Finsp\u00e5ngs CA<\/li>\n<li><strong>23 Christian Wetterstr\u00f6m<\/strong> Finsp\u00e5ngs CA<\/li>\n<li><strong>24 Daniel Strandberg<\/strong> Cykelklubben Bike4Life<\/li>\n<li><strong>25 Martin Lind\u00e9n<\/strong> Skoghalls CK Hammar\u00f6<\/li>\n<li><strong>26 Kristoffer Lempi\u00e4inen<\/strong> Sigtuna M\u00e4rsta Arlanda CK (SMACK)<\/li>\n<li><strong>28 Rickard Forsh\u00e4ll<\/strong> Fredrikshofs IF CK<\/li>\n<\/ul>\n<p><a href=\"http:\/\/live2.elitetiming.se\/3842\"><strong><em>H\u00e4r hittar ni liveresultat!<\/em><\/strong><\/a><\/p>\n<p>&nbsp;<\/p>\n<h2><a href=\"https:\/\/scf.se\/landsvag\/wp-content\/uploads\/sites\/5\/2023\/06\/HugoNV.jpg\"><img loading=\"lazy\" decoding=\"async\" class=\"alignnone size-full wp-image-4267\" src=\"https:\/\/scf.se\/landsvag\/wp-content\/uploads\/sites\/5\/2023\/06\/HugoNV.jpg\" alt=\"\" width=\"1239\" height=\"808\" srcset=\"https:\/\/scf.se\/landsvag\/wp-content\/uploads\/sites\/5\/2023\/06\/HugoNV.jpg 1239w, https:\/\/scf.se\/landsvag\/wp-content\/uploads\/sites\/5\/2023\/06\/HugoNV-300x196.jpg 300w, https:\/\/scf.se\/landsvag\/wp-content\/uploads\/sites\/5\/2023\/06\/HugoNV-1024x668.jpg 1024w, https:\/\/scf.se\/landsvag\/wp-content\/uploads\/sites\/5\/2023\/06\/HugoNV-768x501.jpg 768w\" sizes=\"auto, (max-width: 1239px) 100vw, 1239px\" \/><\/a><\/h2>\n<h2>Hugo Forssell favorit i herrarnas kortdistans<\/h2>\n<p>Storfavorit p\u00e5 herrsidan f\u00e5r v\u00e4l anses vara CK Hymers Hugo Forssell som var tv\u00e5a i helgens SM-t\u00e4vling p\u00e5 linjelopp. Hugo var slagen med endast n\u00e5gra centimeter av Lucas Eriksson som kommer till start dagens kortdistans.<\/p>\n<p>Vid f\u00f6rra \u00e5rets SM i kortdistans var Forssell tv\u00e5a h\u00e4r p\u00e5 hemmatorget i Link\u00f6ping, slagen endast av Motalas Linus Eriksson Kvist som tog sig f\u00f6rst in i sista kurvan.<\/p>\n<a href=\"https:\/\/scf.se\/landsvag\/wp-content\/uploads\/sites\/5\/2023\/06\/SMkd2.jpg\"><img loading=\"lazy\" decoding=\"async\" class=\"alignnone size-full wp-image-4269\" src=\"https:\/\/scf.se\/landsvag\/wp-content\/uploads\/sites\/5\/2023\/06\/SMkd2.jpg\" alt=\"\" width=\"1564\" height=\"1214\" srcset=\"https:\/\/scf.se\/landsvag\/wp-content\/uploads\/sites\/5\/2023\/06\/SMkd2.jpg 1564w, https:\/\/scf.se\/landsvag\/wp-content\/uploads\/sites\/5\/2023\/06\/SMkd2-300x233.jpg 300w, https:\/\/scf.se\/landsvag\/wp-content\/uploads\/sites\/5\/2023\/06\/SMkd2-1024x795.jpg 1024w, https:\/\/scf.se\/landsvag\/wp-content\/uploads\/sites\/5\/2023\/06\/SMkd2-768x596.jpg 768w, https:\/\/scf.se\/landsvag\/wp-content\/uploads\/sites\/5\/2023\/06\/SMkd2-1536x1192.jpg 1536w\" sizes=\"auto, (max-width: 1564px) 100vw, 1564px\" \/><\/a>\n<blockquote><p>&#8221;Ja, i herrklassen har vi verkligen Hugo Forssell i den stora favoritrollen \u2013 d\u00e5 det dessutom kommer ett v\u00e4ldigt starkt CK Hymer till Ume\u00e5. De \u00e4r v\u00e4ldigt m\u00e5nga i f\u00f6rh\u00e5llande till de andra.\u00a0 Motalas lag p\u00e5 plats \u00e4r inte lika stort men d\u00e4r tror jag p\u00e5 att Filip M\u00e5rd eller Carl Kagevi kan placera sig h\u00f6gt. Gustav Thompson fr\u00e5n M\u00f6lndal \u00e4r en snabb kille. Men jag tror som sagt att Hymer kommer g\u00f6ra allt f\u00f6r att kontrollera det h\u00e4r SM-kortdistansloppet och de har fler kort att spela \u00e4n Forssell, som till exempel Jakob S\u00f6dergrann&#8221;, s\u00e4ger Wetterhall.<\/p><\/blockquote>\n<p>Ytterligare cyklister som kan vara v\u00e4rda att n\u00e4mna \u00e4r Rasmus Mikiver, ocks\u00e5 han fr\u00e5n CK Hymer. tv\u00e5an fr\u00e5n MTB XCE SM-t\u00e4vlingarna i tisdags, David Risberg t\u00e4vlande f\u00f6r Evolite Cycle Club. Men eftersom det \u00e4r s\u00e5 j\u00e4mnt p\u00e5 papperet bakom Forssell \u00e4r det givetvis \u00f6ppet f\u00f6r skr\u00e4llar.<\/p>\n<p>Minns bara tisdagens TT-kval i XCE d\u00e5 hemmacyklisten Michael Wincent fr\u00e5n Team UV IK satte upp b\u00e4sta tiden p\u00e5 tavlan. Nu g\u00e4ller det att beh\u00e4rska klungk\u00f6rning, inte minst om man \u00e4r med tills slutvarven. Kan bli KUL detta lopp!<\/p>\n<p>\u00c5rets avslutning \u00e4r ocks\u00e5 r\u00e4tt speciell. Det \u00e4r en l\u00e5ng, upploppsliknande rakstr\u00e4cka parallellt med Ume\u00e4lven d\u00e4r cyklisterna n\u00e5r maxfart&#8230;innan det \u00e4r dags att bromsa in f\u00f6r en 90-graderssv\u00e4ng. Och s\u00e5 en kort backe innan en ny 90-gradare in mot ett ganska kort upplopp. \u00c4r man f\u00f6rst upp i backen \u00e4r mycket vunnet.<\/p>\n<blockquote><p>&#8221;Det k\u00e4nns som en riktigt intressant bana med h\u00f6ger, liten backe och h\u00f6ger \u2013 och s\u00e5 det upploppet. Det h\u00e4r blir bra cykelt\u00e4vlingar&#8221;, s\u00e4ger Alexander Wetterhall.<\/p><\/blockquote>\n<h3>SM kortdistans herrar, start 18.30<\/h3>\n<ul>\n<li><strong>31 Michael Wincent<\/strong> Team UV IK<\/li>\n<li><strong>32 Victor Hillerstr\u00f6m<\/strong> Rundh Cykelklubben Hymer<\/li>\n<li><strong>33 Rasmus Mikiver<\/strong> CK Hymer<\/li>\n<li><strong>34 Hugo Forssell<\/strong> CK Hymer<\/li>\n<li><strong>35 Joel Rydergren<\/strong> CK Hymer<\/li>\n<li><strong>36 Mattias Lejon<\/strong> Terrible Tuesdays Athletic Club<\/li>\n<li><strong>37 Oskar Persson<\/strong> S\u00f6dert\u00e4lje CK<\/li>\n<li><strong>38 Filip M\u00e5rd<\/strong> Motala AIF CK<\/li>\n<li><strong>39 Stefan Ljungberg<\/strong> Reaktion Cycling Club<\/li>\n<li><strong>40 Lukas Merkel<\/strong> CK Hymer<\/li>\n<li><strong>41 Neo Viking<\/strong> S\u00f6dert\u00e4lje CK<\/li>\n<li><strong>42 Carl Kagevi<\/strong> Motala AIF CK<\/li>\n<li><strong>43 Fredrik Johansson<\/strong> Motala AIF CK<\/li>\n<li><strong>44 Gustav Thompson<\/strong> M\u00f6lndals CK<\/li>\n<li><strong>45 David Risberg<\/strong> Evolite Cycling Club<\/li>\n<li><strong>46 Lukas Vernersson<\/strong> Giro Cycle Club<\/li>\n<li><strong>47 Emil Lundmark<\/strong> CK Hymer<\/li>\n<li><strong>48 Johan Lindvall<\/strong> CK Ringen<\/li>\n<li><strong>49 Jakob S\u00f6dergrann <\/strong>CK Hymer<\/li>\n<li><strong>50 Henrik Holm<\/strong> CK Hymer<\/li>\n<li><strong>51 Jonathan Ahlsson<\/strong> Motala AIF CK<\/li>\n<li><strong>52 Alexander Rezene<\/strong> SMACK<\/li>\n<li><strong>53 Henrik Jansson<\/strong> Bauhaus SK<\/li>\n<li><strong>54 Lucas Graf<\/strong> \u00c4ngby CC<\/li>\n<\/ul>\n<p><a href=\"http:\/\/live2.elitetiming.se\/3842\"><strong><em>H\u00e4r hittar ni liveresultat!<\/em><\/strong><\/a><\/p>\n<h2>S\u00e5 f\u00f6ljer ni SM-loppen p\u00e5 SVT<\/h2>\n<ul>\n<li><strong>15.00\u201316.00:<\/strong> SM kortdistans damer, SVT Play.<\/li>\n<li><strong>16.45\u201317.45:<\/strong>\u00a0 SM paracykel jaktstart, SVT Play.<\/li>\n<li><strong>18.30\u201319.30:<\/strong> SM kortdistans herrar, SVT Play.<\/li>\n<\/ul>\n<p>Sedan p\u00e5g\u00e5r det SM-studio p\u00e5 SVT 1 d\u00e4r inslag och intervjuer klipps in men SVT Play \u00e4r det som g\u00e4ller f\u00f6r att se hela loppen.<\/p>\n<p><em>Text och arkivfoto: Tomas Larsson\/SCF<\/em><\/p>\n<hr \/>\n<p><em><strong>Svenska Cykelf\u00f6rbundet \u00e4r stolta \u00f6ver att presentera v\u00e5ra samarbetspartners. Tack vare dessa fantastiska f\u00f6retag kan v\u00e5ra cyklister oftare ta sig l\u00e4ngre ut i v\u00e4rlden.<\/strong><\/em><\/p>\n<h2><a href=\"https:\/\/scf.se\/forbundet\/sponsorer\/\"><img loading=\"lazy\" decoding=\"async\" class=\"alignnone size-full wp-image-3872\" src=\"https:\/\/scf.se\/landsvag\/wp-content\/uploads\/sites\/5\/2023\/02\/LiggandeBannerNyheterHemsida2023.png\" alt=\"\" width=\"1200\" height=\"200\" srcset=\"https:\/\/scf.se\/landsvag\/wp-content\/uploads\/sites\/5\/2023\/02\/LiggandeBannerNyheterHemsida2023.png 1200w, https:\/\/scf.se\/landsvag\/wp-content\/uploads\/sites\/5\/2023\/02\/LiggandeBannerNyheterHemsida2023-300x50.png 300w, https:\/\/scf.se\/landsvag\/wp-content\/uploads\/sites\/5\/2023\/02\/LiggandeBannerNyheterHemsida2023-1024x171.png 1024w, https:\/\/scf.se\/landsvag\/wp-content\/uploads\/sites\/5\/2023\/02\/LiggandeBannerNyheterHemsida2023-768x128.png 768w\" sizes=\"auto, (max-width: 1200px) 100vw, 1200px\" \/><\/a><\/h2>\n","protected":false},"excerpt":{"rendered":"<p>Torsdagens SM-t\u00e4vlingar i landsv\u00e4g kortdistans blir en sp\u00e4nnande uppg\u00f6relse att f\u00f6lja. All torsdagscykel p\u00e5 SM-veckan direkts\u00e4nds av SVT Play och dyker \u00e4ven upp i studioprogrammet p\u00e5 SVT1. Bra tv-underh\u00e5llning att v\u00e4nta direkt 15.00 i en INTRESSANT damklass. Favoriterna p\u00e5 kortdistansen \u00e4r Matilda Frantzich och Hugo Forssell samt i para jaktstart Daniel Strandberg. Matilda Frantzich<a href=\"https:\/\/scf.se\/landsvag\/missa-inte-dagens-svt-sanda-sm-drama-i-kortdistans-har-ar-favoriterna\/\" class=\"news-card__more\"> &#8230;<\/a><\/p>\n","protected":false},"author":41,"featured_media":3539,"comment_status":"open","ping_status":"open","sticky":false,"template":"","format":"standard","meta":{"_acf_changed":false,"footnotes":""},"categories":[1],"tags":[],"class_list":["post-4265","post","type-post","status-publish","format-standard","hentry","category-landsvag"],"acf":[],"_links":{"self":[{"href":"https:\/\/scf.se\/landsvag\/wp-json\/wp\/v2\/posts\/4265","targetHints":{"allow":["GET"]}}],"collection":[{"href":"https:\/\/scf.se\/landsvag\/wp-json\/wp\/v2\/posts"}],"about":[{"href":"https:\/\/scf.se\/landsvag\/wp-json\/wp\/v2\/types\/post"}],"author":[{"embeddable":true,"href":"https:\/\/scf.se\/landsvag\/wp-json\/wp\/v2\/users\/41"}],"replies":[{"embeddable":true,"href":"https:\/\/scf.se\/landsvag\/wp-json\/wp\/v2\/comments?post=4265"}],"version-history":[{"count":0,"href":"https:\/\/scf.se\/landsvag\/wp-json\/wp\/v2\/posts\/4265\/revisions"}],"wp:featuredmedia":[{"embeddable":true,"href":"https:\/\/scf.se\/landsvag\/wp-json\/wp\/v2\/media\/3539"}],"wp:attachment":[{"href":"https:\/\/scf.se\/landsvag\/wp-json\/wp\/v2\/media?parent=4265"}],"wp:term":[{"taxonomy":"category","embeddable":true,"href":"https:\/\/scf.se\/landsvag\/wp-json\/wp\/v2\/categories?post=4265"},{"taxonomy":"post_tag","embeddable":true,"href":"https:\/\/scf.se\/landsvag\/wp-json\/wp\/v2\/tags?post=4265"}],"curies":[{"name":"wp","href":"https:\/\/api.w.org\/{rel}","templated":true}]}}