
{"id":4260,"date":"2023-06-27T12:16:57","date_gmt":"2023-06-27T10:16:57","guid":{"rendered":"http:\/\/scf.se\/landsvag\/?p=4260"},"modified":"2023-06-28T14:05:37","modified_gmt":"2023-06-28T12:05:37","slug":"klart-aven-masters-sm-och-usm-i-linjelopp-raddas-av-tierp-arena","status":"publish","type":"post","link":"https:\/\/scf.se\/landsvag\/klart-aven-masters-sm-och-usm-i-linjelopp-raddas-av-tierp-arena\/","title":{"rendered":"KLART: Nu r\u00e4ddas \u00e4ven masters-SM och USM i linjelopp av Tierp Arena"},"content":{"rendered":"<p><strong>Nu \u00e4r det klart! \u00c4ven linjeloppen f\u00f6r masters- och ungdomsklasserna k\u00f6rs p\u00e5 Tierp Arena och det blir samma dagar och tider 1\u20132 juli som var t\u00e4nkt fr\u00e5n b\u00f6rjan. Tempoloppen fredag 30 juni k\u00f6rs exakt som t\u00e4nkt i Bj\u00f6rklinge.\u00a0<\/strong><\/p>\n<blockquote><p>&#8221;Ja, och n\u00e4r det g\u00e4ller linjeloppen blir det om sagt t\u00e4vlingar p\u00e5 Tierp Arena. Vi \u00e4r v\u00e4ldigt tacksamma att de \u00e5terigen st\u00e4ller racerbanan till f\u00f6rfogande och glada f\u00f6r att kunna genomf\u00f6ra alla SM-t\u00e4vlingar trots det horribelt sena beskedet om att vi inte fick k\u00f6ra i Uppsala&#8221; s\u00e4ger arrangerande Upsala CK:s t\u00e4vlingsledare G\u00f6ran Mattsson.<\/p><\/blockquote>\n<h2>Ungdoms- och masters-SM tempo i Bj\u00f6rklinge<\/h2>\n<ul>\n<li><a href=\"https:\/\/www.sportstiming.se\/event\/12664\/participants?round=68020\"><em><strong>De exakta individuella TT-starttiderna publiceras H\u00c4R p\u00e5 Sportstiming p\u00e5 t\u00e4vlingsdagen, d\u00e4r det ocks\u00e5 finns mera info!<\/strong><\/em><\/a><\/li>\n<li><strong>Fredag 30 juni 09.00: <\/strong>Tempo flickor och pojkar 10\u201312 6,2 kilometer (den yngsta klassen har inte SM-status).<strong><br \/>\n09.15: <\/strong>Tempo F13\u201314, P13\u201314, 16,2 kilometer.\u00a0<strong><br \/>\n10.00: <\/strong>Tempo F15\u201316, P15\u201316, 16,2 kilometer. <strong><br \/>\n11.30: <\/strong>H30, H35, 31,0 kilometer.<br \/>\n<strong>12.30: <\/strong>H40, H45, 31,0 kilometer. <a href=\"https:\/\/www.sportstiming.se\/event\/12664\"><em><strong>\u00a0<\/strong><\/em><\/a><strong><br \/>\n13.30: <\/strong>H50, H55, 31,0 kilometer.\u00a0<strong><br \/>\n14.30: <\/strong><span id=\"page35R_mcid103\" class=\"markedContent\"><span dir=\"ltr\" role=\"presentation\">D30, D40, D50, D60, <\/span><\/span>31,0 kilometer.<strong><br \/>\n15.30:<\/strong> <span id=\"page35R_mcid111\" class=\"markedContent\"><span dir=\"ltr\" role=\"presentation\">H60, H65, H70, H75<\/span><\/span>, 31,0 kilometer.<\/li>\n<\/ul>\n<p><a href=\"https:\/\/www.sportstiming.se\/event\/12664\"><em><strong>Registrering f\u00f6r efteranm\u00e4lan st\u00e4nger den 28 juni 15.00.<\/strong><\/em><\/a><\/p>\n<h2>Ungdoms- och masters-SM linjelopp p\u00e5 Tierp Arena<\/h2>\n<p><a href=\"https:\/\/www.sportstiming.se\/event\/12665\"><em><strong>Mera info h\u00e4r p\u00e5 Sportstiming efterhand, men i stort sett \u00e4r det bara att byta ut Uppsala mot Tierp Arena.<\/strong><\/em><\/a><\/p>\n<ul>\n<li><strong>L\u00f6rdag 1 juli 09.00: <\/strong>Linje, flickor och pojkar 10\u201312.<br \/>\n<strong>09.30: <\/strong>Linje F13\u201314, P13\u201314 och F15\u201316.<br \/>\n<strong>12.30: <\/strong>Linje P 15\u201316. <strong><br \/>\n14.30:<\/strong> Linje Herrar 75, H70, H65 och H60.<br \/>\n<strong>16.30<\/strong><strong>:<\/strong> Linje Damer 60, D50, D40 och D30.<\/li>\n<li><strong>S\u00f6ndag 2 juli 09.00:<\/strong> Linje H35 och H30.<br \/>\n<strong>12.30: <\/strong>Linje H45 och H40. <strong><br \/>\n16.00<\/strong><strong>:<\/strong> Linje H55 och H50.<\/li>\n<\/ul>\n<p><a href=\"https:\/\/www.sportstiming.se\/event\/12665\"><em><strong> Registrering f\u00f6r efteranm\u00e4lan st\u00e4nger den 30 juni 15.00!<\/strong><\/em><\/a><\/p>\n<ul>\n<li><em><strong>Fr\u00e5gor om SM-arrangemanget: goranmattsson.uck@hotmail.com<\/strong> <\/em><\/li>\n<\/ul>\n<p>Bakgrunden till flytten av \u00e4ven USM och master-SM \u00e4r f\u00f6rst\u00e5s samma som n\u00e4r det g\u00e4ller junior\/senior, som k\u00f6rdes just p\u00e5 Tierp Arena i helgen.<\/p>\n<p>Transportstyrelsen upph\u00e4vde timmarna innan midsommarhelgen L\u00e4nsstyrelsens tillst\u00e5nd f\u00f6r SM-linjeloppen i Uppsala efter en \u00f6verklagan hos Transportstyrelsen fr\u00e5n en grupp boende i Uller\u00e5ker.<\/p>\n<blockquote><p>&#8221;S\u00e4ttet det skedde p\u00e5 \u00e4r skandal\u00f6st. Vi har parallellt \u00f6verklagat beslutet och f\u00e5tt st\u00f6ttning \u00e4ven fr\u00e5n annat myndighetsh\u00e5ll&#8221;, s\u00e4ger G\u00f6ran Mattsson.<\/p><\/blockquote>\n<p>Svenska Cykelf\u00f6rbundets GS Leif Karlsson har beg\u00e4rt ut hela beslutsunderlaget och unders\u00f6ker om det finns grund att JO-anm\u00e4la beslutsg\u00e5ngen inklusive det sena beskedet.<\/p>\n<blockquote><p>\u201dTransportstyrelsens besked att dra tillbaka L\u00e4nsstyrelsens tillst\u00e5nd tv\u00e5 dagar innan SM-t\u00e4vlingarna \u00e4r v\u00e4ldigt orov\u00e4ckande. Beslutet kan p\u00e5verka framtida arrangemang inom ett stort antal idrotter. SCF kommer unders\u00f6ka m\u00f6jligheten att JO-anm\u00e4la Transportstyrelsens hantering av beslutet ang\u00e5ende SM t\u00e4vlingarna i Uppsala samt s\u00f6ka st\u00f6d hos RF i framtida kontakter med politiken i denna fr\u00e5ga\u201d, sa Leif Karlsson i fredags.<\/p><\/blockquote>\n<p><em>Text och arkivfoto: Svenska Cykelf\u00f6rbundet<br \/>\nFoto: \u00c5ke Lav\u00e9n<\/em><\/p>\n<p>&nbsp;<\/p>\n","protected":false},"excerpt":{"rendered":"<p>Nu \u00e4r det klart! \u00c4ven linjeloppen f\u00f6r masters- och ungdomsklasserna k\u00f6rs p\u00e5 Tierp Arena och det blir samma dagar och tider 1\u20132 juli som var t\u00e4nkt fr\u00e5n b\u00f6rjan. Tempoloppen fredag 30 juni k\u00f6rs exakt som t\u00e4nkt i Bj\u00f6rklinge.\u00a0 &#8221;Ja, och n\u00e4r det g\u00e4ller linjeloppen blir det om sagt t\u00e4vlingar p\u00e5 Tierp Arena. Vi \u00e4r<a href=\"https:\/\/scf.se\/landsvag\/klart-aven-masters-sm-och-usm-i-linjelopp-raddas-av-tierp-arena\/\" class=\"news-card__more\"> &#8230;<\/a><\/p>\n","protected":false},"author":41,"featured_media":3400,"comment_status":"open","ping_status":"open","sticky":false,"template":"","format":"standard","meta":{"_acf_changed":false,"footnotes":""},"categories":[1],"tags":[],"class_list":["post-4260","post","type-post","status-publish","format-standard","hentry","category-landsvag"],"acf":[],"_links":{"self":[{"href":"https:\/\/scf.se\/landsvag\/wp-json\/wp\/v2\/posts\/4260","targetHints":{"allow":["GET"]}}],"collection":[{"href":"https:\/\/scf.se\/landsvag\/wp-json\/wp\/v2\/posts"}],"about":[{"href":"https:\/\/scf.se\/landsvag\/wp-json\/wp\/v2\/types\/post"}],"author":[{"embeddable":true,"href":"https:\/\/scf.se\/landsvag\/wp-json\/wp\/v2\/users\/41"}],"replies":[{"embeddable":true,"href":"https:\/\/scf.se\/landsvag\/wp-json\/wp\/v2\/comments?post=4260"}],"version-history":[{"count":0,"href":"https:\/\/scf.se\/landsvag\/wp-json\/wp\/v2\/posts\/4260\/revisions"}],"wp:featuredmedia":[{"embeddable":true,"href":"https:\/\/scf.se\/landsvag\/wp-json\/wp\/v2\/media\/3400"}],"wp:attachment":[{"href":"https:\/\/scf.se\/landsvag\/wp-json\/wp\/v2\/media?parent=4260"}],"wp:term":[{"taxonomy":"category","embeddable":true,"href":"https:\/\/scf.se\/landsvag\/wp-json\/wp\/v2\/categories?post=4260"},{"taxonomy":"post_tag","embeddable":true,"href":"https:\/\/scf.se\/landsvag\/wp-json\/wp\/v2\/tags?post=4260"}],"curies":[{"name":"wp","href":"https:\/\/api.w.org\/{rel}","templated":true}]}}