
{"id":4240,"date":"2023-06-25T19:20:08","date_gmt":"2023-06-25T17:20:08","guid":{"rendered":"http:\/\/scf.se\/landsvag\/?p=4240"},"modified":"2023-06-26T00:17:07","modified_gmt":"2023-06-25T22:17:07","slug":"trippelt-motala-aif-pa-pallen-i-damjuniorernas-sm-linjelopp","status":"publish","type":"post","link":"https:\/\/scf.se\/landsvag\/trippelt-motala-aif-pa-pallen-i-damjuniorernas-sm-linjelopp\/","title":{"rendered":"Trippelt Motala AIF p\u00e5 pallen efter damjuniorernas SM-linjelopp i Tierp"},"content":{"rendered":"<p><strong>Motala AIF CK tog plats p\u00e5 SM-prispallens alla tre avsatser efter damjuniorernas SM-linjelopp. Starkast var Stina Kagevi som gick loss solo. Tilde Lindstr\u00f6m vann spurten om andraplatsen \u2013 n\u00e4rmast f\u00f6re Ella Wahlstr\u00f6m.<\/strong><\/p>\n<p>Anna S\u00f6derqvist, som k\u00f6r f\u00f6r Team LeWa Sport, var fyra och tyv\u00e4rr var det inga andra en de fyra som tog sig i m\u00e5l i DJ-linjeloppet p\u00e5 Tierp Arena.<\/p>\n<p>Men det f\u00f6rtar inte att Motalas lag i allm\u00e4nhet och Stina Kagevi i synnerhet \u00e4r starka. Snitthastigheten var p\u00e5taglig h\u00f6g \u00e4ven f\u00f6r placering tv\u00e5 till fyra i detta SM-linjelopp.<\/p>\n<p>Kagevi har sedan den d\u00e5varande MTB-talangen b\u00f6rjade k\u00f6ra \u00e4ven landsv\u00e4g tagit tre guld p\u00e5 tre starter om man r\u00e4knar in den m\u00e4ktiga soloutbrytningen i Uppsala f\u00f6rra \u00e5ret.<\/p>\n<a href=\"https:\/\/scf.se\/landsvag\/wp-content\/uploads\/sites\/5\/2023\/06\/StinaK4.jpg\"><img loading=\"lazy\" decoding=\"async\" class=\"alignnone size-full wp-image-4253\" src=\"https:\/\/scf.se\/landsvag\/wp-content\/uploads\/sites\/5\/2023\/06\/StinaK4.jpg\" alt=\"\" width=\"2016\" height=\"1512\" srcset=\"https:\/\/scf.se\/landsvag\/wp-content\/uploads\/sites\/5\/2023\/06\/StinaK4.jpg 2016w, https:\/\/scf.se\/landsvag\/wp-content\/uploads\/sites\/5\/2023\/06\/StinaK4-300x225.jpg 300w, https:\/\/scf.se\/landsvag\/wp-content\/uploads\/sites\/5\/2023\/06\/StinaK4-1024x768.jpg 1024w, https:\/\/scf.se\/landsvag\/wp-content\/uploads\/sites\/5\/2023\/06\/StinaK4-768x576.jpg 768w, https:\/\/scf.se\/landsvag\/wp-content\/uploads\/sites\/5\/2023\/06\/StinaK4-1536x1152.jpg 1536w\" sizes=\"auto, (max-width: 2016px) 100vw, 2016px\" \/><\/a>\n<blockquote><p>\u201dJa, det f\u00e5r jag vara n\u00f6jd med\u201d, s\u00e4ger Stina Kagevi efter en r\u00e4tt l\u00e5ng fotosession och skiner upp.<\/p><\/blockquote>\n<p><strong>Hur t\u00e4nkte du innan loppet?<\/strong><\/p>\n<p>\u201dDet h\u00e4r \u00e4r inte min typ av bana. Jag gillar n\u00e4r det \u00e4r backigt och lite mer terr\u00e4ng s\u00e5 det g\u00e5r upp och ner lite. Men jag testade att k\u00f6ra p\u00e5 litegrann i ett avsnitt d\u00e4r det var motvind. D\u00e4r t\u00e4nkte jag att jag kan f\u00e5 ut lite av det som \u00e4r min styrka och att jag testar\u2026\u201d<br \/>\nL\u00e4get blir ju lite underligt eftersom de \u00f6vriga tv\u00e5 Motalacyklisterna var tvungna att hj\u00e4lpas \u00e5t f\u00f6r att jaga i kapp.<\/p>\n<blockquote><p>\u201dJag f\u00e5r en lucka och s\u00e5 var laget schyssta och l\u00e4t mig g\u00e5\u201d, s\u00e4ger Stina med en tacksam blick bort emot Tilde och Ella.<\/p><\/blockquote>\n<h3><a href=\"https:\/\/scf.se\/landsvag\/wp-content\/uploads\/sites\/5\/2023\/06\/StinaK2.jpg\"><img loading=\"lazy\" decoding=\"async\" class=\"alignnone size-full wp-image-4257\" src=\"https:\/\/scf.se\/landsvag\/wp-content\/uploads\/sites\/5\/2023\/06\/StinaK2.jpg\" alt=\"\" width=\"1286\" height=\"1797\" srcset=\"https:\/\/scf.se\/landsvag\/wp-content\/uploads\/sites\/5\/2023\/06\/StinaK2.jpg 1286w, https:\/\/scf.se\/landsvag\/wp-content\/uploads\/sites\/5\/2023\/06\/StinaK2-215x300.jpg 215w, https:\/\/scf.se\/landsvag\/wp-content\/uploads\/sites\/5\/2023\/06\/StinaK2-733x1024.jpg 733w, https:\/\/scf.se\/landsvag\/wp-content\/uploads\/sites\/5\/2023\/06\/StinaK2-768x1073.jpg 768w, https:\/\/scf.se\/landsvag\/wp-content\/uploads\/sites\/5\/2023\/06\/StinaK2-1099x1536.jpg 1099w\" sizes=\"auto, (max-width: 1286px) 100vw, 1286px\" \/><\/a><\/h3>\n<p><strong>Hur hade ni i Motala snackat ihop er? <\/strong><\/p>\n<blockquote><p>\u201dDet var v\u00e4l att vi \u00e4nd\u00e5 skulle k\u00f6ra som ett lag med m\u00e5let att f\u00f6rs\u00f6ka f\u00e5 upp alla tre cyklisterna p\u00e5 pallen. Och det lyckades vi med\u2026\u201d<\/p><\/blockquote>\n<p><strong>Hur \u00e4r det att v\u00e4xla mellan MTB och landsv\u00e4g som du g\u00f6r under en s\u00e4song?<\/strong><\/p>\n<blockquote><p>\u201dDet g\u00e5r v\u00e4l ganska bra. Det g\u00e4ller att hitta ett flyt i cyklingen i respektive gren. Nu har jag varit inne i en landsv\u00e4gsperiod som har k\u00e4nts bra. Och fram\u00f6ver blir det lite MTB igen.\u201d<\/p><\/blockquote>\n<p><strong>Ja, inte s\u00e5 lite v\u00e4l, du ska p\u00e5 EM i MTB i Portugal, hur passar banorna d\u00e4r dig \u2013 \u00e4r det f\u00f6r platt i XCC?<\/strong><\/p>\n<blockquote><p>\u201dDet ska avg\u00f6ras p\u00e5 exakt samma banor som ifjol, b\u00e5de i XCO och XCC, som har en startbacke i alla fall s\u00e5 det ska nog passa mig r\u00e4tt bra. Det l\u00e4r bli varmt men ska bli kul och riktigt sp\u00e4nnande.\u201d<\/p><\/blockquote>\n<h3><a href=\"https:\/\/scf.se\/landsvag\/wp-content\/uploads\/sites\/5\/2023\/06\/StinaK1.jpg\"><img loading=\"lazy\" decoding=\"async\" class=\"alignnone size-full wp-image-4259\" src=\"https:\/\/scf.se\/landsvag\/wp-content\/uploads\/sites\/5\/2023\/06\/StinaK1.jpg\" alt=\"\" width=\"1751\" height=\"1470\" srcset=\"https:\/\/scf.se\/landsvag\/wp-content\/uploads\/sites\/5\/2023\/06\/StinaK1.jpg 1751w, https:\/\/scf.se\/landsvag\/wp-content\/uploads\/sites\/5\/2023\/06\/StinaK1-300x252.jpg 300w, https:\/\/scf.se\/landsvag\/wp-content\/uploads\/sites\/5\/2023\/06\/StinaK1-1024x860.jpg 1024w, https:\/\/scf.se\/landsvag\/wp-content\/uploads\/sites\/5\/2023\/06\/StinaK1-768x645.jpg 768w, https:\/\/scf.se\/landsvag\/wp-content\/uploads\/sites\/5\/2023\/06\/StinaK1-1536x1290.jpg 1536w\" sizes=\"auto, (max-width: 1751px) 100vw, 1751px\" \/><\/a><\/h3>\n<h3>SM linjelopp damjunior<\/h3>\n<ol>\n<li><strong>Stina Kagevi,<\/strong> Motala AIF CK 1.24.18<\/li>\n<li><strong>Tilde Lindstr\u00f6m<\/strong>, Motala AIF +2.23<\/li>\n<li><strong>Ella Wahlstr\u00f6m<\/strong>, Motala AIF +2.23<\/li>\n<\/ol>\n<p><em>Text och foto: Tomas Larsson\/SCF<\/em><\/p>\n<hr \/>\n<p><em><strong>Svenska Cykelf\u00f6rbundet \u00e4r stolta \u00f6ver att presentera v\u00e5ra samarbetspartners. Tack vare dessa fantastiska f\u00f6retag kan v\u00e5ra cyklister oftare ta sig l\u00e4ngre ut i v\u00e4rlden.<\/strong><\/em><\/p>\n<h2><a href=\"https:\/\/scf.se\/forbundet\/sponsorer\/\"><img loading=\"lazy\" decoding=\"async\" class=\"alignnone size-full wp-image-3872\" src=\"https:\/\/scf.se\/landsvag\/wp-content\/uploads\/sites\/5\/2023\/02\/LiggandeBannerNyheterHemsida2023.png\" alt=\"\" width=\"1200\" height=\"200\" srcset=\"https:\/\/scf.se\/landsvag\/wp-content\/uploads\/sites\/5\/2023\/02\/LiggandeBannerNyheterHemsida2023.png 1200w, https:\/\/scf.se\/landsvag\/wp-content\/uploads\/sites\/5\/2023\/02\/LiggandeBannerNyheterHemsida2023-300x50.png 300w, https:\/\/scf.se\/landsvag\/wp-content\/uploads\/sites\/5\/2023\/02\/LiggandeBannerNyheterHemsida2023-1024x171.png 1024w, https:\/\/scf.se\/landsvag\/wp-content\/uploads\/sites\/5\/2023\/02\/LiggandeBannerNyheterHemsida2023-768x128.png 768w\" sizes=\"auto, (max-width: 1200px) 100vw, 1200px\" \/><\/a><\/h2>\n<p>&nbsp;<\/p>\n","protected":false},"excerpt":{"rendered":"<p>Motala AIF CK tog plats p\u00e5 SM-prispallens alla tre avsatser efter damjuniorernas SM-linjelopp. Starkast var Stina Kagevi som gick loss solo. Tilde Lindstr\u00f6m vann spurten om andraplatsen \u2013 n\u00e4rmast f\u00f6re Ella Wahlstr\u00f6m. Anna S\u00f6derqvist, som k\u00f6r f\u00f6r Team LeWa Sport, var fyra och tyv\u00e4rr var det inga andra en de fyra som tog sig<a href=\"https:\/\/scf.se\/landsvag\/trippelt-motala-aif-pa-pallen-i-damjuniorernas-sm-linjelopp\/\" class=\"news-card__more\"> &#8230;<\/a><\/p>\n","protected":false},"author":41,"featured_media":4254,"comment_status":"open","ping_status":"open","sticky":false,"template":"","format":"standard","meta":{"_acf_changed":false,"footnotes":""},"categories":[1],"tags":[],"class_list":["post-4240","post","type-post","status-publish","format-standard","hentry","category-landsvag"],"acf":[],"_links":{"self":[{"href":"https:\/\/scf.se\/landsvag\/wp-json\/wp\/v2\/posts\/4240","targetHints":{"allow":["GET"]}}],"collection":[{"href":"https:\/\/scf.se\/landsvag\/wp-json\/wp\/v2\/posts"}],"about":[{"href":"https:\/\/scf.se\/landsvag\/wp-json\/wp\/v2\/types\/post"}],"author":[{"embeddable":true,"href":"https:\/\/scf.se\/landsvag\/wp-json\/wp\/v2\/users\/41"}],"replies":[{"embeddable":true,"href":"https:\/\/scf.se\/landsvag\/wp-json\/wp\/v2\/comments?post=4240"}],"version-history":[{"count":1,"href":"https:\/\/scf.se\/landsvag\/wp-json\/wp\/v2\/posts\/4240\/revisions"}],"predecessor-version":[{"id":8187,"href":"https:\/\/scf.se\/landsvag\/wp-json\/wp\/v2\/posts\/4240\/revisions\/8187"}],"wp:featuredmedia":[{"embeddable":true,"href":"https:\/\/scf.se\/landsvag\/wp-json\/wp\/v2\/media\/4254"}],"wp:attachment":[{"href":"https:\/\/scf.se\/landsvag\/wp-json\/wp\/v2\/media?parent=4240"}],"wp:term":[{"taxonomy":"category","embeddable":true,"href":"https:\/\/scf.se\/landsvag\/wp-json\/wp\/v2\/categories?post=4240"},{"taxonomy":"post_tag","embeddable":true,"href":"https:\/\/scf.se\/landsvag\/wp-json\/wp\/v2\/tags?post=4240"}],"curies":[{"name":"wp","href":"https:\/\/api.w.org\/{rel}","templated":true}]}}