
{"id":4213,"date":"2023-06-24T20:34:20","date_gmt":"2023-06-24T18:34:20","guid":{"rendered":"http:\/\/scf.se\/landsvag\/?p=4213"},"modified":"2023-06-27T07:44:58","modified_gmt":"2023-06-27T05:44:58","slug":"emilia-fahlin-starkast-i-spurten-pa-tierp-arena-ville-merlov-juniorvinnare","status":"publish","type":"post","link":"https:\/\/scf.se\/landsvag\/emilia-fahlin-starkast-i-spurten-pa-tierp-arena-ville-merlov-juniorvinnare\/","title":{"rendered":"Emilia Fahlin starkast i spurten p\u00e5 SM-linje \u2013 Merl\u00f6v vann juniorloppet"},"content":{"rendered":"<p><strong>Det var en bel\u00e5ten Emilia Fahlin som vann spurten i damernas SM-linjelopp. Till sist blev det samlad klungspurt. Fahlin hade Jenny Rissveds rulle och tog eftre skickligt man\u00f6vrerande framf\u00f6r de stora l\u00e4ktarna p\u00e5 Tierp Arena spurten f\u00f6re Clara Lundmark och Julia Borgstr\u00f6m. Svensk herrjuniorm\u00e4stare blev Ville Merl\u00f6v efter en m\u00e4ktig utbrytning med Gustav Magnusson.<\/strong><\/p>\n<ul>\n<li><a href=\"https:\/\/vimeo.com\/839543623\"><em><strong>Kolla in film fr\u00e5n herrjuniorernas SM-lopp h\u00e4r!<\/strong><\/em><\/a><\/li>\n<\/ul>\n<p>Det var Jenny Rissveds ensam som tog upp jakten p\u00e5 v\u00e4ldigt \u00e5kstarka Mika S\u00f6derstr\u00f6m (nedan) fr\u00e5n Stockholm CK \u2013 gick exempelvis l\u00e5ngt i den avslutande VM-elimineringen i E-cycling \u2013 som var loss solo under l\u00e5ng tid.<\/p>\n<a href=\"https:\/\/scf.se\/landsvag\/wp-content\/uploads\/sites\/5\/2023\/06\/SM-linje1.jpg\"><img loading=\"lazy\" decoding=\"async\" class=\"alignnone size-full wp-image-4220\" src=\"https:\/\/scf.se\/landsvag\/wp-content\/uploads\/sites\/5\/2023\/06\/SM-linje1.jpg\" alt=\"\" width=\"1268\" height=\"1280\" srcset=\"https:\/\/scf.se\/landsvag\/wp-content\/uploads\/sites\/5\/2023\/06\/SM-linje1.jpg 1268w, https:\/\/scf.se\/landsvag\/wp-content\/uploads\/sites\/5\/2023\/06\/SM-linje1-297x300.jpg 297w, https:\/\/scf.se\/landsvag\/wp-content\/uploads\/sites\/5\/2023\/06\/SM-linje1-1014x1024.jpg 1014w, https:\/\/scf.se\/landsvag\/wp-content\/uploads\/sites\/5\/2023\/06\/SM-linje1-150x150.jpg 150w, https:\/\/scf.se\/landsvag\/wp-content\/uploads\/sites\/5\/2023\/06\/SM-linje1-768x775.jpg 768w\" sizes=\"auto, (max-width: 1268px) 100vw, 1268px\" \/><\/a>\n<p>Rissveds tog in \u00f6ver minuten i ett huj. Men d\u00e5 var det full aktivitet i klungan som inte tappade j\u00e4ttemycket p\u00e5 Jenny efter f\u00f6rsta rycket i detta underh\u00e5llande och mot slutet s\u00e5 intensiva SM-linjelopp. Och i det l\u00e4get s\u00e5g det ut att kunna bli en ny soloseger f\u00f6r Jenny.<\/p>\n<p>Mika, som var borta ett tag f\u00f6r t\u00e4vlande efter hj\u00e4rnskakning men \u00e4r ett mycket sp\u00e4nnande r\u00e4tt nytt namn fr\u00e5n l\u00f6pningen, orkade inte h\u00e5lla emot n\u00e4r SM-tempovinnaren fr\u00e5n i torsdags kom \u00e5ngande. Men pl\u00f6tsligt var n\u00e4stan alla starka namn i klungan framme. \u00c4ven Emilia var framme och jobbade lite.<\/p>\n<p>&#8221;Ja, det blev en fin k\u00f6rning d\u00e4r. Jag tror att m\u00e5nga kom ih\u00e5g f\u00f6rra \u00e5ret och k\u00e4nde att vi m\u00e5ste b\u00f6rja kontrollera det h\u00e4r i klungan. F\u00f6r ger vi Jenny f\u00f6r stort utrymme s\u00e5 ser vi inte henne mera&#8221;, s\u00e4ger Emilia Fahlin.<\/p>\n<a href=\"https:\/\/scf.se\/landsvag\/wp-content\/uploads\/sites\/5\/2023\/06\/SM-linje2.jpg\"><img loading=\"lazy\" decoding=\"async\" class=\"alignnone size-full wp-image-4219\" src=\"https:\/\/scf.se\/landsvag\/wp-content\/uploads\/sites\/5\/2023\/06\/SM-linje2.jpg\" alt=\"\" width=\"1611\" height=\"1302\" srcset=\"https:\/\/scf.se\/landsvag\/wp-content\/uploads\/sites\/5\/2023\/06\/SM-linje2.jpg 1611w, https:\/\/scf.se\/landsvag\/wp-content\/uploads\/sites\/5\/2023\/06\/SM-linje2-300x242.jpg 300w, https:\/\/scf.se\/landsvag\/wp-content\/uploads\/sites\/5\/2023\/06\/SM-linje2-1024x828.jpg 1024w, https:\/\/scf.se\/landsvag\/wp-content\/uploads\/sites\/5\/2023\/06\/SM-linje2-768x621.jpg 768w, https:\/\/scf.se\/landsvag\/wp-content\/uploads\/sites\/5\/2023\/06\/SM-linje2-1536x1241.jpg 1536w\" sizes=\"auto, (max-width: 1611px) 100vw, 1611px\" \/><\/a>\n<p>H\u00e4r r\u00f6k Jenny Rissveds chans till en s\u00e4ker seger.<\/p>\n<blockquote><p>\u201dJag hade lite otur att det var s\u00e5 m\u00e5nga som ville samarbeta f\u00f6r att k\u00f6ra ifatt mig i det l\u00e4get. Jag fick en t\u00e5r efter\u00e5t eftersom jag verkligen unnade Emilia att vinna. Hon var s\u00e5 v\u00e4rd det\u201d, sa Jenny Rissveds som till exempel verkligen fick bra assistans av Fahlin fram till totalsegern i tjeckiska Gracia Orlov\u00e1 tour i v\u00e5ras.<\/p><\/blockquote>\n<p>Det var m\u00e5nga priser p\u00e5 SM-pallen efter damernas SM-linjelopp p\u00e5 Tierp Arena 2023. Emilia Fahlin vann SM-guldet s\u00e5 delade S\u00e4llskapet gamla t\u00e4vlingscyklister (SGT) ut M\u00e4sterskapskedjan f\u00f6r b\u00e4sta placering\/tid p\u00e5 tempo och nu linjelopp.<\/p>\n<p>SM-silvret till Clara Lundmark efter en stark avslutning. Julia Borgstr\u00f6m om har varit sjuk och best\u00e4mde sig sent f\u00f6r start fixade SM-brons plus U23-tr\u00f6jan, t\u00e4tt f\u00f6re f\u00f6rra \u00e5rets fyra Nathalie Eklund \u2013 och s\u00e5 var Jenny Rissveds femma.<\/p>\n<p>Det var inte j\u00e4ttel\u00e5ngt ifr\u00e5n att Hanna Nilsson hade g\u00e5tt hem med en l\u00e5ngspurt. Emilia l\u00e4t mestadels andra ta luckorna om en sann spurtare.<\/p>\n<a href=\"https:\/\/scf.se\/landsvag\/wp-content\/uploads\/sites\/5\/2023\/06\/SM-linje3.jpg\"><img loading=\"lazy\" decoding=\"async\" class=\"alignnone size-full wp-image-4218\" src=\"https:\/\/scf.se\/landsvag\/wp-content\/uploads\/sites\/5\/2023\/06\/SM-linje3.jpg\" alt=\"\" width=\"688\" height=\"616\" srcset=\"https:\/\/scf.se\/landsvag\/wp-content\/uploads\/sites\/5\/2023\/06\/SM-linje3.jpg 688w, https:\/\/scf.se\/landsvag\/wp-content\/uploads\/sites\/5\/2023\/06\/SM-linje3-300x269.jpg 300w\" sizes=\"auto, (max-width: 688px) 100vw, 688px\" \/><\/a>\n<blockquote><p>\u201dMan f\u00e5r gambla lite i cykel. Det gjorde jag i dag. Med tv\u00e5 varv var jag faktiskt lite nerv\u00f6s. Det h\u00e4nder inte ofta under t\u00e4vling. Jag brukar kunna vara det innan. Men med ett varv kvar t\u00e4nkte jag att nu j\u00e4klar \u00e4r det t\u00e4vling. Jag ville ha Jennys rulle och jag tajmade spurten bra. V\u00e4nta lite, lite\u2026och sedan g\u00e5 ut i r\u00e4tt l\u00e4ge\u201d, sa en p\u00e5tagligt n\u00f6jd Emilia Fahlin.<\/p><\/blockquote>\n<a href=\"https:\/\/scf.se\/landsvag\/wp-content\/uploads\/sites\/5\/2023\/06\/SM-linje4.jpg\"><img loading=\"lazy\" decoding=\"async\" class=\"alignnone size-full wp-image-4217\" src=\"https:\/\/scf.se\/landsvag\/wp-content\/uploads\/sites\/5\/2023\/06\/SM-linje4.jpg\" alt=\"\" width=\"1562\" height=\"1406\" srcset=\"https:\/\/scf.se\/landsvag\/wp-content\/uploads\/sites\/5\/2023\/06\/SM-linje4.jpg 1562w, https:\/\/scf.se\/landsvag\/wp-content\/uploads\/sites\/5\/2023\/06\/SM-linje4-300x270.jpg 300w, https:\/\/scf.se\/landsvag\/wp-content\/uploads\/sites\/5\/2023\/06\/SM-linje4-1024x922.jpg 1024w, https:\/\/scf.se\/landsvag\/wp-content\/uploads\/sites\/5\/2023\/06\/SM-linje4-768x691.jpg 768w, https:\/\/scf.se\/landsvag\/wp-content\/uploads\/sites\/5\/2023\/06\/SM-linje4-1536x1383.jpg 1536w\" sizes=\"auto, (max-width: 1562px) 100vw, 1562px\" \/><\/a>\n<h3>SM linjelopp damsenior<\/h3>\n<ol>\n<li><strong>Emilia Fahlin<\/strong>, \u00d6rebrocyklisterna 3:05:18<\/li>\n<li><strong>Clara Lundmark<\/strong>, Norbergs CK +0<\/li>\n<li><strong>Julia Borgstr\u00f6m<\/strong>, CK Ringen +0<\/li>\n<li><strong>Nathalie Eklund<\/strong>, Stockholm CK +0<\/li>\n<li><strong>Jenny Rissveds<\/strong>, Falu CK +0<\/li>\n<li><strong>Matilda Frantzich<\/strong>, CK Ringen +0<\/li>\n<\/ol>\n<ul>\n<li><a href=\"https:\/\/www.sportstiming.se\/event\/12653\/results?round=67958\"><em><strong>Alla resultat och \u00e4ven varvtider fr\u00e5n damseniorernas SM-linjelopp h\u00e4r!<\/strong><\/em><\/a><\/li>\n<\/ul>\n<p>&nbsp;<\/p>\n<a href=\"https:\/\/scf.se\/landsvag\/wp-content\/uploads\/sites\/5\/2023\/06\/SM-linje7.jpg\"><img loading=\"lazy\" decoding=\"async\" class=\"alignnone size-full wp-image-4214\" src=\"https:\/\/scf.se\/landsvag\/wp-content\/uploads\/sites\/5\/2023\/06\/SM-linje7.jpg\" alt=\"\" width=\"1724\" height=\"1216\" srcset=\"https:\/\/scf.se\/landsvag\/wp-content\/uploads\/sites\/5\/2023\/06\/SM-linje7.jpg 1724w, https:\/\/scf.se\/landsvag\/wp-content\/uploads\/sites\/5\/2023\/06\/SM-linje7-300x212.jpg 300w, https:\/\/scf.se\/landsvag\/wp-content\/uploads\/sites\/5\/2023\/06\/SM-linje7-1024x722.jpg 1024w, https:\/\/scf.se\/landsvag\/wp-content\/uploads\/sites\/5\/2023\/06\/SM-linje7-768x542.jpg 768w, https:\/\/scf.se\/landsvag\/wp-content\/uploads\/sites\/5\/2023\/06\/SM-linje7-1536x1083.jpg 1536w, https:\/\/scf.se\/landsvag\/wp-content\/uploads\/sites\/5\/2023\/06\/SM-linje7-662x468.jpg 662w\" sizes=\"auto, (max-width: 1724px) 100vw, 1724px\" \/><\/a>\n<p>I juniorernas SM-linjelopp s\u00e5g Ville Merl\u00f6v s\u00e5g ut att ha dragit lite f\u00f6r mycket i utbrytningen med J\u00f6nk\u00f6pings Gustav Magnusson, som redan med tv\u00e5 varv kvar var hemma trots att det satt flera starka cyklister l\u00e5ngt fram i klungan.<\/p>\n<ul>\n<li><a href=\"https:\/\/vimeo.com\/839543623\"><em><strong>Kolla in film fr\u00e5n herrjuniorernas SM-lopp h\u00e4r!<\/strong><\/em><\/a><\/li>\n<\/ul>\n<p>Ville spelade emellertid ut sina kort smart i de sista kurvorna och lyckades vinna SM-guldet &#8211; efter att egentligen gett upp hoppet om ett JSM-guld efter att ha f\u00e5tt jobbiga domningar och fj\u00e4rdeplats i tempot i torsdags.<\/p>\n<blockquote><p>&#8221;Jag hade egentligen gett upp tanken att ta ett SM-guld som junior. TT-loppet var ju min chans och domningarna k\u00e4ndes skitjobbiga. Jag fick behandling, som egentligen inte hj\u00e4lpte. Men jag fick bra r\u00e5d, att mikrovilan i ett linjelopp kunde r\u00e4cka s\u00e5 att jag inte skulle f\u00e5 tillbaka dem fullt ut. Och det r\u00e4ckte ju&#8221;, s\u00e4ger Ville vars bel\u00e5tna leende liksom inte ville g\u00e5 ner denna varm oh bitvis bl\u00e5siga l\u00f6rdag.<\/p>\n<p>SM-bronsmedalj till juniorlandslagsmannen i MTB, Nils Johansson. V\u00e4lf\u00f6rtj\u00e4nt. Han fanns med i utbrytningen till en b\u00f6rjan men vurpade. D\u00e4r f\u00f6rsvann ett st\u00f6rre guldl\u00e4ge f\u00f6r J\u00f6nk\u00f6pings CK:S s\u00e5 starka juniorg\u00e4ng. Men tv\u00e5 SM-medaljer i p\u00e5 JCK-kontot \u00e4r inte illa. Och ett bevis p\u00e5 grym ungdomsverksamhet.<\/p><\/blockquote>\n<h3><a href=\"https:\/\/scf.se\/landsvag\/wp-content\/uploads\/sites\/5\/2023\/06\/SM-linje6.jpg\"><img loading=\"lazy\" decoding=\"async\" class=\"alignnone size-full wp-image-4215\" src=\"https:\/\/scf.se\/landsvag\/wp-content\/uploads\/sites\/5\/2023\/06\/SM-linje6.jpg\" alt=\"\" width=\"1498\" height=\"1388\" srcset=\"https:\/\/scf.se\/landsvag\/wp-content\/uploads\/sites\/5\/2023\/06\/SM-linje6.jpg 1498w, https:\/\/scf.se\/landsvag\/wp-content\/uploads\/sites\/5\/2023\/06\/SM-linje6-300x278.jpg 300w, https:\/\/scf.se\/landsvag\/wp-content\/uploads\/sites\/5\/2023\/06\/SM-linje6-1024x949.jpg 1024w, https:\/\/scf.se\/landsvag\/wp-content\/uploads\/sites\/5\/2023\/06\/SM-linje6-768x712.jpg 768w\" sizes=\"auto, (max-width: 1498px) 100vw, 1498px\" \/><\/a><\/h3>\n<h3>SM linjelopp herrjunior<\/h3>\n<ol>\n<li><strong>Ville Merl\u00f6v<\/strong>, \u00c5storps CK 2.46.55<\/li>\n<li><strong>Gustav Magnusson<\/strong>, J\u00f6nk\u00f6pings CK +0<\/li>\n<li><strong>Nils Johansson<\/strong>, J\u00f6nk\u00f6pings CK +2.24<\/li>\n<\/ol>\n<ul>\n<li><a href=\"https:\/\/www.sportstiming.se\/event\/12653\/results?round=67958\"><em><strong>Alla resultat och \u00e4ven varvtider fr\u00e5n herrjuniorernas linjelopp h\u00e4r!<\/strong><\/em><\/a><\/li>\n<\/ul>\n<p>Bara att det blev linje-SM var ett sm\u00e4rre under. En \u00f6verklagan hos\u00a0 fr\u00e5n en grupp boende gick igenom i Transportstyrelsen \u2013 mindre \u00e4n tv\u00e5 dygn innan det ber\u00f6rda loppet.<\/p>\n<p>Ett fantastiskt jobb av arrang\u00f6rsgruppen i Upsala CK att v\u00e4lja bort midsommarfirande och f\u00e5 till SM-t\u00e4vlingarna p\u00e5 Tierp Arena, som p\u00e5 kort varsel \u00f6ppnade portarna, i st\u00e4llet f\u00f6r t\u00e4vling i Uppsala som t\u00e4nkt. En bragd som fick en varm, spontan appl\u00e5d p\u00e5 lagledarm\u00f6tet innan damernas linjelopp.<\/p>\n<p>H\u00e4r kommer ett bildspel fr\u00e5n l\u00f6rdagens SM-t\u00e4vlingar p\u00e5 Tierp Arena:<\/p>\n<a href=\"https:\/\/scf.se\/landsvag\/wp-content\/uploads\/sites\/5\/2023\/06\/SMkamera1-1.jpeg\"><img loading=\"lazy\" decoding=\"async\" class=\"alignnone size-full wp-image-4223\" src=\"https:\/\/scf.se\/landsvag\/wp-content\/uploads\/sites\/5\/2023\/06\/SMkamera1-1.jpeg\" alt=\"\" width=\"1280\" height=\"947\" srcset=\"https:\/\/scf.se\/landsvag\/wp-content\/uploads\/sites\/5\/2023\/06\/SMkamera1-1.jpeg 1280w, https:\/\/scf.se\/landsvag\/wp-content\/uploads\/sites\/5\/2023\/06\/SMkamera1-1-300x222.jpeg 300w, https:\/\/scf.se\/landsvag\/wp-content\/uploads\/sites\/5\/2023\/06\/SMkamera1-1-1024x758.jpeg 1024w, https:\/\/scf.se\/landsvag\/wp-content\/uploads\/sites\/5\/2023\/06\/SMkamera1-1-768x568.jpeg 768w\" sizes=\"auto, (max-width: 1280px) 100vw, 1280px\" \/><\/a> <a href=\"https:\/\/scf.se\/landsvag\/wp-content\/uploads\/sites\/5\/2023\/06\/SMkamera2b-1.jpeg\"><img loading=\"lazy\" decoding=\"async\" class=\"alignnone size-full wp-image-4224\" src=\"https:\/\/scf.se\/landsvag\/wp-content\/uploads\/sites\/5\/2023\/06\/SMkamera2b-1.jpeg\" alt=\"\" width=\"1280\" height=\"805\" srcset=\"https:\/\/scf.se\/landsvag\/wp-content\/uploads\/sites\/5\/2023\/06\/SMkamera2b-1.jpeg 1280w, https:\/\/scf.se\/landsvag\/wp-content\/uploads\/sites\/5\/2023\/06\/SMkamera2b-1-300x189.jpeg 300w, https:\/\/scf.se\/landsvag\/wp-content\/uploads\/sites\/5\/2023\/06\/SMkamera2b-1-1024x644.jpeg 1024w, https:\/\/scf.se\/landsvag\/wp-content\/uploads\/sites\/5\/2023\/06\/SMkamera2b-1-768x483.jpeg 768w\" sizes=\"auto, (max-width: 1280px) 100vw, 1280px\" \/><\/a> <a href=\"https:\/\/scf.se\/landsvag\/wp-content\/uploads\/sites\/5\/2023\/06\/SMkamera3-1.jpeg\"><img loading=\"lazy\" decoding=\"async\" class=\"alignnone size-full wp-image-4225\" src=\"https:\/\/scf.se\/landsvag\/wp-content\/uploads\/sites\/5\/2023\/06\/SMkamera3-1.jpeg\" alt=\"\" width=\"1280\" height=\"875\" srcset=\"https:\/\/scf.se\/landsvag\/wp-content\/uploads\/sites\/5\/2023\/06\/SMkamera3-1.jpeg 1280w, https:\/\/scf.se\/landsvag\/wp-content\/uploads\/sites\/5\/2023\/06\/SMkamera3-1-300x205.jpeg 300w, https:\/\/scf.se\/landsvag\/wp-content\/uploads\/sites\/5\/2023\/06\/SMkamera3-1-1024x700.jpeg 1024w, https:\/\/scf.se\/landsvag\/wp-content\/uploads\/sites\/5\/2023\/06\/SMkamera3-1-768x525.jpeg 768w\" sizes=\"auto, (max-width: 1280px) 100vw, 1280px\" \/><\/a> <a href=\"https:\/\/scf.se\/landsvag\/wp-content\/uploads\/sites\/5\/2023\/06\/SMkamera4-1.jpeg\"><img loading=\"lazy\" decoding=\"async\" class=\"alignnone size-full wp-image-4226\" src=\"https:\/\/scf.se\/landsvag\/wp-content\/uploads\/sites\/5\/2023\/06\/SMkamera4-1.jpeg\" alt=\"\" width=\"1280\" height=\"814\" srcset=\"https:\/\/scf.se\/landsvag\/wp-content\/uploads\/sites\/5\/2023\/06\/SMkamera4-1.jpeg 1280w, https:\/\/scf.se\/landsvag\/wp-content\/uploads\/sites\/5\/2023\/06\/SMkamera4-1-300x191.jpeg 300w, https:\/\/scf.se\/landsvag\/wp-content\/uploads\/sites\/5\/2023\/06\/SMkamera4-1-1024x651.jpeg 1024w, https:\/\/scf.se\/landsvag\/wp-content\/uploads\/sites\/5\/2023\/06\/SMkamera4-1-768x488.jpeg 768w\" sizes=\"auto, (max-width: 1280px) 100vw, 1280px\" \/><\/a> <a href=\"https:\/\/scf.se\/landsvag\/wp-content\/uploads\/sites\/5\/2023\/06\/SMkamera5-1.jpeg\"><img loading=\"lazy\" decoding=\"async\" class=\"alignnone size-full wp-image-4227\" src=\"https:\/\/scf.se\/landsvag\/wp-content\/uploads\/sites\/5\/2023\/06\/SMkamera5-1.jpeg\" alt=\"\" width=\"1280\" height=\"1178\" srcset=\"https:\/\/scf.se\/landsvag\/wp-content\/uploads\/sites\/5\/2023\/06\/SMkamera5-1.jpeg 1280w, https:\/\/scf.se\/landsvag\/wp-content\/uploads\/sites\/5\/2023\/06\/SMkamera5-1-300x276.jpeg 300w, https:\/\/scf.se\/landsvag\/wp-content\/uploads\/sites\/5\/2023\/06\/SMkamera5-1-1024x942.jpeg 1024w, https:\/\/scf.se\/landsvag\/wp-content\/uploads\/sites\/5\/2023\/06\/SMkamera5-1-768x707.jpeg 768w\" sizes=\"auto, (max-width: 1280px) 100vw, 1280px\" \/><\/a> <a href=\"https:\/\/scf.se\/landsvag\/wp-content\/uploads\/sites\/5\/2023\/06\/SMkamera6-1.jpeg\"><img loading=\"lazy\" decoding=\"async\" class=\"alignnone size-full wp-image-4228\" src=\"https:\/\/scf.se\/landsvag\/wp-content\/uploads\/sites\/5\/2023\/06\/SMkamera6-1.jpeg\" alt=\"\" width=\"1280\" height=\"824\" srcset=\"https:\/\/scf.se\/landsvag\/wp-content\/uploads\/sites\/5\/2023\/06\/SMkamera6-1.jpeg 1280w, https:\/\/scf.se\/landsvag\/wp-content\/uploads\/sites\/5\/2023\/06\/SMkamera6-1-300x193.jpeg 300w, https:\/\/scf.se\/landsvag\/wp-content\/uploads\/sites\/5\/2023\/06\/SMkamera6-1-1024x659.jpeg 1024w, https:\/\/scf.se\/landsvag\/wp-content\/uploads\/sites\/5\/2023\/06\/SMkamera6-1-768x494.jpeg 768w\" sizes=\"auto, (max-width: 1280px) 100vw, 1280px\" \/><\/a> <a href=\"https:\/\/scf.se\/landsvag\/wp-content\/uploads\/sites\/5\/2023\/06\/SMkamera7-1.jpeg\"><img loading=\"lazy\" decoding=\"async\" class=\"alignnone size-full wp-image-4229\" src=\"https:\/\/scf.se\/landsvag\/wp-content\/uploads\/sites\/5\/2023\/06\/SMkamera7-1.jpeg\" alt=\"\" width=\"1280\" height=\"888\" srcset=\"https:\/\/scf.se\/landsvag\/wp-content\/uploads\/sites\/5\/2023\/06\/SMkamera7-1.jpeg 1280w, https:\/\/scf.se\/landsvag\/wp-content\/uploads\/sites\/5\/2023\/06\/SMkamera7-1-300x208.jpeg 300w, https:\/\/scf.se\/landsvag\/wp-content\/uploads\/sites\/5\/2023\/06\/SMkamera7-1-1024x710.jpeg 1024w, https:\/\/scf.se\/landsvag\/wp-content\/uploads\/sites\/5\/2023\/06\/SMkamera7-1-768x533.jpeg 768w\" sizes=\"auto, (max-width: 1280px) 100vw, 1280px\" \/><\/a> <a href=\"https:\/\/scf.se\/landsvag\/wp-content\/uploads\/sites\/5\/2023\/06\/Bildspellordag4.jpg\"><img loading=\"lazy\" decoding=\"async\" class=\"alignnone size-full wp-image-4238\" src=\"https:\/\/scf.se\/landsvag\/wp-content\/uploads\/sites\/5\/2023\/06\/Bildspellordag4.jpg\" alt=\"\" width=\"2016\" height=\"1512\" srcset=\"https:\/\/scf.se\/landsvag\/wp-content\/uploads\/sites\/5\/2023\/06\/Bildspellordag4.jpg 2016w, https:\/\/scf.se\/landsvag\/wp-content\/uploads\/sites\/5\/2023\/06\/Bildspellordag4-300x225.jpg 300w, https:\/\/scf.se\/landsvag\/wp-content\/uploads\/sites\/5\/2023\/06\/Bildspellordag4-1024x768.jpg 1024w, https:\/\/scf.se\/landsvag\/wp-content\/uploads\/sites\/5\/2023\/06\/Bildspellordag4-768x576.jpg 768w, https:\/\/scf.se\/landsvag\/wp-content\/uploads\/sites\/5\/2023\/06\/Bildspellordag4-1536x1152.jpg 1536w\" sizes=\"auto, (max-width: 2016px) 100vw, 2016px\" \/><\/a>\n<a href=\"https:\/\/scf.se\/landsvag\/wp-content\/uploads\/sites\/5\/2023\/06\/SMkamera8-1.jpeg\"><img loading=\"lazy\" decoding=\"async\" class=\"alignnone size-full wp-image-4230\" src=\"https:\/\/scf.se\/landsvag\/wp-content\/uploads\/sites\/5\/2023\/06\/SMkamera8-1.jpeg\" alt=\"\" width=\"1280\" height=\"799\" srcset=\"https:\/\/scf.se\/landsvag\/wp-content\/uploads\/sites\/5\/2023\/06\/SMkamera8-1.jpeg 1280w, https:\/\/scf.se\/landsvag\/wp-content\/uploads\/sites\/5\/2023\/06\/SMkamera8-1-300x187.jpeg 300w, https:\/\/scf.se\/landsvag\/wp-content\/uploads\/sites\/5\/2023\/06\/SMkamera8-1-1024x639.jpeg 1024w, https:\/\/scf.se\/landsvag\/wp-content\/uploads\/sites\/5\/2023\/06\/SMkamera8-1-768x479.jpeg 768w, https:\/\/scf.se\/landsvag\/wp-content\/uploads\/sites\/5\/2023\/06\/SMkamera8-1-740x462.jpeg 740w\" sizes=\"auto, (max-width: 1280px) 100vw, 1280px\" \/><\/a>\n<a href=\"https:\/\/scf.se\/landsvag\/wp-content\/uploads\/sites\/5\/2023\/06\/Bildspellordag5.jpg\"><img loading=\"lazy\" decoding=\"async\" class=\"alignnone size-full wp-image-4234\" src=\"https:\/\/scf.se\/landsvag\/wp-content\/uploads\/sites\/5\/2023\/06\/Bildspellordag5.jpg\" alt=\"\" width=\"2016\" height=\"1512\" srcset=\"https:\/\/scf.se\/landsvag\/wp-content\/uploads\/sites\/5\/2023\/06\/Bildspellordag5.jpg 2016w, https:\/\/scf.se\/landsvag\/wp-content\/uploads\/sites\/5\/2023\/06\/Bildspellordag5-300x225.jpg 300w, https:\/\/scf.se\/landsvag\/wp-content\/uploads\/sites\/5\/2023\/06\/Bildspellordag5-1024x768.jpg 1024w, https:\/\/scf.se\/landsvag\/wp-content\/uploads\/sites\/5\/2023\/06\/Bildspellordag5-768x576.jpg 768w, https:\/\/scf.se\/landsvag\/wp-content\/uploads\/sites\/5\/2023\/06\/Bildspellordag5-1536x1152.jpg 1536w\" sizes=\"auto, (max-width: 2016px) 100vw, 2016px\" \/><\/a>\n<a href=\"https:\/\/scf.se\/landsvag\/wp-content\/uploads\/sites\/5\/2023\/06\/Bildspellordag7.jpg\"><img loading=\"lazy\" decoding=\"async\" class=\"alignnone size-full wp-image-4232\" src=\"https:\/\/scf.se\/landsvag\/wp-content\/uploads\/sites\/5\/2023\/06\/Bildspellordag7.jpg\" alt=\"\" width=\"768\" height=\"1280\" srcset=\"https:\/\/scf.se\/landsvag\/wp-content\/uploads\/sites\/5\/2023\/06\/Bildspellordag7.jpg 768w, https:\/\/scf.se\/landsvag\/wp-content\/uploads\/sites\/5\/2023\/06\/Bildspellordag7-180x300.jpg 180w, https:\/\/scf.se\/landsvag\/wp-content\/uploads\/sites\/5\/2023\/06\/Bildspellordag7-614x1024.jpg 614w\" sizes=\"auto, (max-width: 768px) 100vw, 768px\" \/><\/a> <a href=\"https:\/\/scf.se\/landsvag\/wp-content\/uploads\/sites\/5\/2023\/06\/Bildspellordag6.jpg\"><img loading=\"lazy\" decoding=\"async\" class=\"alignnone size-full wp-image-4233\" src=\"https:\/\/scf.se\/landsvag\/wp-content\/uploads\/sites\/5\/2023\/06\/Bildspellordag6.jpg\" alt=\"\" width=\"1101\" height=\"1437\" srcset=\"https:\/\/scf.se\/landsvag\/wp-content\/uploads\/sites\/5\/2023\/06\/Bildspellordag6.jpg 1101w, https:\/\/scf.se\/landsvag\/wp-content\/uploads\/sites\/5\/2023\/06\/Bildspellordag6-230x300.jpg 230w, https:\/\/scf.se\/landsvag\/wp-content\/uploads\/sites\/5\/2023\/06\/Bildspellordag6-785x1024.jpg 785w, https:\/\/scf.se\/landsvag\/wp-content\/uploads\/sites\/5\/2023\/06\/Bildspellordag6-768x1002.jpg 768w\" sizes=\"auto, (max-width: 1101px) 100vw, 1101px\" \/><\/a><a href=\"https:\/\/scf.se\/landsvag\/wp-content\/uploads\/sites\/5\/2023\/06\/Bildspellordag8.jpg\"><img loading=\"lazy\" decoding=\"async\" class=\"alignnone size-full wp-image-4231\" src=\"https:\/\/scf.se\/landsvag\/wp-content\/uploads\/sites\/5\/2023\/06\/Bildspellordag8.jpg\" alt=\"\" width=\"1708\" height=\"1512\" srcset=\"https:\/\/scf.se\/landsvag\/wp-content\/uploads\/sites\/5\/2023\/06\/Bildspellordag8.jpg 1708w, https:\/\/scf.se\/landsvag\/wp-content\/uploads\/sites\/5\/2023\/06\/Bildspellordag8-300x266.jpg 300w, https:\/\/scf.se\/landsvag\/wp-content\/uploads\/sites\/5\/2023\/06\/Bildspellordag8-1024x906.jpg 1024w, https:\/\/scf.se\/landsvag\/wp-content\/uploads\/sites\/5\/2023\/06\/Bildspellordag8-768x680.jpg 768w, https:\/\/scf.se\/landsvag\/wp-content\/uploads\/sites\/5\/2023\/06\/Bildspellordag8-1536x1360.jpg 1536w\" sizes=\"auto, (max-width: 1708px) 100vw, 1708px\" \/><\/a>\n<a href=\"https:\/\/scf.se\/landsvag\/wp-content\/uploads\/sites\/5\/2023\/06\/Bildspellordag1.jpg\"><img loading=\"lazy\" decoding=\"async\" class=\"alignnone size-full wp-image-4235\" src=\"https:\/\/scf.se\/landsvag\/wp-content\/uploads\/sites\/5\/2023\/06\/Bildspellordag1.jpg\" alt=\"\" width=\"1280\" height=\"817\" srcset=\"https:\/\/scf.se\/landsvag\/wp-content\/uploads\/sites\/5\/2023\/06\/Bildspellordag1.jpg 1280w, https:\/\/scf.se\/landsvag\/wp-content\/uploads\/sites\/5\/2023\/06\/Bildspellordag1-300x191.jpg 300w, https:\/\/scf.se\/landsvag\/wp-content\/uploads\/sites\/5\/2023\/06\/Bildspellordag1-1024x654.jpg 1024w, https:\/\/scf.se\/landsvag\/wp-content\/uploads\/sites\/5\/2023\/06\/Bildspellordag1-768x490.jpg 768w\" sizes=\"auto, (max-width: 1280px) 100vw, 1280px\" \/><\/a>\n<a href=\"https:\/\/scf.se\/landsvag\/wp-content\/uploads\/sites\/5\/2023\/06\/Bildspellordag2.jpg\"><img loading=\"lazy\" decoding=\"async\" class=\"alignnone size-full wp-image-4236\" src=\"https:\/\/scf.se\/landsvag\/wp-content\/uploads\/sites\/5\/2023\/06\/Bildspellordag2.jpg\" alt=\"\" width=\"1280\" height=\"1249\" srcset=\"https:\/\/scf.se\/landsvag\/wp-content\/uploads\/sites\/5\/2023\/06\/Bildspellordag2.jpg 1280w, https:\/\/scf.se\/landsvag\/wp-content\/uploads\/sites\/5\/2023\/06\/Bildspellordag2-300x293.jpg 300w, https:\/\/scf.se\/landsvag\/wp-content\/uploads\/sites\/5\/2023\/06\/Bildspellordag2-1024x999.jpg 1024w, https:\/\/scf.se\/landsvag\/wp-content\/uploads\/sites\/5\/2023\/06\/Bildspellordag2-768x749.jpg 768w\" sizes=\"auto, (max-width: 1280px) 100vw, 1280px\" \/><\/a>\n<a href=\"https:\/\/scf.se\/landsvag\/wp-content\/uploads\/sites\/5\/2023\/06\/Bildspellordag3.jpg\"><img loading=\"lazy\" decoding=\"async\" class=\"alignnone size-full wp-image-4237\" src=\"https:\/\/scf.se\/landsvag\/wp-content\/uploads\/sites\/5\/2023\/06\/Bildspellordag3.jpg\" alt=\"\" width=\"802\" height=\"1280\" srcset=\"https:\/\/scf.se\/landsvag\/wp-content\/uploads\/sites\/5\/2023\/06\/Bildspellordag3.jpg 802w, https:\/\/scf.se\/landsvag\/wp-content\/uploads\/sites\/5\/2023\/06\/Bildspellordag3-188x300.jpg 188w, https:\/\/scf.se\/landsvag\/wp-content\/uploads\/sites\/5\/2023\/06\/Bildspellordag3-642x1024.jpg 642w, https:\/\/scf.se\/landsvag\/wp-content\/uploads\/sites\/5\/2023\/06\/Bildspellordag3-768x1226.jpg 768w\" sizes=\"auto, (max-width: 802px) 100vw, 802px\" \/><\/a>\n<p>Damjuniorernas SM-linje startar 9.00 p\u00e5 och s\u00e5 \u00e4r det \u00f6ver 100 anm\u00e4lda i herrloppet. H\u00e4rligt att det blev SM-linjelopp trots allt! Publik \u00e4r sj\u00e4lvklart v\u00e4lkomna till Tierp Arenas stora ytor med ett 7,7-kilometersvarv.<\/p>\n<p><em>Text och foto: Tomas Larsson\/SCF<\/em><\/p>\n<hr \/>\n<p><em><strong>Svenska Cykelf\u00f6rbundet \u00e4r stolta \u00f6ver att presentera v\u00e5ra samarbetspartners. Tack vare dessa fantastiska f\u00f6retag kan v\u00e5ra cyklister oftare ta sig l\u00e4ngre ut i v\u00e4rlden.<\/strong><\/em><\/p>\n<h2><a href=\"https:\/\/scf.se\/forbundet\/sponsorer\/\"><img loading=\"lazy\" decoding=\"async\" class=\"alignnone size-full wp-image-3872\" src=\"https:\/\/scf.se\/landsvag\/wp-content\/uploads\/sites\/5\/2023\/02\/LiggandeBannerNyheterHemsida2023.png\" alt=\"\" width=\"1200\" height=\"200\" srcset=\"https:\/\/scf.se\/landsvag\/wp-content\/uploads\/sites\/5\/2023\/02\/LiggandeBannerNyheterHemsida2023.png 1200w, https:\/\/scf.se\/landsvag\/wp-content\/uploads\/sites\/5\/2023\/02\/LiggandeBannerNyheterHemsida2023-300x50.png 300w, https:\/\/scf.se\/landsvag\/wp-content\/uploads\/sites\/5\/2023\/02\/LiggandeBannerNyheterHemsida2023-1024x171.png 1024w, https:\/\/scf.se\/landsvag\/wp-content\/uploads\/sites\/5\/2023\/02\/LiggandeBannerNyheterHemsida2023-768x128.png 768w\" sizes=\"auto, (max-width: 1200px) 100vw, 1200px\" \/><\/a><\/h2>\n","protected":false},"excerpt":{"rendered":"<p>Det var en bel\u00e5ten Emilia Fahlin som vann spurten i damernas SM-linjelopp. Till sist blev det samlad klungspurt. Fahlin hade Jenny Rissveds rulle och tog eftre skickligt man\u00f6vrerande framf\u00f6r de stora l\u00e4ktarna p\u00e5 Tierp Arena spurten f\u00f6re Clara Lundmark och Julia Borgstr\u00f6m. Svensk herrjuniorm\u00e4stare blev Ville Merl\u00f6v efter en m\u00e4ktig utbrytning med Gustav Magnusson.<a href=\"https:\/\/scf.se\/landsvag\/emilia-fahlin-starkast-i-spurten-pa-tierp-arena-ville-merlov-juniorvinnare\/\" class=\"news-card__more\"> &#8230;<\/a><\/p>\n","protected":false},"author":41,"featured_media":4216,"comment_status":"open","ping_status":"open","sticky":false,"template":"","format":"standard","meta":{"_acf_changed":false,"footnotes":""},"categories":[1],"tags":[],"class_list":["post-4213","post","type-post","status-publish","format-standard","hentry","category-landsvag"],"acf":[],"_links":{"self":[{"href":"https:\/\/scf.se\/landsvag\/wp-json\/wp\/v2\/posts\/4213","targetHints":{"allow":["GET"]}}],"collection":[{"href":"https:\/\/scf.se\/landsvag\/wp-json\/wp\/v2\/posts"}],"about":[{"href":"https:\/\/scf.se\/landsvag\/wp-json\/wp\/v2\/types\/post"}],"author":[{"embeddable":true,"href":"https:\/\/scf.se\/landsvag\/wp-json\/wp\/v2\/users\/41"}],"replies":[{"embeddable":true,"href":"https:\/\/scf.se\/landsvag\/wp-json\/wp\/v2\/comments?post=4213"}],"version-history":[{"count":0,"href":"https:\/\/scf.se\/landsvag\/wp-json\/wp\/v2\/posts\/4213\/revisions"}],"wp:featuredmedia":[{"embeddable":true,"href":"https:\/\/scf.se\/landsvag\/wp-json\/wp\/v2\/media\/4216"}],"wp:attachment":[{"href":"https:\/\/scf.se\/landsvag\/wp-json\/wp\/v2\/media?parent=4213"}],"wp:term":[{"taxonomy":"category","embeddable":true,"href":"https:\/\/scf.se\/landsvag\/wp-json\/wp\/v2\/categories?post=4213"},{"taxonomy":"post_tag","embeddable":true,"href":"https:\/\/scf.se\/landsvag\/wp-json\/wp\/v2\/tags?post=4213"}],"curies":[{"name":"wp","href":"https:\/\/api.w.org\/{rel}","templated":true}]}}