
{"id":4210,"date":"2023-06-23T11:08:00","date_gmt":"2023-06-23T09:08:00","guid":{"rendered":"http:\/\/scf.se\/landsvag\/?p=4210"},"modified":"2023-06-23T19:04:57","modified_gmt":"2023-06-23T17:04:57","slug":"klart-det-blir-landsvags-sm-i-helgen-och-tavlingen-flyttas-till-tierp","status":"publish","type":"post","link":"https:\/\/scf.se\/landsvag\/klart-det-blir-landsvags-sm-i-helgen-och-tavlingen-flyttas-till-tierp\/","title":{"rendered":"KLART: Landsv\u00e4gs-SM k\u00f6rs i helgen \u2013 och t\u00e4vlingarna flyttas till Tierp!"},"content":{"rendered":"<p><strong>Nu \u00e4r det klart! Landsv\u00e4gs-SM nu i helgen, 24\u201325 juni, var som bekant hotat men har nu r\u00e4ddats. &#8221;Vi k\u00f6r i Tierp. Vi planerar att k\u00f6ra samma distanser som uppl\u00e4gget i Uppsala. Enda skillnaden i tidsschemat \u00e4r att l\u00f6rdagens\u00a0 b\u00e4gge klasser startar en timme senare<\/strong><strong>&#8221;, s\u00e4ger Svenska Cykelf\u00f6rbundets t\u00e4vlingsansvarige Lucas Persson.<\/strong> (Uppdaterad fredag 18.00.)<\/p>\n<p>Senare under midsommarafton kom besked om att publik \u00e4r h\u00f6gst v\u00e4lkomna och att planen \u00e4ven \u00e4r att streama loppen.<\/p>\n<p>P\u00e5 torsdagseftermiddagen sattes ett intensivt jobb ig\u00e5ng OCH det blir SM-t\u00e4vlingar MEN allts\u00e5 i Tierp.<\/p>\n<blockquote><p>\u201dSvenska Cykelf\u00f6rbundet har i en arbetsgrupp med st\u00f6d fr\u00e5n arrang\u00f6ren arbetat intensivt sedan Transportstyrelsens beslut ig\u00e5r eftermiddag att dra tillbaka givet tillst\u00e5nd fr\u00e5n L\u00e4nsstyrelsen med att hitta en l\u00f6sning f\u00f6r SM linjelopp landsv\u00e4g. V\u00e5r arbetsgrupp har nu hittat denna l\u00f6sning via Tierp Arena, vilket arrang\u00f6ren har godk\u00e4nt. Linje-SM kommer d\u00e4rmed kunna arrangeras under midsommarhelgen. L\u00f6sningen \u00e4r inte optimal men under r\u00e5dande omst\u00e4ndigheter r\u00e4ddar det v\u00e5rt SM\u201d, s\u00e4ger SCF:s generalsekreterare Leif Karlsson.<\/p><\/blockquote>\n<h2>S\u00e5 h\u00e4r k\u00f6rs SM p\u00e5 Tierp Arena<\/h2>\n<h3>L\u00f6rdag 24 juni:<\/h3>\n<ul>\n<li><strong>Herrar junior:<\/strong> Linjeloppet startar 10.00. Distans runt 127 kilometer. (Grindarna \u00f6ppnar 08.00, lagledarm\u00f6te 09.00, upprop 09.45.)<\/li>\n<li><strong>Damer senior:<\/strong> Linjeloppet startar 14.30. Distans runt 127 kilometer.<\/li>\n<\/ul>\n<h3>S\u00f6ndag 25 juni:<\/h3>\n<ul>\n<li><strong>Damer junior:<\/strong> Linjeloppet startar 09.00. Distans runt 53 kilometer.<\/li>\n<li><strong>Herrar senior:<\/strong> Linjeloppet startar 12.00.\u00a0Distans runt 190 kilometer.<\/li>\n<\/ul>\n<p>Robin Niller, som jobbar f\u00f6r Upsala CK, har varit drivande f\u00f6r att hitta l\u00f6sningen med Tierp Arena och begav sig direkt efter positivt besked ut och rekade banan p\u00e5 fredagsf\u00f6rmiddagen.<\/p>\n<blockquote><p>&#8221;Vi \u00e4r verkligen tacksamma f\u00f6r att det gick att l\u00f6sa till sist och att Tierp Arena och Urban Axelsson, vd:n d\u00e4r, g\u00e5r in och st\u00f6ttar svensk cykelsport p\u00e5 Tierp Arena. Det blev precis klart att vi ocks\u00e5 har tillg\u00e5ng till flygf\u00e4ltet&#8221;, s\u00e4ger Lucas Persson.<\/p><\/blockquote>\n<p>Det kommer att g\u00e5 att f\u00e5 ihop ett ganska l\u00e5ngt varv, upp\u00e5t \u00e5tta kilometer, s\u00e5 det blir en liknande bana som n\u00e4r SM gick i Tierp under pandemin.<\/p>\n<blockquote><p>&#8221;Det \u00e4r fantastiskt att det BLIR riktiga cykelt\u00e4vlingar i Tierp. Det riktigt tr\u00e5kigt att det inte blir t\u00e4vlingar i Uppsala, men det \u00e4r fantastiskt att vi hann f\u00e5 fram en l\u00f6sning i Tierp. Sedan finns det fortfarande en del praktiskt att l\u00f6sa. Det \u00e4r m\u00e5nga pusselbitar som ska p\u00e5 plats och vi kommer jobba p\u00e5 att f\u00e5 till s\u00e5 bra cykelt\u00e4vlingar som bara \u00e4r m\u00f6jligt; en fin r\u00e4ddning fr\u00e5n en skitsituation&#8221;, sa Lucas Persson p\u00e5 fredagsf\u00f6rmiddagen.<\/p>\n<p>&#8221;Nu finns det en bana, det ska vara klart med stream fr\u00e5n t\u00e4vlingarna och publik ska vara okej&#8221;, till\u00e4gger Lucas p\u00e5 fredagseftermiddagen.<\/p><\/blockquote>\n<ul>\n<li><em><a href=\"https:\/\/www.sportstiming.se\/event\/12653\"><strong>Nu finns ny ajurybesked och i alla fall delvis uppdaterade PM f\u00f6r alla lopp,<\/strong><\/a><\/em><em><a href=\"https:\/\/www.sportstiming.se\/event\/12653\"><strong> kontaktuppgifter till arrang\u00f6ren vid eventuella fr\u00e5gor H\u00c4R p\u00e5 Sportstiming. H\u00e5ll \u00e4ven utkik efter l\u00e4nk till trolig stream h\u00e4r och p\u00e5 SCF:s SoMe!\u00a0<\/strong><\/a><\/em><\/li>\n<\/ul>\n<p>Grunden till blixtflytt och en nu lyckad krisplan var\u00a0 att Transportstyrelsen under torsdagen upph\u00e4vde L\u00e4nsstyrelsens tillst\u00e5nd f\u00f6r SM-linjeloppen i Uppsala efter en \u00f6verklagan hos Transportstyrelsen fr\u00e5n en grupp boende i Uller\u00e5ker.<\/p>\n<ul>\n<li><a href=\"https:\/\/scf.se\/landsvag\/wp-content\/uploads\/sites\/5\/2023\/06\/Beslut-2023-4837.pdf\"><em><strong>L\u00e4s hela \u00f6verklagan fr\u00e5n de boende och\u00a0 Transportstyrelsens motivering till det SENA beslutet h\u00e4r!<\/strong><\/em><\/a><\/li>\n<\/ul>\n<p>Det var chockartat f\u00f6r arrangerande Upsala CK och Svenska Cykelf\u00f6rbundet att detta besked kom mindre \u00e4n tv\u00e5 dygn innan SM-t\u00e4vlingarna ska b\u00f6rja.<\/p>\n<blockquote><p>\u201dTransportstyrelsens besked att dra tillbaka L\u00e4nsstyrelsens tillst\u00e5nd tv\u00e5 dagar innan SM-t\u00e4vlingarna \u00e4r v\u00e4ldigt orov\u00e4ckande. Beslutet kan p\u00e5verka framtida arrangemang inom ett stort antal idrotter. SCF kommer unders\u00f6ka m\u00f6jligheten att JO-anm\u00e4la Transportstyrelsens hantering av beslutet ang\u00e5ende SM-t\u00e4vlingarna i Uppsala samt s\u00f6ka st\u00f6d hos RF i framtida kontakter med politiken i denna fr\u00e5ga\u201d, s\u00e4ger Leif Karlsson.<\/p><\/blockquote>\n<p><em><strong>N\u00e4r det g\u00e4ller n\u00e4sta helgs linje-SM f\u00f6r master- och ungdomsklasser \u00e5terkommer vi med mera information under m\u00e5ndagen. Tempoloppen \u00e4r redan nu klart att de k\u00f6rs enligt plan eftersom start och m\u00e5l \u00e4r i Bj\u00f6rklinge, p\u00e5 samma plats som junior, senior och para avgjordes i torsdags.<\/strong><\/em><\/p>\n<p><em>Text och arkivbild: Svenska Cykelf\u00f6rbundet<\/em><\/p>\n","protected":false},"excerpt":{"rendered":"<p>Nu \u00e4r det klart! Landsv\u00e4gs-SM nu i helgen, 24\u201325 juni, var som bekant hotat men har nu r\u00e4ddats. &#8221;Vi k\u00f6r i Tierp. Vi planerar att k\u00f6ra samma distanser som uppl\u00e4gget i Uppsala. Enda skillnaden i tidsschemat \u00e4r att l\u00f6rdagens\u00a0 b\u00e4gge klasser startar en timme senare&#8221;, s\u00e4ger Svenska Cykelf\u00f6rbundets t\u00e4vlingsansvarige Lucas Persson. (Uppdaterad fredag 18.00.)<a href=\"https:\/\/scf.se\/landsvag\/klart-det-blir-landsvags-sm-i-helgen-och-tavlingen-flyttas-till-tierp\/\" class=\"news-card__more\"> &#8230;<\/a><\/p>\n","protected":false},"author":41,"featured_media":4211,"comment_status":"open","ping_status":"open","sticky":false,"template":"","format":"standard","meta":{"_acf_changed":false,"footnotes":""},"categories":[1],"tags":[],"class_list":["post-4210","post","type-post","status-publish","format-standard","hentry","category-landsvag"],"acf":[],"_links":{"self":[{"href":"https:\/\/scf.se\/landsvag\/wp-json\/wp\/v2\/posts\/4210","targetHints":{"allow":["GET"]}}],"collection":[{"href":"https:\/\/scf.se\/landsvag\/wp-json\/wp\/v2\/posts"}],"about":[{"href":"https:\/\/scf.se\/landsvag\/wp-json\/wp\/v2\/types\/post"}],"author":[{"embeddable":true,"href":"https:\/\/scf.se\/landsvag\/wp-json\/wp\/v2\/users\/41"}],"replies":[{"embeddable":true,"href":"https:\/\/scf.se\/landsvag\/wp-json\/wp\/v2\/comments?post=4210"}],"version-history":[{"count":0,"href":"https:\/\/scf.se\/landsvag\/wp-json\/wp\/v2\/posts\/4210\/revisions"}],"wp:featuredmedia":[{"embeddable":true,"href":"https:\/\/scf.se\/landsvag\/wp-json\/wp\/v2\/media\/4211"}],"wp:attachment":[{"href":"https:\/\/scf.se\/landsvag\/wp-json\/wp\/v2\/media?parent=4210"}],"wp:term":[{"taxonomy":"category","embeddable":true,"href":"https:\/\/scf.se\/landsvag\/wp-json\/wp\/v2\/categories?post=4210"},{"taxonomy":"post_tag","embeddable":true,"href":"https:\/\/scf.se\/landsvag\/wp-json\/wp\/v2\/tags?post=4210"}],"curies":[{"name":"wp","href":"https:\/\/api.w.org\/{rel}","templated":true}]}}