
{"id":4177,"date":"2023-06-19T11:07:03","date_gmt":"2023-06-19T09:07:03","guid":{"rendered":"http:\/\/scf.se\/landsvag\/?p=4177"},"modified":"2023-06-19T11:08:22","modified_gmt":"2023-06-19T09:08:22","slug":"vatternrundans-315-kilometerslopp-blev-en-varm-cykelfest-med-13000-startande","status":"publish","type":"post","link":"https:\/\/scf.se\/landsvag\/vatternrundans-315-kilometerslopp-blev-en-varm-cykelfest-med-13000-startande\/","title":{"rendered":"V\u00e4tternrundans 315-kilometerslopp blev en varm cykelfest f\u00f6r 13000"},"content":{"rendered":"<p><strong>\u00c5rets V\u00e4tternrundan blev en varm och solig historia. Cyklisterna fick en fantastisk natt med milda temperaturer och str\u00e5lande sol p\u00e5 l\u00f6rdagen. <\/strong><strong>&#8221;De allra flesta har klarat v\u00e4rmen bra, s\u00e4ger Oskar Sundblad, men sj\u00e4lvklart har det varit en extra utmaning och en del har haft det lite tufft.&#8221;<\/strong><\/p>\n<p>De f\u00f6rsta cyklisterna i V\u00e4tternrundan startade 19.30 p\u00e5 fredagskv\u00e4llen och d\u00e4refter startade deltagarna varannan minut hela natten och fram till sex-tiden p\u00e5 morgonen. Totalt startade \u00f6ver 13\u00a0000 cyklister i den 58:e V\u00e4tternrundan och den f\u00f6rsta cyklisten gick i m\u00e5l vid halv fem p\u00e5 morgonen.<\/p>\n<p>Under hela l\u00f6rdagen str\u00f6mmade sedan tr\u00f6tta och lyckliga cyklister in i m\u00e5let i Motala. D\u00e4r v\u00e4ntade medaljer, funktion\u00e4rer som h\u00e4llde vatten och lade isp\u00e5sar \u00f6ver varma nackar och s\u00e5 en hel sj\u00f6 att hoppa i.<\/p>\n<div id=\"attachment_4173\" class=\"wp-caption alignnone\" ><a href=\"https:\/\/scf.se\/landsvag\/wp-content\/uploads\/sites\/5\/2023\/06\/vd2.jpg\"><img loading=\"lazy\" decoding=\"async\" class=\"size-full wp-image-4173\" src=\"https:\/\/scf.se\/landsvag\/wp-content\/uploads\/sites\/5\/2023\/06\/vd2.jpg\" alt=\"\" width=\"2015\" height=\"1432\" srcset=\"https:\/\/scf.se\/landsvag\/wp-content\/uploads\/sites\/5\/2023\/06\/vd2.jpg 2015w, https:\/\/scf.se\/landsvag\/wp-content\/uploads\/sites\/5\/2023\/06\/vd2-300x213.jpg 300w, https:\/\/scf.se\/landsvag\/wp-content\/uploads\/sites\/5\/2023\/06\/vd2-1024x728.jpg 1024w, https:\/\/scf.se\/landsvag\/wp-content\/uploads\/sites\/5\/2023\/06\/vd2-768x546.jpg 768w, https:\/\/scf.se\/landsvag\/wp-content\/uploads\/sites\/5\/2023\/06\/vd2-1536x1092.jpg 1536w\" sizes=\"auto, (max-width: 2015px) 100vw, 2015px\" \/><\/a><p class=\"wp-caption-text\"><em>Oskar Sundblad var n\u00f6jd med \u00e5rets V\u00e4tternrunda! Foto: SCF<\/em><\/p><\/div>\n<blockquote><p>&#8221;Det har varit en fantastisk st\u00e4mning i m\u00e5lg\u00e5ngen, s\u00e4ger Oskar Sundblad. Tusentals glada cyklister som har jublat och gjort high five. Och massor av cyklister som har svalkat sig i V\u00e4ttern efter m\u00e5lg\u00e5ngen&#8221;, s\u00e4ger Oskar Sundblad.<\/p><\/blockquote>\n<a href=\"https:\/\/scf.se\/landsvag\/wp-content\/uploads\/sites\/5\/2023\/06\/VR-2023-ma\u030al-4-1.jpg\"><img loading=\"lazy\" decoding=\"async\" class=\"alignnone size-full wp-image-4181\" src=\"https:\/\/scf.se\/landsvag\/wp-content\/uploads\/sites\/5\/2023\/06\/VR-2023-ma\u030al-4-1.jpg\" alt=\"\" width=\"2300\" height=\"1535\" srcset=\"https:\/\/scf.se\/landsvag\/wp-content\/uploads\/sites\/5\/2023\/06\/VR-2023-ma\u030al-4-1.jpg 2300w, https:\/\/scf.se\/landsvag\/wp-content\/uploads\/sites\/5\/2023\/06\/VR-2023-ma\u030al-4-1-300x200.jpg 300w, https:\/\/scf.se\/landsvag\/wp-content\/uploads\/sites\/5\/2023\/06\/VR-2023-ma\u030al-4-1-1024x683.jpg 1024w, https:\/\/scf.se\/landsvag\/wp-content\/uploads\/sites\/5\/2023\/06\/VR-2023-ma\u030al-4-1-768x513.jpg 768w, https:\/\/scf.se\/landsvag\/wp-content\/uploads\/sites\/5\/2023\/06\/VR-2023-ma\u030al-4-1-1536x1025.jpg 1536w, https:\/\/scf.se\/landsvag\/wp-content\/uploads\/sites\/5\/2023\/06\/VR-2023-ma\u030al-4-1-2048x1367.jpg 2048w\" sizes=\"auto, (max-width: 2300px) 100vw, 2300px\" \/><\/a>\n<blockquote><p>&#8221;Men sj\u00e4lvklart har det ocks\u00e5 varit m\u00e5nga tr\u00f6tta \u00f6gon och stumma ben. Det h\u00e4r \u00e4r en tuff utmaning, n\u00e5got av det tuffaste man kan ge sig p\u00e5 som motion\u00e4r. Och v\u00e4rmen har gjort sitt till, s\u00e5 det \u00e4r m\u00e5nga som \u00e4r v\u00e4rda en rej\u00e4l klapp p\u00e5 ryggen i dag.&#8221;<\/p><\/blockquote>\n<p>I m\u00e5lg\u00e5ngen var det m\u00e5nga kramar, jublande \u00e5sk\u00e5dare och \u00e4ven en och annan gl\u00e4djet\u00e5r. En som var m\u00e4rkbart r\u00f6rd efter att ha klarat sin f\u00f6rsta runda var tv-profilen Patrik Ekwall, som k\u00f6rde f\u00f6r Br\u00f6stcancerf\u00f6rbundet med Team Pink.<\/p>\n<a href=\"https:\/\/scf.se\/landsvag\/wp-content\/uploads\/sites\/5\/2023\/06\/VR-2023-ma\u030al-2.jpg\"><img loading=\"lazy\" decoding=\"async\" class=\"alignnone size-full wp-image-4179\" src=\"https:\/\/scf.se\/landsvag\/wp-content\/uploads\/sites\/5\/2023\/06\/VR-2023-ma\u030al-2.jpg\" alt=\"\" width=\"2200\" height=\"1468\" srcset=\"https:\/\/scf.se\/landsvag\/wp-content\/uploads\/sites\/5\/2023\/06\/VR-2023-ma\u030al-2.jpg 2200w, https:\/\/scf.se\/landsvag\/wp-content\/uploads\/sites\/5\/2023\/06\/VR-2023-ma\u030al-2-300x200.jpg 300w, https:\/\/scf.se\/landsvag\/wp-content\/uploads\/sites\/5\/2023\/06\/VR-2023-ma\u030al-2-1024x683.jpg 1024w, https:\/\/scf.se\/landsvag\/wp-content\/uploads\/sites\/5\/2023\/06\/VR-2023-ma\u030al-2-768x512.jpg 768w, https:\/\/scf.se\/landsvag\/wp-content\/uploads\/sites\/5\/2023\/06\/VR-2023-ma\u030al-2-1536x1025.jpg 1536w, https:\/\/scf.se\/landsvag\/wp-content\/uploads\/sites\/5\/2023\/06\/VR-2023-ma\u030al-2-2048x1367.jpg 2048w\" sizes=\"auto, (max-width: 2200px) 100vw, 2200px\" \/><\/a>\n<blockquote><p>&#8221;Det g\u00e5r inte riktigt att beskriva k\u00e4nslan. Jag hade cyklat ungef\u00e4r tio mil innan och det h\u00e4r hade aldrig g\u00e5tt utan mina lagkamrater&#8221;, sa Patrik Ekwall direkt efter m\u00e5lg\u00e5ng.<\/p><\/blockquote>\n<p>Av de n\u00e4rmare 16 000 anm\u00e4lda kom drygt 13 000 till start i V\u00e4tternrundan.<\/p>\n<ul>\n<li><a href=\"https:\/\/search1.vatternrundan.se\/\"><em><strong>L\u00e4s mera om \u00e5rets V\u00e4tternrunda h\u00e4r!<\/strong><\/em><\/a><\/li>\n<li><em><strong>Sugen p\u00e5 fler motionslopp i \u00e5r? <\/strong><\/em><a href=\"https:\/\/cykel.indta.se\/\"><strong><em>H\u00e4r hittar du alla SCF-sanktionerade motionslopp resten av s\u00e4songen!<\/em><\/strong><\/a><\/li>\n<li><em><strong>Fr\u00e5n och med den h\u00e4r s\u00e4songen finns det m\u00f6jlighet att l\u00f6sa en <a href=\"https:\/\/scf.se\/forbundet\/ny-avgiftsmodell-motionslopp-2023\/\">motionslicens, l\u00e4s mera om villkoren och f\u00f6rdelarna h\u00e4r!<\/a><\/strong><\/em><\/li>\n<\/ul>\n<p>T<em>ext: V\u00e4tternrundan och SCF<\/em><br \/>\n<em>Foto: V\u00e4tternrundan d\u00e4r inte annat anges<\/em><\/p>\n","protected":false},"excerpt":{"rendered":"<p>\u00c5rets V\u00e4tternrundan blev en varm och solig historia. Cyklisterna fick en fantastisk natt med milda temperaturer och str\u00e5lande sol p\u00e5 l\u00f6rdagen. &#8221;De allra flesta har klarat v\u00e4rmen bra, s\u00e4ger Oskar Sundblad, men sj\u00e4lvklart har det varit en extra utmaning och en del har haft det lite tufft.&#8221; De f\u00f6rsta cyklisterna i V\u00e4tternrundan startade 19.30<a href=\"https:\/\/scf.se\/landsvag\/vatternrundans-315-kilometerslopp-blev-en-varm-cykelfest-med-13000-startande\/\" class=\"news-card__more\"> &#8230;<\/a><\/p>\n","protected":false},"author":41,"featured_media":4180,"comment_status":"open","ping_status":"open","sticky":false,"template":"","format":"standard","meta":{"_acf_changed":false,"footnotes":""},"categories":[1],"tags":[],"class_list":["post-4177","post","type-post","status-publish","format-standard","hentry","category-landsvag"],"acf":[],"_links":{"self":[{"href":"https:\/\/scf.se\/landsvag\/wp-json\/wp\/v2\/posts\/4177","targetHints":{"allow":["GET"]}}],"collection":[{"href":"https:\/\/scf.se\/landsvag\/wp-json\/wp\/v2\/posts"}],"about":[{"href":"https:\/\/scf.se\/landsvag\/wp-json\/wp\/v2\/types\/post"}],"author":[{"embeddable":true,"href":"https:\/\/scf.se\/landsvag\/wp-json\/wp\/v2\/users\/41"}],"replies":[{"embeddable":true,"href":"https:\/\/scf.se\/landsvag\/wp-json\/wp\/v2\/comments?post=4177"}],"version-history":[{"count":0,"href":"https:\/\/scf.se\/landsvag\/wp-json\/wp\/v2\/posts\/4177\/revisions"}],"wp:featuredmedia":[{"embeddable":true,"href":"https:\/\/scf.se\/landsvag\/wp-json\/wp\/v2\/media\/4180"}],"wp:attachment":[{"href":"https:\/\/scf.se\/landsvag\/wp-json\/wp\/v2\/media?parent=4177"}],"wp:term":[{"taxonomy":"category","embeddable":true,"href":"https:\/\/scf.se\/landsvag\/wp-json\/wp\/v2\/categories?post=4177"},{"taxonomy":"post_tag","embeddable":true,"href":"https:\/\/scf.se\/landsvag\/wp-json\/wp\/v2\/tags?post=4177"}],"curies":[{"name":"wp","href":"https:\/\/api.w.org\/{rel}","templated":true}]}}