
{"id":4164,"date":"2023-06-11T21:45:56","date_gmt":"2023-06-11T19:45:56","guid":{"rendered":"http:\/\/scf.se\/landsvag\/?p=4164"},"modified":"2023-06-11T23:45:40","modified_gmt":"2023-06-11T21:45:40","slug":"manga-punkteringar-gav-extra-tuff-forsta-svenskdag-i-trofeo-saarland","status":"publish","type":"post","link":"https:\/\/scf.se\/landsvag\/manga-punkteringar-gav-extra-tuff-forsta-svenskdag-i-trofeo-saarland\/","title":{"rendered":"Stolpe ut i Trofeo Saarland n\u00e4r sista etappen br\u00f6ts med Kihl i ledning"},"content":{"rendered":"<p><strong>Tyska Trofeo Saarland \u00e4r ett tufft etapplopp p\u00e5 juniorernas Nations cup. B\u00e5de v\u00e4rmen och stolpe ut f\u00f6r de svenska cyklisterna fortsatte hela etapploppet igenom. Tv\u00e5 g\u00e5nger om var det svensk i fina ubrytningar p\u00e5 femte etappen. F\u00f6rst punktering f\u00f6r Gustav Magnusson och s\u00e5 br\u00f6ts etappen (!) n\u00e4r Gabriel Kihl fanns i en t\u00e4tkvartett med milen kvar. Se racerapporten f\u00f6r etapp fem, l\u00e4ngst ner! (Uppdaterad s\u00f6ndag 21.45.)<\/strong><\/p>\n<p>L\u00e4gg till ett antal punkteringar i det svenska laget s\u00e5 blev det en st\u00f6kig f\u00f6rsta etapp d\u00e4r bara Borl\u00e4nge CK:s Ivan \u00c5str\u00f6m finns med i sammandraget.<\/p>\n<a href=\"https:\/\/scf.se\/landsvag\/wp-content\/uploads\/sites\/5\/2023\/06\/Laget-TS.jpg\"><img loading=\"lazy\" decoding=\"async\" class=\"alignnone size-full wp-image-4165\" src=\"https:\/\/scf.se\/landsvag\/wp-content\/uploads\/sites\/5\/2023\/06\/Laget-TS.jpg\" alt=\"\" width=\"1072\" height=\"730\" srcset=\"https:\/\/scf.se\/landsvag\/wp-content\/uploads\/sites\/5\/2023\/06\/Laget-TS.jpg 1072w, https:\/\/scf.se\/landsvag\/wp-content\/uploads\/sites\/5\/2023\/06\/Laget-TS-300x204.jpg 300w, https:\/\/scf.se\/landsvag\/wp-content\/uploads\/sites\/5\/2023\/06\/Laget-TS-1024x697.jpg 1024w, https:\/\/scf.se\/landsvag\/wp-content\/uploads\/sites\/5\/2023\/06\/Laget-TS-768x523.jpg 768w\" sizes=\"auto, (max-width: 1072px) 100vw, 1072px\" \/><\/a>\n<p>De svenska killarna k\u00e4mpade p\u00e5 bra under de hela tiden kuperade 109 kilometerna mellan Neunkirchen och Friedrichsthal med drygt 1500 h\u00f6jdmeter att ta. Men det var p\u00e5tagligt mycket stolpe ut med punkteringar i fel l\u00e4gen.<\/p>\n<p>Oskar Marvig kom in sent i laget och fick problem lite f\u00f6r tidigt i loppet f\u00f6r att kunna hitta en gruppetto att fullf\u00f6lja loppet i. De andra gjorde det bra f\u00f6r att \u00e5teransluta efter sina punkteringar. Paul Greijus satt med pigga ben men var den n\u00e4st siste att till sist inte hamna i n\u00e5gon av de numera tv\u00e5 klungorna.<\/p>\n<blockquote><p>&#8221;Kvar i t\u00e4vlingen var d\u00e5 bara Ivan \u00c5str\u00f6m som gjorde det bra och kom i m\u00e5l i andraklungan. B\u00e4sta cyklist p\u00e5 plats 85 efter s\u00e5 mycket strul med punkteringar var en tung f\u00f6rsta dag p\u00e5 etapploppet. MEN det \u00e4r ny dag i morgon. Grabbarna \u00e4r p\u00e5 gott hum\u00f6r och det k\u00e4nns trots allt lite hoppfullt inf\u00f6r morgondagen. Nya tag i morgon&#8221;, s\u00e4ger f\u00f6rbundskaptenen Lucas Persson.<\/p><\/blockquote>\n<p>Vi kan notera tv\u00e5 cyklister fr\u00e5n v\u00e5ra nordiska grannl\u00e4nder p\u00e5 podiet f\u00f6rsta dagen i Trofeo Saarland med f\u00f6ljande svenska tider.<\/p>\n<h3>S\u00e5 gick det p\u00e5 f\u00f6rsta etappen<\/h3>\n<ul>\n<li><strong>1 Patrick Boje Frydkj\u00e4r<\/strong>, Danmark 2.38.06<\/li>\n<li><strong>2 Tomos Pattinson<\/strong>, Storbritannien +0<\/li>\n<li><strong>3 Felix \u00d6rn-Kristoff<\/strong>, Norge +0<\/li>\n<li><strong>85 Ivan \u00c5str\u00f6m<\/strong>, Sverige +2.21<\/li>\n<li><strong>109 Paul Greijus<\/strong>, Sverige +11.31<\/li>\n<li><strong>110 Linus Larsson<\/strong>, Sverige +11.31<\/li>\n<li><strong>117 Gabriel Kihl<\/strong>, Sverige +12.13<\/li>\n<li><strong>119 Gustav Magnusson<\/strong>, Sverige +12.13<\/li>\n<li><strong>Oskar Marvig<\/strong>, Sverige DNF<\/li>\n<\/ul>\n<p><a href=\"https:\/\/www.procyclingstats.com\/race\/trofeo-karlsberg\/2023\/stage-1\"><em><strong>Alla resultat fr\u00e5n f\u00f6rsta etappen h\u00e4r!<\/strong><\/em><\/a><\/p>\n<h3>* * *<\/h3>\n<a href=\"https:\/\/scf.se\/landsvag\/wp-content\/uploads\/sites\/5\/2023\/06\/TSf2.jpg\"><img loading=\"lazy\" decoding=\"async\" class=\"alignnone size-full wp-image-4167\" src=\"https:\/\/scf.se\/landsvag\/wp-content\/uploads\/sites\/5\/2023\/06\/TSf2.jpg\" alt=\"\" width=\"744\" height=\"537\" srcset=\"https:\/\/scf.se\/landsvag\/wp-content\/uploads\/sites\/5\/2023\/06\/TSf2.jpg 744w, https:\/\/scf.se\/landsvag\/wp-content\/uploads\/sites\/5\/2023\/06\/TSf2-300x217.jpg 300w\" sizes=\"auto, (max-width: 744px) 100vw, 744px\" \/><\/a>\n<p>P\u00e5 den andra etappen var det 112 kilometer mellan Sarreguemines och Bitche som skulle avverkas, inte alls lika kuperad som den f\u00f6rsta dagen p\u00e5 Trofeo Saarland.<\/p>\n<p>Det blev \u00e4nd\u00e5 ett utdraget f\u00e4lt d\u00e4r Linus Larsson var b\u00e4st placerade svensken f\u00f6r dagen, 6.23 fr\u00e5n t\u00e4t och en 78:e plats. Ivan \u00c5str\u00f6m, som l\u00e5g b\u00e4st till i sammandraget, vurpade tyv\u00e4rr p\u00e5 sista varvet i avslutningen.<\/p>\n<a href=\"https:\/\/scf.se\/landsvag\/wp-content\/uploads\/sites\/5\/2023\/06\/TSf1.jpg\"><img loading=\"lazy\" decoding=\"async\" class=\"alignnone size-full wp-image-4168\" src=\"https:\/\/scf.se\/landsvag\/wp-content\/uploads\/sites\/5\/2023\/06\/TSf1.jpg\" alt=\"\" width=\"1512\" height=\"1507\" srcset=\"https:\/\/scf.se\/landsvag\/wp-content\/uploads\/sites\/5\/2023\/06\/TSf1.jpg 1512w, https:\/\/scf.se\/landsvag\/wp-content\/uploads\/sites\/5\/2023\/06\/TSf1-300x300.jpg 300w, https:\/\/scf.se\/landsvag\/wp-content\/uploads\/sites\/5\/2023\/06\/TSf1-1024x1021.jpg 1024w, https:\/\/scf.se\/landsvag\/wp-content\/uploads\/sites\/5\/2023\/06\/TSf1-150x150.jpg 150w, https:\/\/scf.se\/landsvag\/wp-content\/uploads\/sites\/5\/2023\/06\/TSf1-768x765.jpg 768w\" sizes=\"auto, (max-width: 1512px) 100vw, 1512px\" \/><\/a>\n<blockquote><p>&#8221;Det var uppkonat p\u00e5 v\u00e4gen och han missade en kon, br\u00e4nde in i den och vurpade. Han skrapade sig en del, men klarade sig hyfsat \u00e4nd\u00e5 och tog sig i m\u00e5l&#8221;, f\u00f6rklarar f\u00f6rbundskaptenen Lucas Persson.<\/p><\/blockquote>\n<p>Det var 31 grader varmt i fredags i Tyskland.<\/p>\n<blockquote><p>&#8221;S\u00e5 de andra har det tufft att prestera i v\u00e4rmen.\u00a0Gustav Magnusson f\u00e5r dessutom problem med sina v\u00e4xlar och f\u00e5r g\u00e5 i m\u00e5l p\u00e5 reservcykel.&#8221;<\/p><\/blockquote>\n<p>P\u00e5 l\u00f6rdagen v\u00e4ntar en dubbeletapp med b\u00e5de linjelopp och tempo.<\/p>\n<blockquote><p>&#8221;Det har varit tv\u00e5 dagar med tuffa cykelt\u00e4vlingar i v\u00e4rmen. Men hoppet \u00e4r inte ute f\u00f6r ett bra resultat. Vi tar nya tag i morgon&#8221;, s\u00e4ger Lucas Persson p\u00e5 fredagskv\u00e4llen.<\/p>\n<ul>\n<li><a href=\"https:\/\/www.procyclingstats.com\/race\/trofeo-karlsberg\/2023\/stage-2\"><strong><em>Alla resultat fr\u00e5n andra etappen h\u00e4r!<\/em><\/strong><\/a><\/li>\n<\/ul>\n<\/blockquote>\n<h3>* * *<\/h3>\n<p>N\u00e4r det \u00e4r dubbeletapp brukar man inleda med ett kort tempo och sedan linje, men nu var det tv\u00e4rt om. L\u00f6rdagen avslutades med j\u00e4mna milens tempo p\u00e5 ett gammalt flygf\u00e4lt.<\/p>\n<blockquote><p>&#8221;Ivan (\u00c5str\u00f6m) klev av. Han hade k\u00e4nningar vurpan i fredags. De andra hade det tufft och blir droppade en efter en. Det var v\u00e4ldigt varmt \u00e4ven i dag. Det \u00e4r det ju f\u00f6r alla i klungan men v\u00e5ra killar har inte klarat v\u00e4rmen s\u00e5 bra. Gustav (Magnusson) var den som h\u00e4ngde i l\u00e4ngst. Vi tar nya tag i morgon&#8221;,\u00a0 s\u00e4ger Lucas Persson.<\/p><\/blockquote>\n<ul>\n<li><a href=\"https:\/\/www.procyclingstats.com\/race\/trofeo-karlsberg\/2023\/stage-3a\"><em><strong>Alla resultat fr\u00e5n etapp 3a linjelopp 116 kilometer h\u00e4r!<\/strong><\/em><\/a><\/li>\n<\/ul>\n<a href=\"https:\/\/scf.se\/landsvag\/wp-content\/uploads\/sites\/5\/2023\/06\/tempo.jpg\"><img loading=\"lazy\" decoding=\"async\" class=\"alignnone size-full wp-image-4169\" src=\"https:\/\/scf.se\/landsvag\/wp-content\/uploads\/sites\/5\/2023\/06\/tempo.jpg\" alt=\"\" width=\"797\" height=\"1139\" srcset=\"https:\/\/scf.se\/landsvag\/wp-content\/uploads\/sites\/5\/2023\/06\/tempo.jpg 797w, https:\/\/scf.se\/landsvag\/wp-content\/uploads\/sites\/5\/2023\/06\/tempo-210x300.jpg 210w, https:\/\/scf.se\/landsvag\/wp-content\/uploads\/sites\/5\/2023\/06\/tempo-717x1024.jpg 717w, https:\/\/scf.se\/landsvag\/wp-content\/uploads\/sites\/5\/2023\/06\/tempo-768x1098.jpg 768w\" sizes=\"auto, (max-width: 797px) 100vw, 797px\" \/><\/a>\n<ul>\n<li><a href=\"https:\/\/www.procyclingstats.com\/race\/trofeo-karlsberg\/2023\/stage-3b\"><em><strong>Alla resultat fr\u00e5n etapp 3b, tempo 10 kilometer h\u00e4r!<\/strong><\/em><\/a><\/li>\n<\/ul>\n<p>Extra tufft med b\u00e5de kraschen n\u00e4r Ivan \u00c5str\u00f6m k\u00f6rde in i en kon och att han var tvungen att kliva av. Ivan var den som har visat mest form senaste veckan s\u00e5 det var extra surt att just han var tvungen att bryta.<\/p>\n<p>I tempoloppet var Gustav Magnusson b\u00e4sta svensk med plats 29, 41 sekunder fr\u00e5n t\u00e4t. De andra i svenska laget gjorde ocks\u00e5 helt okej lopp. Magnusson \u00e4r ocks\u00e5 totalb\u00e4st av svenskarna.<\/p>\n<h3>* * *<\/h3>\n<p>Den sista dagen i Trof\u00e9o Saarland s\u00e5g ut att bli den klart b\u00e4sta f\u00f6r svensk del, trots att det bara kom tre cyklister till start d\u00e5\u00a0Linus Larsson hade ont i halsen och fick st\u00e5 \u00f6ver s\u00f6ndagens lopp med en f\u00f6rkylning i kroppen.<\/p>\n<p>Snacka om att det var ett tungt utg\u00e5ngsl\u00e4ge, men de tre kvarvarande gjorde verkligen lopp av det.<\/p>\n<p>&#8221;Ja, grabbarna g\u00f6r det riktigt bra i dag. De \u00e4r med i utbrytningar och \u00e4r aktiva. Gustav Magnusson var f\u00f6rst i v\u00e4g.\u00a0Gabriel (Kihl) vaknade verkligen till och var med i en grupp med tre andra cyklister som hade 15-20 sekunder med en mil kvar att k\u00f6ra. Paul Greijus k\u00f6r ocks\u00e5 bra&#8221;, s\u00e4ger f\u00f6rbundskaptenen Lucas Persson som inte var lika n\u00f6jd med l\u00f6rdagens \u00e5kning.<\/p>\n<p>Men s\u00e5 var det det h\u00e4r med motflytet. Magnusson f\u00e5r en punktering n\u00e4r han \u00e4r i sin utbrytning och hamnar efter service i huvudklungan. N\u00e4r Gabriel Kihl i alla fall har en liten chans att g\u00f6ra sitt livs lopp internationellt s\u00e5 n\u00e4rmar sig loppets t\u00e4t ett r\u00e4ddningsarbete efter en ot\u00e4ck olycka i h\u00f6g fart p\u00e5 f\u00f6rra varvet.<\/p>\n<blockquote><p>&#8221;Till sista tar chefskommissarien beslutet att st\u00e4lla in hela etappen f\u00f6r att prioritera s\u00e4kerheten f\u00f6r de kvarvarande d\u00e5 all tillg\u00e4nglig personal beh\u00f6vdes till olyckan. Det \u00e4r ju bara att k\u00f6pa och de hade troligen inte klarat av att h\u00e5lla undan, men man vet ju aldrig. Det var ju \u00e4nd\u00e5 s\u00e5 att Gabriel var loss med bara milen kvar. Men: inst\u00e4llt och alla resultat p\u00e5 tredje etappen neutraliserade&#8221;, s\u00e4ger Lucas Persson luttrat.<\/p><\/blockquote>\n<h2>Trof\u00e9o Saarland 2023<\/h2>\n<ul>\n<li><strong>1 Louis Leidert<\/strong>, Tyskland<\/li>\n<li><strong>2 Patrick Boje Frydkjaer<\/strong>, Danmark +0.11<\/li>\n<li><strong>3 Tomos Pattinson<\/strong>, Storbritannien +0.18<\/li>\n<li><strong>97 Gustav Magnusson<\/strong>, Sverige +27.13<\/li>\n<li><strong>106 Paul Greijus,<\/strong> Sverige +35.54<\/li>\n<li><strong>108 Gabriel Kihl<\/strong>, Sverige +36.22<\/li>\n<\/ul>\n<p><a href=\"https:\/\/www.procyclingstats.com\/race\/trofeo-karlsberg\/2023\/gc\"><em><strong>Alla resultat i Trofeo Saarland 2023 h\u00e4r!<\/strong><\/em><\/a><\/p>\n<p><em>Text och foto: SCF<\/em><\/p>\n<hr \/>\n<p><em><strong>Svenska Cykelf\u00f6rbundet \u00e4r stolta \u00f6ver att presentera v\u00e5ra samarbetspartners. Tack vare dessa fantastiska f\u00f6retag kan v\u00e5ra cyklister oftare ta sig l\u00e4ngre ut i v\u00e4rlden.<\/strong><\/em><\/p>\n<h2><a href=\"https:\/\/scf.se\/forbundet\/sponsorer\/\"><img loading=\"lazy\" decoding=\"async\" class=\"alignnone size-full wp-image-3872\" src=\"https:\/\/scf.se\/landsvag\/wp-content\/uploads\/sites\/5\/2023\/02\/LiggandeBannerNyheterHemsida2023.png\" alt=\"\" width=\"1200\" height=\"200\" srcset=\"https:\/\/scf.se\/landsvag\/wp-content\/uploads\/sites\/5\/2023\/02\/LiggandeBannerNyheterHemsida2023.png 1200w, https:\/\/scf.se\/landsvag\/wp-content\/uploads\/sites\/5\/2023\/02\/LiggandeBannerNyheterHemsida2023-300x50.png 300w, https:\/\/scf.se\/landsvag\/wp-content\/uploads\/sites\/5\/2023\/02\/LiggandeBannerNyheterHemsida2023-1024x171.png 1024w, https:\/\/scf.se\/landsvag\/wp-content\/uploads\/sites\/5\/2023\/02\/LiggandeBannerNyheterHemsida2023-768x128.png 768w\" sizes=\"auto, (max-width: 1200px) 100vw, 1200px\" \/><\/a><\/h2>\n","protected":false},"excerpt":{"rendered":"<p>Tyska Trofeo Saarland \u00e4r ett tufft etapplopp p\u00e5 juniorernas Nations cup. B\u00e5de v\u00e4rmen och stolpe ut f\u00f6r de svenska cyklisterna fortsatte hela etapploppet igenom. Tv\u00e5 g\u00e5nger om var det svensk i fina ubrytningar p\u00e5 femte etappen. F\u00f6rst punktering f\u00f6r Gustav Magnusson och s\u00e5 br\u00f6ts etappen (!) n\u00e4r Gabriel Kihl fanns i en t\u00e4tkvartett med<a href=\"https:\/\/scf.se\/landsvag\/manga-punkteringar-gav-extra-tuff-forsta-svenskdag-i-trofeo-saarland\/\" class=\"news-card__more\"> &#8230;<\/a><\/p>\n","protected":false},"author":41,"featured_media":4165,"comment_status":"open","ping_status":"open","sticky":false,"template":"","format":"standard","meta":{"_acf_changed":false,"footnotes":""},"categories":[1],"tags":[],"class_list":["post-4164","post","type-post","status-publish","format-standard","hentry","category-landsvag"],"acf":[],"_links":{"self":[{"href":"https:\/\/scf.se\/landsvag\/wp-json\/wp\/v2\/posts\/4164","targetHints":{"allow":["GET"]}}],"collection":[{"href":"https:\/\/scf.se\/landsvag\/wp-json\/wp\/v2\/posts"}],"about":[{"href":"https:\/\/scf.se\/landsvag\/wp-json\/wp\/v2\/types\/post"}],"author":[{"embeddable":true,"href":"https:\/\/scf.se\/landsvag\/wp-json\/wp\/v2\/users\/41"}],"replies":[{"embeddable":true,"href":"https:\/\/scf.se\/landsvag\/wp-json\/wp\/v2\/comments?post=4164"}],"version-history":[{"count":0,"href":"https:\/\/scf.se\/landsvag\/wp-json\/wp\/v2\/posts\/4164\/revisions"}],"wp:featuredmedia":[{"embeddable":true,"href":"https:\/\/scf.se\/landsvag\/wp-json\/wp\/v2\/media\/4165"}],"wp:attachment":[{"href":"https:\/\/scf.se\/landsvag\/wp-json\/wp\/v2\/media?parent=4164"}],"wp:term":[{"taxonomy":"category","embeddable":true,"href":"https:\/\/scf.se\/landsvag\/wp-json\/wp\/v2\/categories?post=4164"},{"taxonomy":"post_tag","embeddable":true,"href":"https:\/\/scf.se\/landsvag\/wp-json\/wp\/v2\/tags?post=4164"}],"curies":[{"name":"wp","href":"https:\/\/api.w.org\/{rel}","templated":true}]}}