
{"id":4158,"date":"2023-06-05T18:51:44","date_gmt":"2023-06-05T16:51:44","guid":{"rendered":"http:\/\/scf.se\/landsvag\/?p=4158"},"modified":"2023-06-06T19:23:19","modified_gmt":"2023-06-06T17:23:19","slug":"dags-for-ny-svensk-sextett-att-ta-sig-ett-junior-nations-cup-lopp","status":"publish","type":"post","link":"https:\/\/scf.se\/landsvag\/dags-for-ny-svensk-sextett-att-ta-sig-ett-junior-nations-cup-lopp\/","title":{"rendered":"Dags f\u00f6r ny svensk sextett att ta sig an Junior Nations cup-etapplopp"},"content":{"rendered":"<p><strong>Under tisdagen inleds resan till Trofeo Saarland f\u00f6r en sextett svenska herrjuniorer. Det tuffa loppet med fem etapper \u00f6ver fyra dagar inklusive b\u00e5de tempo- och linjelopp p\u00e5 l\u00f6rdagen k\u00f6rs 8\u201311 juni. <\/strong><\/p>\n<blockquote><p>&#8221;Detta \u00e5r k\u00f6rs tempoloppet p\u00e5 ett flygf\u00e4lt, vilket \u00e4r nytt och ger ett snabbt lopp p\u00e5 en snabb och fin bana&#8221;, inflikar f\u00f6rbundskaptenen Lucas Persson.<\/p><\/blockquote>\n<p>Trofeo Saarland ing\u00e5r i Junior Nations cup och d\u00e5 vet man att konkurrensen \u00e4r bra.<\/p>\n<blockquote><p>&#8221;Men det \u00e4r ett etapplopp d\u00e4r vi har k\u00f6rt bra tidigare ett par g\u00e5nger.. Minns exempel att Hjalmar Klyver var tv\u00e5a p\u00e5 en etapp och Edvin Lovidius trea Trofeo Saarland. Vi f\u00e5r se hur bra det oss passar den h\u00e4r g\u00e5ngen. Nu har alla varit med om det h\u00e4r en g\u00e5ng tidigare s\u00e5 det ska bli intressant att se hur l\u00e5ngt det r\u00e4cker. Det \u00e4r ett bra g\u00e4ng&#8221;, s\u00e4ger Lucas Persson.<\/p><\/blockquote>\n<p>P\u00e5 m\u00e5ndagskv\u00e4llen rapporterade f\u00f6rbundskapten Lucas Persson att Alfred Oldin blivit sjuk efter s\u00f6ndagens SWE Cup-lopp d\u00e5 han var b\u00e4sta junior. Oldin ers\u00e4tts av klubbkompisen Oskar Marvig, som ocks\u00e5 k\u00f6rde bra p\u00e5 Nationaldagsloppet.<\/p>\n<h3>Svenska laget i Trofeo Saarland<\/h3>\n<ul>\n<li>Gustav Magnusson, J\u00f6nk\u00f6ping CK<\/li>\n<li>Oskar Marvig, J\u00f6nk\u00f6ping CK<\/li>\n<li>Paul Greijus, L\u00e4nna Sport CK<\/li>\n<li>Ivan \u00c5str\u00f6m, Borl\u00e4nge CK<\/li>\n<li>Gabriel Kilh, Borl\u00e4nge CK<\/li>\n<li>Linus Larsson, Staffanstorp CK<\/li>\n<\/ul>\n<p>Det ska noteras att duktige XC-cyklisten Paul Greijus som kraschade r\u00e4tt illa p\u00e5 Paris Roubaix Juniors \u00e4r tillbaka i landslaget.<\/p>\n<p>F\u00f6rutom coachen Lucas Persson best\u00e5r det svenska teamet av de b\u00e4gge mekanikerna Mattias Israelsson och Fabian Birgersson.<\/p>\n<p><em>Text och foto: SCF<\/em><\/p>\n<hr \/>\n<p><em><strong>Svenska Cykelf\u00f6rbundet \u00e4r stolta \u00f6ver att presentera v\u00e5ra samarbetspartners. Tack vare dessa fantastiska f\u00f6retag kan v\u00e5ra cyklister oftare ta sig l\u00e4ngre ut i v\u00e4rlden.<\/strong><\/em><\/p>\n<h2><a href=\"https:\/\/scf.se\/forbundet\/sponsorer\/\"><img loading=\"lazy\" decoding=\"async\" class=\"alignnone size-full wp-image-3872\" src=\"https:\/\/scf.se\/landsvag\/wp-content\/uploads\/sites\/5\/2023\/02\/LiggandeBannerNyheterHemsida2023.png\" alt=\"\" width=\"1200\" height=\"200\" srcset=\"https:\/\/scf.se\/landsvag\/wp-content\/uploads\/sites\/5\/2023\/02\/LiggandeBannerNyheterHemsida2023.png 1200w, https:\/\/scf.se\/landsvag\/wp-content\/uploads\/sites\/5\/2023\/02\/LiggandeBannerNyheterHemsida2023-300x50.png 300w, https:\/\/scf.se\/landsvag\/wp-content\/uploads\/sites\/5\/2023\/02\/LiggandeBannerNyheterHemsida2023-1024x171.png 1024w, https:\/\/scf.se\/landsvag\/wp-content\/uploads\/sites\/5\/2023\/02\/LiggandeBannerNyheterHemsida2023-768x128.png 768w\" sizes=\"auto, (max-width: 1200px) 100vw, 1200px\" \/><\/a><\/h2>\n","protected":false},"excerpt":{"rendered":"<p>Under tisdagen inleds resan till Trofeo Saarland f\u00f6r en sextett svenska herrjuniorer. Det tuffa loppet med fem etapper \u00f6ver fyra dagar inklusive b\u00e5de tempo- och linjelopp p\u00e5 l\u00f6rdagen k\u00f6rs 8\u201311 juni. &#8221;Detta \u00e5r k\u00f6rs tempoloppet p\u00e5 ett flygf\u00e4lt, vilket \u00e4r nytt och ger ett snabbt lopp p\u00e5 en snabb och fin bana&#8221;, inflikar f\u00f6rbundskaptenen<a href=\"https:\/\/scf.se\/landsvag\/dags-for-ny-svensk-sextett-att-ta-sig-ett-junior-nations-cup-lopp\/\" class=\"news-card__more\"> &#8230;<\/a><\/p>\n","protected":false},"author":41,"featured_media":3916,"comment_status":"open","ping_status":"open","sticky":false,"template":"","format":"standard","meta":{"_acf_changed":false,"footnotes":""},"categories":[1],"tags":[],"class_list":["post-4158","post","type-post","status-publish","format-standard","hentry","category-landsvag"],"acf":[],"_links":{"self":[{"href":"https:\/\/scf.se\/landsvag\/wp-json\/wp\/v2\/posts\/4158","targetHints":{"allow":["GET"]}}],"collection":[{"href":"https:\/\/scf.se\/landsvag\/wp-json\/wp\/v2\/posts"}],"about":[{"href":"https:\/\/scf.se\/landsvag\/wp-json\/wp\/v2\/types\/post"}],"author":[{"embeddable":true,"href":"https:\/\/scf.se\/landsvag\/wp-json\/wp\/v2\/users\/41"}],"replies":[{"embeddable":true,"href":"https:\/\/scf.se\/landsvag\/wp-json\/wp\/v2\/comments?post=4158"}],"version-history":[{"count":0,"href":"https:\/\/scf.se\/landsvag\/wp-json\/wp\/v2\/posts\/4158\/revisions"}],"wp:featuredmedia":[{"embeddable":true,"href":"https:\/\/scf.se\/landsvag\/wp-json\/wp\/v2\/media\/3916"}],"wp:attachment":[{"href":"https:\/\/scf.se\/landsvag\/wp-json\/wp\/v2\/media?parent=4158"}],"wp:term":[{"taxonomy":"category","embeddable":true,"href":"https:\/\/scf.se\/landsvag\/wp-json\/wp\/v2\/categories?post=4158"},{"taxonomy":"post_tag","embeddable":true,"href":"https:\/\/scf.se\/landsvag\/wp-json\/wp\/v2\/tags?post=4158"}],"curies":[{"name":"wp","href":"https:\/\/api.w.org\/{rel}","templated":true}]}}