
{"id":4137,"date":"2023-06-05T08:01:26","date_gmt":"2023-06-05T06:01:26","guid":{"rendered":"http:\/\/scf.se\/landsvag\/?p=4137"},"modified":"2023-06-07T15:02:58","modified_gmt":"2023-06-07T13:02:58","slug":"tidig-utbrytning-satte-farg-pa-herrelitloppet-med-norsk-segrare","status":"publish","type":"post","link":"https:\/\/scf.se\/landsvag\/tidig-utbrytning-satte-farg-pa-herrelitloppet-med-norsk-segrare\/","title":{"rendered":"Tidig fin utbrytning gav sp\u00e4nnande herrelitlopp \u2013 med norsk segrare"},"content":{"rendered":"<p><strong>Det blev ett rej\u00e4lt sp\u00e4nnande herrelitlopp med taktik p\u00e5 h\u00f6g niv\u00e5. Till sist kunde norska Team Kjekkas dominera en snabb samlad nedf\u00f6rsspurt och vinna med Kristoffer M Skerping. Men en tapper tidig utbrytning p\u00e5 fyra var r\u00e4tt n\u00e4ra att g\u00e5 hem. M\u00f6lndals CK gjorde ett j\u00e4ttejobb f\u00f6r att k\u00f6rde in den. Kristian Stenshamn fr\u00e5n arrangerande\u00a0 Stockholm CK vann senior\/junior d\u00e4r J\u00f6nk\u00f6pings Alfred Oldin var b\u00e4sta junior.<\/strong><\/p>\n<p>Motala AIF Serneke Allebike hade tv\u00e5 cyklister med och var inte ov\u00e4ntat l\u00e4nge aktiva. Det var Niklas Jagerst\u00e5l och Jonathan Ahlsson.<\/p>\n<a href=\"https:\/\/scf.se\/landsvag\/wp-content\/uploads\/sites\/5\/2023\/06\/Nationaldagsloppet-Herrutbrytning-1.jpeg\"><img loading=\"lazy\" decoding=\"async\" class=\"alignnone size-full wp-image-4135\" src=\"https:\/\/scf.se\/landsvag\/wp-content\/uploads\/sites\/5\/2023\/06\/Nationaldagsloppet-Herrutbrytning-1.jpeg\" alt=\"\" width=\"1280\" height=\"892\" srcset=\"https:\/\/scf.se\/landsvag\/wp-content\/uploads\/sites\/5\/2023\/06\/Nationaldagsloppet-Herrutbrytning-1.jpeg 1280w, https:\/\/scf.se\/landsvag\/wp-content\/uploads\/sites\/5\/2023\/06\/Nationaldagsloppet-Herrutbrytning-1-300x209.jpeg 300w, https:\/\/scf.se\/landsvag\/wp-content\/uploads\/sites\/5\/2023\/06\/Nationaldagsloppet-Herrutbrytning-1-1024x714.jpeg 1024w, https:\/\/scf.se\/landsvag\/wp-content\/uploads\/sites\/5\/2023\/06\/Nationaldagsloppet-Herrutbrytning-1-768x535.jpeg 768w\" sizes=\"auto, (max-width: 1280px) 100vw, 1280px\" \/><\/a>\n<p>Team Kjekkas hade J\u00f6rgen Korstad med och beh\u00f6vde inte dra en meter i klungan d\u00e5 han hade sparat sig ganska mycket i utbrytningen och s\u00e5g stark ut d\u00e4r. Det var norsk kontroll. Philip Lindstr\u00f6m fr\u00e5n Carba Sports Club fanns ocks\u00e5 med i kvartetten.<\/p>\n<a href=\"https:\/\/scf.se\/landsvag\/wp-content\/uploads\/sites\/5\/2023\/06\/Nationaldagsloppet-Herrutbrytning2-1.jpeg\"><img loading=\"lazy\" decoding=\"async\" class=\"alignnone size-full wp-image-4157\" src=\"https:\/\/scf.se\/landsvag\/wp-content\/uploads\/sites\/5\/2023\/06\/Nationaldagsloppet-Herrutbrytning2-1.jpeg\" alt=\"\" width=\"1280\" height=\"788\" srcset=\"https:\/\/scf.se\/landsvag\/wp-content\/uploads\/sites\/5\/2023\/06\/Nationaldagsloppet-Herrutbrytning2-1.jpeg 1280w, https:\/\/scf.se\/landsvag\/wp-content\/uploads\/sites\/5\/2023\/06\/Nationaldagsloppet-Herrutbrytning2-1-300x185.jpeg 300w, https:\/\/scf.se\/landsvag\/wp-content\/uploads\/sites\/5\/2023\/06\/Nationaldagsloppet-Herrutbrytning2-1-1024x630.jpeg 1024w, https:\/\/scf.se\/landsvag\/wp-content\/uploads\/sites\/5\/2023\/06\/Nationaldagsloppet-Herrutbrytning2-1-768x473.jpeg 768w\" sizes=\"auto, (max-width: 1280px) 100vw, 1280px\" \/><\/a>\n<a href=\"https:\/\/scf.se\/landsvag\/wp-content\/uploads\/sites\/5\/2023\/06\/NLKageviherrutbrytning.jpg\"><img loading=\"lazy\" decoding=\"async\" class=\"alignnone size-full wp-image-4145\" src=\"https:\/\/scf.se\/landsvag\/wp-content\/uploads\/sites\/5\/2023\/06\/NLKageviherrutbrytning.jpg\" alt=\"\" width=\"1590\" height=\"1200\" srcset=\"https:\/\/scf.se\/landsvag\/wp-content\/uploads\/sites\/5\/2023\/06\/NLKageviherrutbrytning.jpg 1590w, https:\/\/scf.se\/landsvag\/wp-content\/uploads\/sites\/5\/2023\/06\/NLKageviherrutbrytning-300x226.jpg 300w, https:\/\/scf.se\/landsvag\/wp-content\/uploads\/sites\/5\/2023\/06\/NLKageviherrutbrytning-1024x773.jpg 1024w, https:\/\/scf.se\/landsvag\/wp-content\/uploads\/sites\/5\/2023\/06\/NLKageviherrutbrytning-768x580.jpg 768w, https:\/\/scf.se\/landsvag\/wp-content\/uploads\/sites\/5\/2023\/06\/NLKageviherrutbrytning-1536x1159.jpg 1536w\" sizes=\"auto, (max-width: 1590px) 100vw, 1590px\" \/><\/a>\n<p>Med tre av de sex varven p\u00e5 18-milaturen var det 3.30 ner till huvudklungan, men de fick inte mer \u00e4n s\u00e5. Med tv\u00e5 varv kvar var det tre minuter. Men fortfarande vid klockringningen och drygt tre mil kjvar fick det inte stanna av i klungan om det skulle g\u00e5 att h\u00e4mta in det d\u00e4r.<\/p>\n<p>Hymer hade n\u00e5gon gubbe d\u00e4r uppe. CK Ringen likas\u00e5. Men annars var det ett grymt starkt lagarbete fr\u00e5n M\u00f6lndal \u2013 d\u00e4r World Tour-tr\u00e4naren Mattias Reck fanns med och dirigerade i en av bilarna \u2013 som jobbade in utbrytningen.<\/p>\n<a href=\"https:\/\/scf.se\/landsvag\/wp-content\/uploads\/sites\/5\/2023\/06\/Nationaldagsloppet-Herrklunga-Mo\u0308lndal-1.jpeg\"><img loading=\"lazy\" decoding=\"async\" class=\"alignnone size-full wp-image-4155\" src=\"https:\/\/scf.se\/landsvag\/wp-content\/uploads\/sites\/5\/2023\/06\/Nationaldagsloppet-Herrklunga-Mo\u0308lndal-1.jpeg\" alt=\"\" width=\"1280\" height=\"732\" srcset=\"https:\/\/scf.se\/landsvag\/wp-content\/uploads\/sites\/5\/2023\/06\/Nationaldagsloppet-Herrklunga-Mo\u0308lndal-1.jpeg 1280w, https:\/\/scf.se\/landsvag\/wp-content\/uploads\/sites\/5\/2023\/06\/Nationaldagsloppet-Herrklunga-Mo\u0308lndal-1-300x172.jpeg 300w, https:\/\/scf.se\/landsvag\/wp-content\/uploads\/sites\/5\/2023\/06\/Nationaldagsloppet-Herrklunga-Mo\u0308lndal-1-1024x586.jpeg 1024w, https:\/\/scf.se\/landsvag\/wp-content\/uploads\/sites\/5\/2023\/06\/Nationaldagsloppet-Herrklunga-Mo\u0308lndal-1-768x439.jpeg 768w\" sizes=\"auto, (max-width: 1280px) 100vw, 1280px\" \/><\/a> <a href=\"https:\/\/scf.se\/landsvag\/wp-content\/uploads\/sites\/5\/2023\/06\/Nationaldagsloppet-Herrkliunga-ta\u0308t-1.jpeg\"><img loading=\"lazy\" decoding=\"async\" class=\"alignnone size-full wp-image-4154\" src=\"https:\/\/scf.se\/landsvag\/wp-content\/uploads\/sites\/5\/2023\/06\/Nationaldagsloppet-Herrkliunga-ta\u0308t-1.jpeg\" alt=\"\" width=\"1280\" height=\"1033\" srcset=\"https:\/\/scf.se\/landsvag\/wp-content\/uploads\/sites\/5\/2023\/06\/Nationaldagsloppet-Herrkliunga-ta\u0308t-1.jpeg 1280w, https:\/\/scf.se\/landsvag\/wp-content\/uploads\/sites\/5\/2023\/06\/Nationaldagsloppet-Herrkliunga-ta\u0308t-1-300x242.jpeg 300w, https:\/\/scf.se\/landsvag\/wp-content\/uploads\/sites\/5\/2023\/06\/Nationaldagsloppet-Herrkliunga-ta\u0308t-1-1024x826.jpeg 1024w, https:\/\/scf.se\/landsvag\/wp-content\/uploads\/sites\/5\/2023\/06\/Nationaldagsloppet-Herrkliunga-ta\u0308t-1-768x620.jpeg 768w\" sizes=\"auto, (max-width: 1280px) 100vw, 1280px\" \/><\/a>\n<a href=\"https:\/\/scf.se\/landsvag\/wp-content\/uploads\/sites\/5\/2023\/06\/Nationaldagsloppet-Herrkliunga-Mo\u0308lndal-1.jpeg\"><img loading=\"lazy\" decoding=\"async\" class=\"alignnone size-full wp-image-4136\" src=\"https:\/\/scf.se\/landsvag\/wp-content\/uploads\/sites\/5\/2023\/06\/Nationaldagsloppet-Herrkliunga-Mo\u0308lndal-1.jpeg\" alt=\"\" width=\"1280\" height=\"773\" srcset=\"https:\/\/scf.se\/landsvag\/wp-content\/uploads\/sites\/5\/2023\/06\/Nationaldagsloppet-Herrkliunga-Mo\u0308lndal-1.jpeg 1280w, https:\/\/scf.se\/landsvag\/wp-content\/uploads\/sites\/5\/2023\/06\/Nationaldagsloppet-Herrkliunga-Mo\u0308lndal-1-300x181.jpeg 300w, https:\/\/scf.se\/landsvag\/wp-content\/uploads\/sites\/5\/2023\/06\/Nationaldagsloppet-Herrkliunga-Mo\u0308lndal-1-1024x618.jpeg 1024w, https:\/\/scf.se\/landsvag\/wp-content\/uploads\/sites\/5\/2023\/06\/Nationaldagsloppet-Herrkliunga-Mo\u0308lndal-1-768x464.jpeg 768w\" sizes=\"auto, (max-width: 1280px) 100vw, 1280px\" \/><\/a>\n<p>&nbsp;<\/p>\n<p>Med milen kvar var det fortfarande 50 sekunder kvar att \u00e4ta in och&#8230;just innan m\u00e5l var det samlad klunga.<\/p>\n<p>N\u00e4stan tyv\u00e4rr f\u00e5r man s\u00e4ga om att den spurtare M\u00f6lndal k\u00f6rde f\u00f6r inte kom r\u00e4tt. I st\u00e4llet var det norsk dominans i spurten som sagt d\u00e5 Kristoffer M Skerping vann med klubbkompis fr\u00e5n Team Kjekkas p\u00e5 tredje. Pigg andraplats i spurten till \u00c4ngbys Alan Ting.<\/p>\n<a href=\"https:\/\/scf.se\/landsvag\/wp-content\/uploads\/sites\/5\/2023\/06\/herrpall.jpg\"><img loading=\"lazy\" decoding=\"async\" class=\"alignnone size-full wp-image-4151\" src=\"https:\/\/scf.se\/landsvag\/wp-content\/uploads\/sites\/5\/2023\/06\/herrpall.jpg\" alt=\"\" width=\"2016\" height=\"1512\" srcset=\"https:\/\/scf.se\/landsvag\/wp-content\/uploads\/sites\/5\/2023\/06\/herrpall.jpg 2016w, https:\/\/scf.se\/landsvag\/wp-content\/uploads\/sites\/5\/2023\/06\/herrpall-300x225.jpg 300w, https:\/\/scf.se\/landsvag\/wp-content\/uploads\/sites\/5\/2023\/06\/herrpall-1024x768.jpg 1024w, https:\/\/scf.se\/landsvag\/wp-content\/uploads\/sites\/5\/2023\/06\/herrpall-768x576.jpg 768w, https:\/\/scf.se\/landsvag\/wp-content\/uploads\/sites\/5\/2023\/06\/herrpall-1536x1152.jpg 1536w\" sizes=\"auto, (max-width: 2016px) 100vw, 2016px\" \/><\/a>\n<h3>SWE Cup #5 herrelit<\/h3>\n<ol>\n<li>Kristoffer M Skjerping, Team Kjekkas 4.20.12<\/li>\n<li>Alan Ting, \u00c4ngby CC +0<\/li>\n<li>Sindre Sagbakken, Team Kjekkas +0<\/li>\n<li>Carl Kagevi, Motala AIF Serneke Allebike +0<\/li>\n<li>Isac Lundgren, CK Ringen +0<\/li>\n<li>Rasmus Mikiver, CK Hymer +0<\/li>\n<\/ol>\n<p>En rej\u00e4lt stark insats med tanke p\u00e5 farten i klungan p\u00e5 sista varvet, d\u00e5 det kapades fyra minuter p\u00e5 farten f\u00f6rsta halvan av loppet, gjorde Emilia Fahlin. Proffset i franska FDJ, som k\u00f6r f\u00f6r \u00d6rebrocyklisterna p\u00e5 hemmaplan, \u00e4r en duktig spurtare och slutade p\u00e5 plats 22 i detta herrelits\u00e4llskap.<\/p>\n<a href=\"https:\/\/scf.se\/landsvag\/wp-content\/uploads\/sites\/5\/2023\/06\/Emilia2-1.jpeg\"><img loading=\"lazy\" decoding=\"async\" class=\"alignnone size-full wp-image-4163\" src=\"https:\/\/scf.se\/landsvag\/wp-content\/uploads\/sites\/5\/2023\/06\/Emilia2-1.jpeg\" alt=\"\" width=\"1513\" height=\"1502\" srcset=\"https:\/\/scf.se\/landsvag\/wp-content\/uploads\/sites\/5\/2023\/06\/Emilia2-1.jpeg 1513w, https:\/\/scf.se\/landsvag\/wp-content\/uploads\/sites\/5\/2023\/06\/Emilia2-1-300x298.jpeg 300w, https:\/\/scf.se\/landsvag\/wp-content\/uploads\/sites\/5\/2023\/06\/Emilia2-1-1024x1017.jpeg 1024w, https:\/\/scf.se\/landsvag\/wp-content\/uploads\/sites\/5\/2023\/06\/Emilia2-1-150x150.jpeg 150w, https:\/\/scf.se\/landsvag\/wp-content\/uploads\/sites\/5\/2023\/06\/Emilia2-1-768x762.jpeg 768w\" sizes=\"auto, (max-width: 1513px) 100vw, 1513px\" \/><\/a>\n<p>CK Hymers Victor Hillerstr\u00f6m Rundh spurtade lite l\u00e4ngre bak i f\u00e4ltet f\u00f6r att ta \u00f6ver ledningen i SWE Cup-totalen d\u00e5 klubbkompisen Hugo Forssell var sjuk och stod vid sidan och f\u00f6ljde intresserat sista varvet med t\u00e4ta tidsangivelser. Det skiljer tv\u00e5 po\u00e4ng till Forssells f\u00f6rdel inf\u00f6r avslutningen i Svanesund.<\/p>\n<a href=\"https:\/\/scf.se\/landsvag\/wp-content\/uploads\/sites\/5\/2023\/06\/NLgula.jpg\"><img loading=\"lazy\" decoding=\"async\" class=\"alignnone size-full wp-image-4138\" src=\"https:\/\/scf.se\/landsvag\/wp-content\/uploads\/sites\/5\/2023\/06\/NLgula.jpg\" alt=\"\" width=\"1280\" height=\"1148\" srcset=\"https:\/\/scf.se\/landsvag\/wp-content\/uploads\/sites\/5\/2023\/06\/NLgula.jpg 1280w, https:\/\/scf.se\/landsvag\/wp-content\/uploads\/sites\/5\/2023\/06\/NLgula-300x269.jpg 300w, https:\/\/scf.se\/landsvag\/wp-content\/uploads\/sites\/5\/2023\/06\/NLgula-1024x918.jpg 1024w, https:\/\/scf.se\/landsvag\/wp-content\/uploads\/sites\/5\/2023\/06\/NLgula-768x689.jpg 768w\" sizes=\"auto, (max-width: 1280px) 100vw, 1280px\" \/><\/a>\n<p>&nbsp;<\/p>\n<p>Det blev tidigare under dagen hemmaseger i klassen senior\/junior som gl\u00e4djande nog hade \u00f6ver 100 cyklister till start p\u00e5 s\u00f6ndagsmorgonen. Kristian Stenshamn gjorde upp om det p\u00e5 slutet med rutinerade Peter Carlsson och vann den duellen.<\/p>\n<p>Sedan var det tv\u00e5 av J\u00f6nk\u00f6pings CK:s alla duktiga unga cyklister som var trea och fyra. Alfred Oldin vann kampen om att bli b\u00e4sta junior f\u00f6re Oskar Marvig. Oldin tog ocks\u00e5 \u00f6ver ledningen i SWE Cup-totalen i den klassen.<\/p>\n<h3>SWE Cup #5 herrar senior\/junior<\/h3>\n<ol>\n<li>Kristian Stenshamn, Stockholm CK 3.06.52<\/li>\n<li>Peter Carlsson, CK Bure +0.02<\/li>\n<li>Alfred Oldin, J\u00f6nk\u00f6pings CK +0.40<\/li>\n<\/ol>\n<blockquote><p>&#8221;Ett riktigt bra cykellopp i herrarnas seniorelit. Mycket aktivitet hos v\u00e5ra juniorcyklister i det loppet innan det var en seniorduo som gjorde upp om det. Nu ser vi n\u00e4rmast fram emot Trofeo Saarland f\u00f6r herrjuniorerna. S\u00e5 klart ett tufft uppl\u00e4gg men bra k\u00f6rt av Stina Kagevi i damklassen. Det var fina t\u00e4vlingar \u00f6verlag&#8221;, s\u00e4ger assisterande f\u00f6rbundskaptenen Alexander Wetterhall efter\u00e5t.<\/p><\/blockquote>\n<ul>\n<li><a href=\"https:\/\/www.sportstiming.se\/event\/12574\/results\"><em><strong>Alla resultat fr\u00e5n Nationaldagsloppet, SWE Cup #5, h\u00e4r!<\/strong><\/em><\/a><\/li>\n<li><a href=\"https:\/\/scf.se\/landsvag\/kagevi-direkt-fran-tuff-mtb-i-italien-till-soloseger-i-swe-cup-landsvag\/\"><em><strong>Reportage fr\u00e5n damklassen i SWE Cup #5 med Stina Kagevis soloseger h\u00e4r!<\/strong><\/em><\/a><\/li>\n<li><em>R\u00f6rliga bilder fr\u00e5n avslutningen, se SWE Cyclings FB-konto!<\/em><\/li>\n<li><em>Herrjuniorlaget till Trofeo Saarland presenteras h\u00e4r p\u00e5 SCF.se under m\u00e5ndagseftermiddagen. <\/em><\/li>\n<\/ul>\n<p><em>Text och foto: Tomas Larsson\/SCF<\/em><\/p>\n<hr \/>\n<p><em><strong>Svenska Cykelf\u00f6rbundet \u00e4r stolta \u00f6ver att presentera v\u00e5ra samarbetspartners. Tack vare dessa fantastiska f\u00f6retag kan v\u00e5ra cyklister oftare ta sig l\u00e4ngre ut i v\u00e4rlden.<\/strong><\/em><\/p>\n<h2><a href=\"https:\/\/scf.se\/forbundet\/sponsorer\/\"><img loading=\"lazy\" decoding=\"async\" class=\"alignnone size-full wp-image-3872\" src=\"https:\/\/scf.se\/landsvag\/wp-content\/uploads\/sites\/5\/2023\/02\/LiggandeBannerNyheterHemsida2023.png\" alt=\"\" width=\"1200\" height=\"200\" srcset=\"https:\/\/scf.se\/landsvag\/wp-content\/uploads\/sites\/5\/2023\/02\/LiggandeBannerNyheterHemsida2023.png 1200w, https:\/\/scf.se\/landsvag\/wp-content\/uploads\/sites\/5\/2023\/02\/LiggandeBannerNyheterHemsida2023-300x50.png 300w, https:\/\/scf.se\/landsvag\/wp-content\/uploads\/sites\/5\/2023\/02\/LiggandeBannerNyheterHemsida2023-1024x171.png 1024w, https:\/\/scf.se\/landsvag\/wp-content\/uploads\/sites\/5\/2023\/02\/LiggandeBannerNyheterHemsida2023-768x128.png 768w\" sizes=\"auto, (max-width: 1200px) 100vw, 1200px\" \/><\/a><\/h2>\n","protected":false},"excerpt":{"rendered":"<p>Det blev ett rej\u00e4lt sp\u00e4nnande herrelitlopp med taktik p\u00e5 h\u00f6g niv\u00e5. Till sist kunde norska Team Kjekkas dominera en snabb samlad nedf\u00f6rsspurt och vinna med Kristoffer M Skerping. Men en tapper tidig utbrytning p\u00e5 fyra var r\u00e4tt n\u00e4ra att g\u00e5 hem. M\u00f6lndals CK gjorde ett j\u00e4ttejobb f\u00f6r att k\u00f6rde in den. Kristian Stenshamn fr\u00e5n<a href=\"https:\/\/scf.se\/landsvag\/tidig-utbrytning-satte-farg-pa-herrelitloppet-med-norsk-segrare\/\" class=\"news-card__more\"> &#8230;<\/a><\/p>\n","protected":false},"author":41,"featured_media":4139,"comment_status":"open","ping_status":"open","sticky":false,"template":"","format":"standard","meta":{"_acf_changed":false,"footnotes":""},"categories":[1],"tags":[],"class_list":["post-4137","post","type-post","status-publish","format-standard","hentry","category-landsvag"],"acf":[],"_links":{"self":[{"href":"https:\/\/scf.se\/landsvag\/wp-json\/wp\/v2\/posts\/4137","targetHints":{"allow":["GET"]}}],"collection":[{"href":"https:\/\/scf.se\/landsvag\/wp-json\/wp\/v2\/posts"}],"about":[{"href":"https:\/\/scf.se\/landsvag\/wp-json\/wp\/v2\/types\/post"}],"author":[{"embeddable":true,"href":"https:\/\/scf.se\/landsvag\/wp-json\/wp\/v2\/users\/41"}],"replies":[{"embeddable":true,"href":"https:\/\/scf.se\/landsvag\/wp-json\/wp\/v2\/comments?post=4137"}],"version-history":[{"count":0,"href":"https:\/\/scf.se\/landsvag\/wp-json\/wp\/v2\/posts\/4137\/revisions"}],"wp:featuredmedia":[{"embeddable":true,"href":"https:\/\/scf.se\/landsvag\/wp-json\/wp\/v2\/media\/4139"}],"wp:attachment":[{"href":"https:\/\/scf.se\/landsvag\/wp-json\/wp\/v2\/media?parent=4137"}],"wp:term":[{"taxonomy":"category","embeddable":true,"href":"https:\/\/scf.se\/landsvag\/wp-json\/wp\/v2\/categories?post=4137"},{"taxonomy":"post_tag","embeddable":true,"href":"https:\/\/scf.se\/landsvag\/wp-json\/wp\/v2\/tags?post=4137"}],"curies":[{"name":"wp","href":"https:\/\/api.w.org\/{rel}","templated":true}]}}