
{"id":4130,"date":"2023-06-05T08:12:34","date_gmt":"2023-06-05T06:12:34","guid":{"rendered":"http:\/\/scf.se\/landsvag\/?p=4130"},"modified":"2023-06-07T07:21:50","modified_gmt":"2023-06-07T05:21:50","slug":"kagevi-direkt-fran-tuff-mtb-i-italien-till-soloseger-i-swe-cup-landsvag","status":"publish","type":"post","link":"https:\/\/scf.se\/landsvag\/kagevi-direkt-fran-tuff-mtb-i-italien-till-soloseger-i-swe-cup-landsvag\/","title":{"rendered":"Kagevi direkt fr\u00e5n tuff MTB i Italien till soloseger i SWE Cup landsv\u00e4g"},"content":{"rendered":"<p><strong>Junioren Stina Kagevi gick loss och solovann damklassen \u2013 d\u00e4r \u00e4ven seniorelit ing\u00e5r \u2013 i Nationaldagsloppet. Detta efter att knappt ha hunnit byta om innan start d\u00e5 hon kom hem fr\u00e5n XCO-t\u00e4vling i Italien och l\u00e4mnade Arlanda flygplats ungef\u00e4r s\u00e5 l\u00e5ng tid det tog att ta sig till S\u00f6derby g\u00e5rd start utanf\u00f6r Vallentuna och SWE Cup #5.<\/strong><\/p>\n<a href=\"https:\/\/scf.se\/landsvag\/wp-content\/uploads\/sites\/5\/2023\/06\/Nationaldagsloppet-Damklunga-1.jpeg\"><img loading=\"lazy\" decoding=\"async\" class=\"alignnone size-full wp-image-4131\" src=\"https:\/\/scf.se\/landsvag\/wp-content\/uploads\/sites\/5\/2023\/06\/Nationaldagsloppet-Damklunga-1.jpeg\" alt=\"\" width=\"1280\" height=\"807\" srcset=\"https:\/\/scf.se\/landsvag\/wp-content\/uploads\/sites\/5\/2023\/06\/Nationaldagsloppet-Damklunga-1.jpeg 1280w, https:\/\/scf.se\/landsvag\/wp-content\/uploads\/sites\/5\/2023\/06\/Nationaldagsloppet-Damklunga-1-300x189.jpeg 300w, https:\/\/scf.se\/landsvag\/wp-content\/uploads\/sites\/5\/2023\/06\/Nationaldagsloppet-Damklunga-1-1024x646.jpeg 1024w, https:\/\/scf.se\/landsvag\/wp-content\/uploads\/sites\/5\/2023\/06\/Nationaldagsloppet-Damklunga-1-768x484.jpeg 768w\" sizes=\"auto, (max-width: 1280px) 100vw, 1280px\" \/><\/a>\n<p>Bara att ta sig till start var en b\u00e5de utmaning och en bra sportstory f\u00f6r Stina Kagevi, som tillh\u00f6r juniorlandslaget i XCO och som f\u00f6rst inf\u00f6r f\u00f6rra s\u00e4songen b\u00f6rjade t\u00e4vla \u00e4ven p\u00e5 landsv\u00e4g.<\/p>\n<blockquote><p>&#8221;Jag stod p\u00e5 Arlanda n\u00e4r det var ungef\u00e4r 30 minuter till start. Pappa skjutsade mig och jag fick byta om p\u00e5 v\u00e4gen \u2013 s\u00e5 det var lite br\u00e5ttom. Sedan hade jag tur att de fick v\u00e4nta in grabbarnas passering s\u00e5 starten fick v\u00e4nta lite&#8221;, s\u00e4ger Stina Kagevi med ett stort leende efter prisutdelningen.<\/p><\/blockquote>\n<p>L\u00e4gg d\u00e4rtill att Stina s\u00e4llan har blivit s\u00e5 tr\u00f6tt som vid p\u00e5 en UCI Junior series-t\u00e4vling i Italien.<\/p>\n<blockquote><p>&#8221;Det var b\u00e5de varmt och h\u00f6g h\u00f6jd. Jag fick verkligen k\u00e4nna p\u00e5 att att bli tr\u00f6tt p\u00e5 h\u00f6g h\u00f6jd&#8230;&#8221;<\/p><\/blockquote>\n<a href=\"https:\/\/scf.se\/landsvag\/wp-content\/uploads\/sites\/5\/2023\/06\/Nationaldagsloppet-Damutbrytning2-1.jpeg\"><img loading=\"lazy\" decoding=\"async\" class=\"alignnone size-full wp-image-4134\" src=\"https:\/\/scf.se\/landsvag\/wp-content\/uploads\/sites\/5\/2023\/06\/Nationaldagsloppet-Damutbrytning2-1.jpeg\" alt=\"\" width=\"1280\" height=\"1041\" srcset=\"https:\/\/scf.se\/landsvag\/wp-content\/uploads\/sites\/5\/2023\/06\/Nationaldagsloppet-Damutbrytning2-1.jpeg 1280w, https:\/\/scf.se\/landsvag\/wp-content\/uploads\/sites\/5\/2023\/06\/Nationaldagsloppet-Damutbrytning2-1-300x244.jpeg 300w, https:\/\/scf.se\/landsvag\/wp-content\/uploads\/sites\/5\/2023\/06\/Nationaldagsloppet-Damutbrytning2-1-1024x833.jpeg 1024w, https:\/\/scf.se\/landsvag\/wp-content\/uploads\/sites\/5\/2023\/06\/Nationaldagsloppet-Damutbrytning2-1-768x625.jpeg 768w\" sizes=\"auto, (max-width: 1280px) 100vw, 1280px\" \/><\/a> <a href=\"https:\/\/scf.se\/landsvag\/wp-content\/uploads\/sites\/5\/2023\/06\/Nationaldagsloppet-Damutbrytning1-1.jpeg\"><img loading=\"lazy\" decoding=\"async\" class=\"alignnone size-full wp-image-4133\" src=\"https:\/\/scf.se\/landsvag\/wp-content\/uploads\/sites\/5\/2023\/06\/Nationaldagsloppet-Damutbrytning1-1.jpeg\" alt=\"\" width=\"1280\" height=\"845\" srcset=\"https:\/\/scf.se\/landsvag\/wp-content\/uploads\/sites\/5\/2023\/06\/Nationaldagsloppet-Damutbrytning1-1.jpeg 1280w, https:\/\/scf.se\/landsvag\/wp-content\/uploads\/sites\/5\/2023\/06\/Nationaldagsloppet-Damutbrytning1-1-300x198.jpeg 300w, https:\/\/scf.se\/landsvag\/wp-content\/uploads\/sites\/5\/2023\/06\/Nationaldagsloppet-Damutbrytning1-1-1024x676.jpeg 1024w, https:\/\/scf.se\/landsvag\/wp-content\/uploads\/sites\/5\/2023\/06\/Nationaldagsloppet-Damutbrytning1-1-768x507.jpeg 768w\" sizes=\"auto, (max-width: 1280px) 100vw, 1280px\" \/><\/a>\n<p>&nbsp;<\/p>\n<p>&nbsp;<\/p>\n<p>D\u00e5 \u00e4r det inte helt sj\u00e4lvklart att ha benen till att dra p\u00e5 en soloutbrytning \u2013 och h\u00e5lla. Stina gjorde ungef\u00e4r samma sak p\u00e5 junior-SM i Uppsala f\u00f6rra \u00e5ret. Bara stack ifr\u00e5n f\u00e4ltet, ganska tidigt.<\/p>\n<a href=\"https:\/\/scf.se\/landsvag\/wp-content\/uploads\/sites\/5\/2023\/06\/NL-Stina2.jpg\"><img loading=\"lazy\" decoding=\"async\" class=\"alignnone size-full wp-image-4149\" src=\"https:\/\/scf.se\/landsvag\/wp-content\/uploads\/sites\/5\/2023\/06\/NL-Stina2.jpg\" alt=\"\" width=\"2015\" height=\"1447\" srcset=\"https:\/\/scf.se\/landsvag\/wp-content\/uploads\/sites\/5\/2023\/06\/NL-Stina2.jpg 2015w, https:\/\/scf.se\/landsvag\/wp-content\/uploads\/sites\/5\/2023\/06\/NL-Stina2-300x215.jpg 300w, https:\/\/scf.se\/landsvag\/wp-content\/uploads\/sites\/5\/2023\/06\/NL-Stina2-1024x735.jpg 1024w, https:\/\/scf.se\/landsvag\/wp-content\/uploads\/sites\/5\/2023\/06\/NL-Stina2-768x552.jpg 768w, https:\/\/scf.se\/landsvag\/wp-content\/uploads\/sites\/5\/2023\/06\/NL-Stina2-1536x1103.jpg 1536w\" sizes=\"auto, (max-width: 2015px) 100vw, 2015px\" \/><\/a>\n<a href=\"https:\/\/scf.se\/landsvag\/wp-content\/uploads\/sites\/5\/2023\/06\/NLKagevi3.jpg\"><img loading=\"lazy\" decoding=\"async\" class=\"alignnone size-full wp-image-4146\" src=\"https:\/\/scf.se\/landsvag\/wp-content\/uploads\/sites\/5\/2023\/06\/NLKagevi3.jpg\" alt=\"\" width=\"1225\" height=\"1512\" srcset=\"https:\/\/scf.se\/landsvag\/wp-content\/uploads\/sites\/5\/2023\/06\/NLKagevi3.jpg 1225w, https:\/\/scf.se\/landsvag\/wp-content\/uploads\/sites\/5\/2023\/06\/NLKagevi3-243x300.jpg 243w, https:\/\/scf.se\/landsvag\/wp-content\/uploads\/sites\/5\/2023\/06\/NLKagevi3-830x1024.jpg 830w, https:\/\/scf.se\/landsvag\/wp-content\/uploads\/sites\/5\/2023\/06\/NLKagevi3-768x948.jpg 768w\" sizes=\"auto, (max-width: 1225px) 100vw, 1225px\" \/><\/a>\n<blockquote><p>&#8221;Ja, det var v\u00e4l egentligen&#8230;lite dum taktik. Det var ju en tidig utbrytning d\u00e4r vi (Stina k\u00f6r sedan den h\u00e4r s\u00e4songen landsv\u00e4g f\u00f6r Motala AIF CK) hade Tilde (Lindtsr\u00f6m) med. I det l\u00e4get l\u00e5g vi och kontrollerade i Motalag\u00e4nget och s\u00e5 lyckades jag f\u00e5 en lucka och komma i v\u00e4g \u2013 och det k\u00e4ndes ganska bra&#8221;, f\u00f6rklarar Stina Kagevi.<\/p><\/blockquote>\n<a href=\"https:\/\/scf.se\/landsvag\/wp-content\/uploads\/sites\/5\/2023\/06\/NLdamspurt.jpg\"><img loading=\"lazy\" decoding=\"async\" class=\"alignnone size-full wp-image-4143\" src=\"https:\/\/scf.se\/landsvag\/wp-content\/uploads\/sites\/5\/2023\/06\/NLdamspurt.jpg\" alt=\"\" width=\"1755\" height=\"1124\" srcset=\"https:\/\/scf.se\/landsvag\/wp-content\/uploads\/sites\/5\/2023\/06\/NLdamspurt.jpg 1755w, https:\/\/scf.se\/landsvag\/wp-content\/uploads\/sites\/5\/2023\/06\/NLdamspurt-300x192.jpg 300w, https:\/\/scf.se\/landsvag\/wp-content\/uploads\/sites\/5\/2023\/06\/NLdamspurt-1024x656.jpg 1024w, https:\/\/scf.se\/landsvag\/wp-content\/uploads\/sites\/5\/2023\/06\/NLdamspurt-768x492.jpg 768w, https:\/\/scf.se\/landsvag\/wp-content\/uploads\/sites\/5\/2023\/06\/NLdamspurt-1536x984.jpg 1536w\" sizes=\"auto, (max-width: 1755px) 100vw, 1755px\" \/><\/a>\n<p>En minut vid spurtpriset med ett varv kvar blev till tv\u00e5 strax innan m\u00e5l. Sofie Rosengrantz vann spurten om andraplatsen f\u00f6r regerande svenska kortdistansm\u00e4staren Johanna Palmqvist.<\/p>\n<h3><a href=\"https:\/\/scf.se\/landsvag\/wp-content\/uploads\/sites\/5\/2023\/06\/NLdampallen1.jpg\"><img loading=\"lazy\" decoding=\"async\" class=\"alignnone size-full wp-image-4142\" src=\"https:\/\/scf.se\/landsvag\/wp-content\/uploads\/sites\/5\/2023\/06\/NLdampallen1.jpg\" alt=\"\" width=\"2015\" height=\"1388\" srcset=\"https:\/\/scf.se\/landsvag\/wp-content\/uploads\/sites\/5\/2023\/06\/NLdampallen1.jpg 2015w, https:\/\/scf.se\/landsvag\/wp-content\/uploads\/sites\/5\/2023\/06\/NLdampallen1-300x207.jpg 300w, https:\/\/scf.se\/landsvag\/wp-content\/uploads\/sites\/5\/2023\/06\/NLdampallen1-1024x705.jpg 1024w, https:\/\/scf.se\/landsvag\/wp-content\/uploads\/sites\/5\/2023\/06\/NLdampallen1-768x529.jpg 768w, https:\/\/scf.se\/landsvag\/wp-content\/uploads\/sites\/5\/2023\/06\/NLdampallen1-1536x1058.jpg 1536w\" sizes=\"auto, (max-width: 2015px) 100vw, 2015px\" \/><\/a><\/h3>\n<h3>SWE Cup#5 damer<\/h3>\n<ol>\n<li>Stina Kagevi, Motala AIF CK 2.29.52<\/li>\n<li>Sofie Rosencrantz, CK \u00d6resund +02.01<\/li>\n<li>Johanna Palmqvist, CK Hymer +02.01<\/li>\n<li>Maja Johansson, Stockholm CK +02.01<\/li>\n<li>Erika Ingves, Motala AIF CK +02.01<\/li>\n<\/ol>\n<a href=\"https:\/\/scf.se\/landsvag\/wp-content\/uploads\/sites\/5\/2023\/06\/NL-dampallen2.jpg\"><img loading=\"lazy\" decoding=\"async\" class=\"alignnone size-full wp-image-4141\" src=\"https:\/\/scf.se\/landsvag\/wp-content\/uploads\/sites\/5\/2023\/06\/NL-dampallen2.jpg\" alt=\"\" width=\"1689\" height=\"1463\" srcset=\"https:\/\/scf.se\/landsvag\/wp-content\/uploads\/sites\/5\/2023\/06\/NL-dampallen2.jpg 1689w, https:\/\/scf.se\/landsvag\/wp-content\/uploads\/sites\/5\/2023\/06\/NL-dampallen2-300x260.jpg 300w, https:\/\/scf.se\/landsvag\/wp-content\/uploads\/sites\/5\/2023\/06\/NL-dampallen2-1024x887.jpg 1024w, https:\/\/scf.se\/landsvag\/wp-content\/uploads\/sites\/5\/2023\/06\/NL-dampallen2-768x665.jpg 768w, https:\/\/scf.se\/landsvag\/wp-content\/uploads\/sites\/5\/2023\/06\/NL-dampallen2-1536x1330.jpg 1536w\" sizes=\"auto, (max-width: 1689px) 100vw, 1689px\" \/><\/a>\n<p>Sofie Rosencrantz beh\u00e5ller f\u00f6rst\u00e5s den gr\u00f6na po\u00e4ngtr\u00f6jan och h\u00e4r ser det bra ut f\u00f6r en totalseger inf\u00f6r avslutningen i Svanesunds tredagars.<\/p>\n<a href=\"https:\/\/scf.se\/landsvag\/wp-content\/uploads\/sites\/5\/2023\/06\/NLtrojorna.jpg\"><img loading=\"lazy\" decoding=\"async\" class=\"alignnone size-full wp-image-4140\" src=\"https:\/\/scf.se\/landsvag\/wp-content\/uploads\/sites\/5\/2023\/06\/NLtrojorna.jpg\" alt=\"\" width=\"1800\" height=\"1186\" srcset=\"https:\/\/scf.se\/landsvag\/wp-content\/uploads\/sites\/5\/2023\/06\/NLtrojorna.jpg 1800w, https:\/\/scf.se\/landsvag\/wp-content\/uploads\/sites\/5\/2023\/06\/NLtrojorna-300x198.jpg 300w, https:\/\/scf.se\/landsvag\/wp-content\/uploads\/sites\/5\/2023\/06\/NLtrojorna-1024x675.jpg 1024w, https:\/\/scf.se\/landsvag\/wp-content\/uploads\/sites\/5\/2023\/06\/NLtrojorna-768x506.jpg 768w, https:\/\/scf.se\/landsvag\/wp-content\/uploads\/sites\/5\/2023\/06\/NLtrojorna-1536x1012.jpg 1536w\" sizes=\"auto, (max-width: 1800px) 100vw, 1800px\" \/><\/a>\n<p>Det\u00a0 var annars en bra mycket\u00a0 bra dag f\u00f6r Motalas damlag, inte minst f\u00f6r \u00e5rets nyf\u00f6rv\u00e4rv. Ebba Grankvist beh\u00e5ller den gula ledartr\u00f6jan i SWE Cup, <a href=\"https:\/\/www.sportstiming.se\/event\/12574\/points?scoringId=1461\"><em><strong>totalst\u00e4llningen h\u00e4r<\/strong><\/em><\/a>.<\/p>\n<a href=\"https:\/\/scf.se\/landsvag\/wp-content\/uploads\/sites\/5\/2023\/06\/Nationaldagsloppet-Damklunga2-1.jpeg\"><img loading=\"lazy\" decoding=\"async\" class=\"alignnone size-full wp-image-4132\" src=\"https:\/\/scf.se\/landsvag\/wp-content\/uploads\/sites\/5\/2023\/06\/Nationaldagsloppet-Damklunga2-1.jpeg\" alt=\"\" width=\"1280\" height=\"793\" srcset=\"https:\/\/scf.se\/landsvag\/wp-content\/uploads\/sites\/5\/2023\/06\/Nationaldagsloppet-Damklunga2-1.jpeg 1280w, https:\/\/scf.se\/landsvag\/wp-content\/uploads\/sites\/5\/2023\/06\/Nationaldagsloppet-Damklunga2-1-300x186.jpeg 300w, https:\/\/scf.se\/landsvag\/wp-content\/uploads\/sites\/5\/2023\/06\/Nationaldagsloppet-Damklunga2-1-1024x634.jpeg 1024w, https:\/\/scf.se\/landsvag\/wp-content\/uploads\/sites\/5\/2023\/06\/Nationaldagsloppet-Damklunga2-1-768x476.jpeg 768w\" sizes=\"auto, (max-width: 1280px) 100vw, 1280px\" \/><\/a>\n<p>Finl\u00e4ndska juniorm\u00e4staren Erika Ingves tog ensam ledning i kampen om den vita juniortr\u00f6jan.<\/p>\n<p><em><strong>Bildextra fr\u00e5n det sp\u00e4nnande herrelitloppet och redovissning av resten av Nationaldagsloppet kommer senare under m\u00e5ndagsmorgonen!<\/strong><\/em><\/p>\n<p><em>Text och foto: Tomas Larsson\/SCF<\/em><\/p>\n<hr \/>\n<p><em><strong>Svenska Cykelf\u00f6rbundet \u00e4r stolta \u00f6ver att presentera v\u00e5ra samarbetspartners. Tack vare dessa fantastiska f\u00f6retag kan v\u00e5ra cyklister oftare ta sig l\u00e4ngre ut i v\u00e4rlden.<\/strong><\/em><\/p>\n<h2><a href=\"https:\/\/scf.se\/forbundet\/sponsorer\/\"><img loading=\"lazy\" decoding=\"async\" class=\"alignnone size-full wp-image-3872\" src=\"https:\/\/scf.se\/landsvag\/wp-content\/uploads\/sites\/5\/2023\/02\/LiggandeBannerNyheterHemsida2023.png\" alt=\"\" width=\"1200\" height=\"200\" srcset=\"https:\/\/scf.se\/landsvag\/wp-content\/uploads\/sites\/5\/2023\/02\/LiggandeBannerNyheterHemsida2023.png 1200w, https:\/\/scf.se\/landsvag\/wp-content\/uploads\/sites\/5\/2023\/02\/LiggandeBannerNyheterHemsida2023-300x50.png 300w, https:\/\/scf.se\/landsvag\/wp-content\/uploads\/sites\/5\/2023\/02\/LiggandeBannerNyheterHemsida2023-1024x171.png 1024w, https:\/\/scf.se\/landsvag\/wp-content\/uploads\/sites\/5\/2023\/02\/LiggandeBannerNyheterHemsida2023-768x128.png 768w\" sizes=\"auto, (max-width: 1200px) 100vw, 1200px\" \/><\/a><\/h2>\n","protected":false},"excerpt":{"rendered":"<p>Junioren Stina Kagevi gick loss och solovann damklassen \u2013 d\u00e4r \u00e4ven seniorelit ing\u00e5r \u2013 i Nationaldagsloppet. Detta efter att knappt ha hunnit byta om innan start d\u00e5 hon kom hem fr\u00e5n XCO-t\u00e4vling i Italien och l\u00e4mnade Arlanda flygplats ungef\u00e4r s\u00e5 l\u00e5ng tid det tog att ta sig till S\u00f6derby g\u00e5rd start utanf\u00f6r Vallentuna och<a href=\"https:\/\/scf.se\/landsvag\/kagevi-direkt-fran-tuff-mtb-i-italien-till-soloseger-i-swe-cup-landsvag\/\" class=\"news-card__more\"> &#8230;<\/a><\/p>\n","protected":false},"author":41,"featured_media":4147,"comment_status":"open","ping_status":"open","sticky":false,"template":"","format":"standard","meta":{"_acf_changed":false,"footnotes":""},"categories":[1],"tags":[],"class_list":["post-4130","post","type-post","status-publish","format-standard","hentry","category-landsvag"],"acf":[],"_links":{"self":[{"href":"https:\/\/scf.se\/landsvag\/wp-json\/wp\/v2\/posts\/4130","targetHints":{"allow":["GET"]}}],"collection":[{"href":"https:\/\/scf.se\/landsvag\/wp-json\/wp\/v2\/posts"}],"about":[{"href":"https:\/\/scf.se\/landsvag\/wp-json\/wp\/v2\/types\/post"}],"author":[{"embeddable":true,"href":"https:\/\/scf.se\/landsvag\/wp-json\/wp\/v2\/users\/41"}],"replies":[{"embeddable":true,"href":"https:\/\/scf.se\/landsvag\/wp-json\/wp\/v2\/comments?post=4130"}],"version-history":[{"count":0,"href":"https:\/\/scf.se\/landsvag\/wp-json\/wp\/v2\/posts\/4130\/revisions"}],"wp:featuredmedia":[{"embeddable":true,"href":"https:\/\/scf.se\/landsvag\/wp-json\/wp\/v2\/media\/4147"}],"wp:attachment":[{"href":"https:\/\/scf.se\/landsvag\/wp-json\/wp\/v2\/media?parent=4130"}],"wp:term":[{"taxonomy":"category","embeddable":true,"href":"https:\/\/scf.se\/landsvag\/wp-json\/wp\/v2\/categories?post=4130"},{"taxonomy":"post_tag","embeddable":true,"href":"https:\/\/scf.se\/landsvag\/wp-json\/wp\/v2\/tags?post=4130"}],"curies":[{"name":"wp","href":"https:\/\/api.w.org\/{rel}","templated":true}]}}