
{"id":4118,"date":"2023-05-31T09:40:43","date_gmt":"2023-05-31T07:40:43","guid":{"rendered":"http:\/\/scf.se\/landsvag\/?p=4118"},"modified":"2023-05-31T12:35:16","modified_gmt":"2023-05-31T10:35:16","slug":"klart-jenny-rissveds-ska-kora-for-norskt-team-nar-det-galler-landsvag","status":"publish","type":"post","link":"https:\/\/scf.se\/landsvag\/klart-jenny-rissveds-ska-kora-for-norskt-team-nar-det-galler-landsvag\/","title":{"rendered":"Jenny Rissveds k\u00f6r f\u00f6r norskt team i landsv\u00e4g \u2013 ett m\u00e5l \u00e4r Tour de France"},"content":{"rendered":"<p><strong>Team COOP-Hitec Products v\u00e4lkomnar Jenny Rissveds till sitt lag! Rissveds kommer \u00e4ven i forts\u00e4ttningen ha huvudfokus p\u00e5 MTB och Team 31. Nu tar hon ett stort steg \u00e4ven n\u00e4r det g\u00e4ller landsv\u00e4g d\u00e5 det norska proffslaget bland annat ska k\u00f6ra Tour de France, vilket Dagens Nyheter uppger att Jenny Rissveds satsar p\u00e5. Det norska stallet bekr\u00e4ftar att Rissveds \u00e4r en stark kandidat till att starta i Touren men att laget blir officiellt f\u00f6rst senare i juni. (Uppdaterad version onsdag 11.20.)\u00a0\u00a0<\/strong><\/p>\n<blockquote><p>&#8221;Vi \u00e4r stolta och entusiastiska att meddela att tidigare olympiska m\u00e4staren i MTB och nuvarande svenska m\u00e4staren p\u00e5 landsv\u00e4g Jenny Rissveds har skrivit p\u00e5 ett kontrakt och ansluter till laget fr\u00e5n den 1 juni 2023&#8221;, skriver Team COOP-Hitec Products p\u00e5 sin officiella hemsida.<\/p><\/blockquote>\n<p>D\u00e4r p\u00e5pekas det att Jennys huvudfokus inom cykling \u00e4r fortfarande MTB och hennes UCI-lag Team 31 d\u00e4r hon bland annat k\u00f6r v\u00e4rldscupen i XCO och XCC.<\/p>\n<a href=\"https:\/\/scf.se\/landsvag\/wp-content\/uploads\/sites\/5\/2023\/05\/scfDSC06140-1.jpg\"><img loading=\"lazy\" decoding=\"async\" class=\"alignnone size-full wp-image-4121\" src=\"https:\/\/scf.se\/landsvag\/wp-content\/uploads\/sites\/5\/2023\/05\/scfDSC06140-1.jpg\" alt=\"\" width=\"2300\" height=\"1538\" srcset=\"https:\/\/scf.se\/landsvag\/wp-content\/uploads\/sites\/5\/2023\/05\/scfDSC06140-1.jpg 2300w, https:\/\/scf.se\/landsvag\/wp-content\/uploads\/sites\/5\/2023\/05\/scfDSC06140-1-300x201.jpg 300w, https:\/\/scf.se\/landsvag\/wp-content\/uploads\/sites\/5\/2023\/05\/scfDSC06140-1-1024x685.jpg 1024w, https:\/\/scf.se\/landsvag\/wp-content\/uploads\/sites\/5\/2023\/05\/scfDSC06140-1-768x514.jpg 768w, https:\/\/scf.se\/landsvag\/wp-content\/uploads\/sites\/5\/2023\/05\/scfDSC06140-1-1536x1027.jpg 1536w, https:\/\/scf.se\/landsvag\/wp-content\/uploads\/sites\/5\/2023\/05\/scfDSC06140-1-2048x1369.jpg 2048w\" sizes=\"auto, (max-width: 2300px) 100vw, 2300px\" \/><\/a>\n<p>Men Jenny Rissveds vill \u00e4ven testa landsv\u00e4gscyklingen p\u00e5 h\u00f6gre niv\u00e5 efter att bland annat ha vunnit UCU 2.2-etapploppet Gracia Orlov\u00e1 tour i Tjeckien med det svenska landslaget i slutet av april. Jenny s\u00e4ger s\u00e5 h\u00e4r efter att ha kommit \u00f6verens med det norska teamet:<\/p>\n<blockquote><p>&#8221;Jag vill skaffa mig ytterligare erfarenhet p\u00e5 landsv\u00e4g, och jag \u00e4r v\u00e4ldigt tacksam f\u00f6r m\u00f6jligheten att ansluta till Team COOP-Hitec Products.&#8221;<\/p><\/blockquote>\n<p>COOP-Hitec Products f\u00e5r ofta k\u00f6ra p\u00e5 h\u00f6gst niv\u00e5n Women&#8217;s World Tour (WWT) och ska bland annat medverka i Tour de France. <strong><em><a href=\"https:\/\/www.dn.se\/sport\/jenny-rissveds-ska-kora-tour-de-france\/\">DN uppger<\/a> <\/em><\/strong>att Rissveds satsar p\u00e5 att k\u00f6ra Touren som avg\u00f6rs i \u00e5tta etapper mellan 23 och 30 juli i sommar.<\/p>\n<p>Karl Lima \u00e4r team manager hos COOP-Hitec Products, som \u00e4r ett UCI Professional Road Cycling Womens Team. S\u00e5 h\u00e4r s\u00e4ger Karl Lima till SCF.se ang\u00e5ende Jenny Rissveds p\u00e5skrift och planerna ang\u00e5ende Tour de France:<\/p>\n<blockquote><p>&#8221;Jag \u00e4r v\u00e4ldigt glad \u00f6ver att vi har f\u00e5tt knyta Jenny till oss. Vi k\u00e4nner Jennys bakgrund v\u00e4l och har f\u00f6ljt hennes karri\u00e4r. Jag har stor beundran f\u00f6r hur hon har hanterat sina problem och kommit tillbaka till toppen. Vi p\u00e5 Team COOP-Hitec Products har en \u00f6nskan att l\u00e5ta henne utvecklas i v\u00e5rt team, med full respekt f\u00f6r hennes MTB-engagemang. Hennes t\u00e4vlingsprogram \u00e4r \u00e4nnu inte fastst\u00e4llt. Hon kommer givetvis att vara en stark kandidat f\u00f6r att \u00e5ka Tour De France. Vi g\u00f6r en officiell uttagning senare i juni \u2013 har 16 cyklister i laget som alla vill vara med i detta storlopp.&#8221;<\/p><\/blockquote>\n<p>Touren har en raffinerande avslutning med f\u00f6rst en ren bergsetapp och s\u00e5 ett tempolopp runt Pau i Pyren\u00e9ernas nedre sluttningar.<\/p>\n<a href=\"https:\/\/scf.se\/landsvag\/wp-content\/uploads\/sites\/5\/2023\/05\/cd0ba.png\"><img loading=\"lazy\" decoding=\"async\" class=\"alignnone size-full wp-image-4123\" src=\"https:\/\/scf.se\/landsvag\/wp-content\/uploads\/sites\/5\/2023\/05\/cd0ba.png\" alt=\"\" width=\"1200\" height=\"1200\" srcset=\"https:\/\/scf.se\/landsvag\/wp-content\/uploads\/sites\/5\/2023\/05\/cd0ba.png 1200w, https:\/\/scf.se\/landsvag\/wp-content\/uploads\/sites\/5\/2023\/05\/cd0ba-300x300.png 300w, https:\/\/scf.se\/landsvag\/wp-content\/uploads\/sites\/5\/2023\/05\/cd0ba-1024x1024.png 1024w, https:\/\/scf.se\/landsvag\/wp-content\/uploads\/sites\/5\/2023\/05\/cd0ba-150x150.png 150w, https:\/\/scf.se\/landsvag\/wp-content\/uploads\/sites\/5\/2023\/05\/cd0ba-768x768.png 768w\" sizes=\"auto, (max-width: 1200px) 100vw, 1200px\" \/><\/a>\n<p>Bland lagen i \u00e5rets Tour de France f\u00f6r damer \u00e5terfinns<a href=\"https:\/\/www.letourfemmes.fr\/en\/overall-route\"><em><strong> f<\/strong><strong>lera andra team <\/strong><\/em><\/a>med duktiga svenska cyklister. Vi rapporterar givetvis fortl\u00f6pande n\u00e4r de officiella uppst\u00e4llningarna blir klara.<\/p>\n<p><em>Text: SCF<\/em><br \/>\n<em>Foto: Dalibor V\u00e1lek<br \/>\nGrafik: www.letourfemmes.fr<\/em><\/p>\n","protected":false},"excerpt":{"rendered":"<p>Team COOP-Hitec Products v\u00e4lkomnar Jenny Rissveds till sitt lag! Rissveds kommer \u00e4ven i forts\u00e4ttningen ha huvudfokus p\u00e5 MTB och Team 31. Nu tar hon ett stort steg \u00e4ven n\u00e4r det g\u00e4ller landsv\u00e4g d\u00e5 det norska proffslaget bland annat ska k\u00f6ra Tour de France, vilket Dagens Nyheter uppger att Jenny Rissveds satsar p\u00e5. Det norska<a href=\"https:\/\/scf.se\/landsvag\/klart-jenny-rissveds-ska-kora-for-norskt-team-nar-det-galler-landsvag\/\" class=\"news-card__more\"> &#8230;<\/a><\/p>\n","protected":false},"author":41,"featured_media":4120,"comment_status":"open","ping_status":"open","sticky":false,"template":"","format":"standard","meta":{"_acf_changed":false,"footnotes":""},"categories":[1],"tags":[],"class_list":["post-4118","post","type-post","status-publish","format-standard","hentry","category-landsvag"],"acf":[],"_links":{"self":[{"href":"https:\/\/scf.se\/landsvag\/wp-json\/wp\/v2\/posts\/4118","targetHints":{"allow":["GET"]}}],"collection":[{"href":"https:\/\/scf.se\/landsvag\/wp-json\/wp\/v2\/posts"}],"about":[{"href":"https:\/\/scf.se\/landsvag\/wp-json\/wp\/v2\/types\/post"}],"author":[{"embeddable":true,"href":"https:\/\/scf.se\/landsvag\/wp-json\/wp\/v2\/users\/41"}],"replies":[{"embeddable":true,"href":"https:\/\/scf.se\/landsvag\/wp-json\/wp\/v2\/comments?post=4118"}],"version-history":[{"count":0,"href":"https:\/\/scf.se\/landsvag\/wp-json\/wp\/v2\/posts\/4118\/revisions"}],"wp:featuredmedia":[{"embeddable":true,"href":"https:\/\/scf.se\/landsvag\/wp-json\/wp\/v2\/media\/4120"}],"wp:attachment":[{"href":"https:\/\/scf.se\/landsvag\/wp-json\/wp\/v2\/media?parent=4118"}],"wp:term":[{"taxonomy":"category","embeddable":true,"href":"https:\/\/scf.se\/landsvag\/wp-json\/wp\/v2\/categories?post=4118"},{"taxonomy":"post_tag","embeddable":true,"href":"https:\/\/scf.se\/landsvag\/wp-json\/wp\/v2\/tags?post=4118"}],"curies":[{"name":"wp","href":"https:\/\/api.w.org\/{rel}","templated":true}]}}