
{"id":4115,"date":"2023-05-29T19:59:42","date_gmt":"2023-05-29T17:59:42","guid":{"rendered":"http:\/\/scf.se\/landsvag\/?p=4115"},"modified":"2023-05-29T20:00:40","modified_gmt":"2023-05-29T18:00:40","slug":"frantzich-vann-tartus-grand-fondo-och-aven-forssell-pa-pallen-i-spurt","status":"publish","type":"post","link":"https:\/\/scf.se\/landsvag\/frantzich-vann-tartus-grand-fondo-och-aven-forssell-pa-pallen-i-spurt\/","title":{"rendered":"Frantzich vann Tartus Grand Fondo och \u00e4ven Forssell p\u00e5 pallen i spurt"},"content":{"rendered":"<p><strong>Det svenska landslaget i landsv\u00e4g valde att h\u00e4nga kvar i Taru f\u00f6r s\u00f6ndagens UCI Grand Fondo-race. Bel\u00f6ningen blev seger i f\u00f6r starka spurtaren Matilda Frantzich fr\u00e5n CK Ringen och en tredjeplats f\u00f6r CK Hymers Hugo Forssell.<\/strong><\/p>\n<p>&#8221;Fin spurt av Matilda Frantzich, hon \u00e4r en duktig spurtare. Och s\u00e5 hade Jakob S\u00f6derqvist ett riktigt fint uppdrag \u00e5t Hugo Forssell som var med och spurtade om segern han ocks\u00e5 och fick med sig en tredjeplats. Det h\u00e4r k\u00e4nns verkligen bra; cyklister som Hjalmar Klyver och Jakob S\u00f6derqvist har kommit in och bidragit till att vi har ett vasst U23-landslaget i \u00e5r&#8221;, s\u00e4ger assisterande f\u00f6rbundskaptenen Alexander Wetterhall.<\/p>\n<p>Klyver tappade n\u00e4stan en hel s\u00e4song p\u00e5 grund av postcorona och S\u00f6derqvist var fram till ett test med Team Svealand f\u00f6rra s\u00e4songen enbart MTB-cyklist.<\/p>\n<p>P\u00e5 damsidan ska noteras att Clara Lundmark foprtsatte att visa god form i Estland och var sexa.<\/p>\n<h3>Tartu Grand Fondo damsenior<\/h3>\n<ul>\n<li><strong>1 Matilda Frantzich<\/strong>, Sverige<\/li>\n<li>2<strong> Elisabeth Ebras<\/strong>, Estland<\/li>\n<li><strong>3 Elina Tasane<\/strong>, Estland<\/li>\n<li><strong>6 Clara Lundmark<\/strong>, Sverige<\/li>\n<li><strong>16 Tilde Hammarstr\u00f6m, <\/strong>Sverige<\/li>\n<li><strong>17 Karin S\u00f6derqvist<\/strong>, Sverige<\/li>\n<\/ul>\n<a href=\"https:\/\/scf.se\/landsvag\/wp-content\/uploads\/sites\/5\/2023\/05\/GFherr.jpg\"><img loading=\"lazy\" decoding=\"async\" class=\"alignnone size-full wp-image-4116\" src=\"https:\/\/scf.se\/landsvag\/wp-content\/uploads\/sites\/5\/2023\/05\/GFherr.jpg\" alt=\"\" width=\"1336\" height=\"1303\" srcset=\"https:\/\/scf.se\/landsvag\/wp-content\/uploads\/sites\/5\/2023\/05\/GFherr.jpg 1336w, https:\/\/scf.se\/landsvag\/wp-content\/uploads\/sites\/5\/2023\/05\/GFherr-300x293.jpg 300w, https:\/\/scf.se\/landsvag\/wp-content\/uploads\/sites\/5\/2023\/05\/GFherr-1024x999.jpg 1024w, https:\/\/scf.se\/landsvag\/wp-content\/uploads\/sites\/5\/2023\/05\/GFherr-768x749.jpg 768w\" sizes=\"auto, (max-width: 1336px) 100vw, 1336px\" \/><\/a>\n<h3>Tartu Grand Fondo herrsenior<\/h3>\n<ul>\n<li><strong>1 Norman Vahtra<\/strong>, Estland<\/li>\n<li><strong>2 Karl, Kurtis<\/strong>, Estland<\/li>\n<li><strong>3 Hugo Forssell<\/strong>, Sverige<\/li>\n<li><strong>13 Jakob S\u00f6derqvist<\/strong>, Sverige<\/li>\n<li><strong>16 Hjalmar Klyver,<\/strong> Sverige<\/li>\n<\/ul>\n<p><a href=\"https:\/\/championchip.ee\/results\/2358\"><em><strong>Hela resultatlistan H\u00c4R!<\/strong><\/em><\/a><\/p>\n<p><em>Text: Tomas Larsson\/SCF<br \/>\nFoto: SCF<\/em><\/p>\n<hr \/>\n<p><em><strong>Svenska Cykelf\u00f6rbundet \u00e4r stolta \u00f6ver att presentera v\u00e5ra samarbetspartners. Tack vare dessa fantastiska f\u00f6retag kan v\u00e5ra cyklister oftare ta sig l\u00e4ngre ut i v\u00e4rlden.<\/strong><\/em><\/p>\n<h2><a href=\"https:\/\/scf.se\/forbundet\/sponsorer\/\"><img loading=\"lazy\" decoding=\"async\" class=\"alignnone size-full wp-image-3872\" src=\"https:\/\/scf.se\/landsvag\/wp-content\/uploads\/sites\/5\/2023\/02\/LiggandeBannerNyheterHemsida2023.png\" alt=\"\" width=\"1200\" height=\"200\" srcset=\"https:\/\/scf.se\/landsvag\/wp-content\/uploads\/sites\/5\/2023\/02\/LiggandeBannerNyheterHemsida2023.png 1200w, https:\/\/scf.se\/landsvag\/wp-content\/uploads\/sites\/5\/2023\/02\/LiggandeBannerNyheterHemsida2023-300x50.png 300w, https:\/\/scf.se\/landsvag\/wp-content\/uploads\/sites\/5\/2023\/02\/LiggandeBannerNyheterHemsida2023-1024x171.png 1024w, https:\/\/scf.se\/landsvag\/wp-content\/uploads\/sites\/5\/2023\/02\/LiggandeBannerNyheterHemsida2023-768x128.png 768w\" sizes=\"auto, (max-width: 1200px) 100vw, 1200px\" \/><\/a><\/h2>\n","protected":false},"excerpt":{"rendered":"<p>Det svenska landslaget i landsv\u00e4g valde att h\u00e4nga kvar i Taru f\u00f6r s\u00f6ndagens UCI Grand Fondo-race. Bel\u00f6ningen blev seger i f\u00f6r starka spurtaren Matilda Frantzich fr\u00e5n CK Ringen och en tredjeplats f\u00f6r CK Hymers Hugo Forssell. &#8221;Fin spurt av Matilda Frantzich, hon \u00e4r en duktig spurtare. Och s\u00e5 hade Jakob S\u00f6derqvist ett riktigt fint<a href=\"https:\/\/scf.se\/landsvag\/frantzich-vann-tartus-grand-fondo-och-aven-forssell-pa-pallen-i-spurt\/\" class=\"news-card__more\"> &#8230;<\/a><\/p>\n","protected":false},"author":41,"featured_media":4117,"comment_status":"open","ping_status":"open","sticky":false,"template":"","format":"standard","meta":{"_acf_changed":false,"footnotes":""},"categories":[1],"tags":[],"class_list":["post-4115","post","type-post","status-publish","format-standard","hentry","category-landsvag"],"acf":[],"_links":{"self":[{"href":"https:\/\/scf.se\/landsvag\/wp-json\/wp\/v2\/posts\/4115","targetHints":{"allow":["GET"]}}],"collection":[{"href":"https:\/\/scf.se\/landsvag\/wp-json\/wp\/v2\/posts"}],"about":[{"href":"https:\/\/scf.se\/landsvag\/wp-json\/wp\/v2\/types\/post"}],"author":[{"embeddable":true,"href":"https:\/\/scf.se\/landsvag\/wp-json\/wp\/v2\/users\/41"}],"replies":[{"embeddable":true,"href":"https:\/\/scf.se\/landsvag\/wp-json\/wp\/v2\/comments?post=4115"}],"version-history":[{"count":0,"href":"https:\/\/scf.se\/landsvag\/wp-json\/wp\/v2\/posts\/4115\/revisions"}],"wp:featuredmedia":[{"embeddable":true,"href":"https:\/\/scf.se\/landsvag\/wp-json\/wp\/v2\/media\/4117"}],"wp:attachment":[{"href":"https:\/\/scf.se\/landsvag\/wp-json\/wp\/v2\/media?parent=4115"}],"wp:term":[{"taxonomy":"category","embeddable":true,"href":"https:\/\/scf.se\/landsvag\/wp-json\/wp\/v2\/categories?post=4115"},{"taxonomy":"post_tag","embeddable":true,"href":"https:\/\/scf.se\/landsvag\/wp-json\/wp\/v2\/tags?post=4115"}],"curies":[{"name":"wp","href":"https:\/\/api.w.org\/{rel}","templated":true}]}}