
{"id":4105,"date":"2023-05-28T08:22:58","date_gmt":"2023-05-28T06:22:58","guid":{"rendered":"http:\/\/scf.se\/landsvag\/?p=4105"},"modified":"2023-05-28T08:26:21","modified_gmt":"2023-05-28T06:26:21","slug":"jattefin-dag-i-estland-for-bagge-landslagen-klyver-i-vita-trojan","status":"publish","type":"post","link":"https:\/\/scf.se\/landsvag\/jattefin-dag-i-estland-for-bagge-landslagen-klyver-i-vita-trojan\/","title":{"rendered":"J\u00e4ttefin dag i Estland f\u00f6r b\u00e4gge landslagen \u2013 Klyver i vita tr\u00f6jan"},"content":{"rendered":"<p><strong>Det blev en fantastisk fin svenskdag under l\u00f6rdagen i estl\u00e4ndska Tartu. Herrarnas andra etapp i Tour of Estonia avslutades med att att det blev dubbelt svenskt i ungdomst\u00e4vlingen genom Hjalmar Klyver och Hugo Lennartsson samt att Hugo Forssell var fyra p\u00e5 etappen. D\u00e4rmed blev Sverige ocks\u00e5 tv\u00e5a i lagt\u00e4vlingen.<\/strong><\/p>\n<blockquote><p>&#8221;Grabbarna k\u00f6r riktigt bra i dag, det var KUL att se. Alla var p\u00e5 hugget&#8221;, s\u00e4ger f\u00f6rbundskaptenen Lucas Persson efter\u00e5t.<\/p><\/blockquote>\n<p>165 kilometer GP-lopp med 16 varv inne i Tartu med m\u00e5nga sv\u00e4ngar och bland annat en tuff kullerstensbacke var det som skulle avverkas. Knixigt och tekniskt\u00a0 med andra ord.<\/p>\n<a href=\"https:\/\/scf.se\/landsvag\/wp-content\/uploads\/sites\/5\/2023\/05\/ToE3start.jpg\"><img loading=\"lazy\" decoding=\"async\" class=\"alignnone size-full wp-image-4109\" src=\"https:\/\/scf.se\/landsvag\/wp-content\/uploads\/sites\/5\/2023\/05\/ToE3start.jpg\" alt=\"\" width=\"1170\" height=\"1223\" srcset=\"https:\/\/scf.se\/landsvag\/wp-content\/uploads\/sites\/5\/2023\/05\/ToE3start.jpg 1170w, https:\/\/scf.se\/landsvag\/wp-content\/uploads\/sites\/5\/2023\/05\/ToE3start-287x300.jpg 287w, https:\/\/scf.se\/landsvag\/wp-content\/uploads\/sites\/5\/2023\/05\/ToE3start-980x1024.jpg 980w, https:\/\/scf.se\/landsvag\/wp-content\/uploads\/sites\/5\/2023\/05\/ToE3start-768x803.jpg 768w\" sizes=\"auto, (max-width: 1170px) 100vw, 1170px\" \/><\/a>\n<p>Plus upplagt f\u00f6r en h\u00e4ndelserik andra och sista etapp. Det var en del sm\u00e5vurpor och mekaniska problem d\u00e5 cyklarna fick ta stryk p\u00e5 skumpig kullersten var liksom naturligt. Men de svenskar som r\u00e5kade ut f\u00f6r det kunde hela tiden ansluta.<\/p>\n<p>Tidigt var Hjalmar Klyver, som har en etappseger p\u00e5 Rhodos under v\u00e5rs\u00e4songen, aktiv och kom med i en utbrytning med sex \u00e5kare som fick upp emot minuten som mest.<\/p>\n<p>Men sju mil kvar blev det en riktigt fin grupp med runt 17 \u00e5kare varav hela fem svenskar. Snacka om slagl\u00e4ge, \u00e4ven om en del andra team och nationer givetvis inte var lika n\u00f6jda med det l\u00e4get och gjorde vad de kunde f\u00f6r att f\u00f6r\u00e4ndra det.<\/p>\n<a href=\"https:\/\/scf.se\/landsvag\/wp-content\/uploads\/sites\/5\/2023\/05\/ToE4ak.jpg\"><img loading=\"lazy\" decoding=\"async\" class=\"alignnone size-full wp-image-4108\" src=\"https:\/\/scf.se\/landsvag\/wp-content\/uploads\/sites\/5\/2023\/05\/ToE4ak.jpg\" alt=\"\" width=\"709\" height=\"480\" srcset=\"https:\/\/scf.se\/landsvag\/wp-content\/uploads\/sites\/5\/2023\/05\/ToE4ak.jpg 709w, https:\/\/scf.se\/landsvag\/wp-content\/uploads\/sites\/5\/2023\/05\/ToE4ak-300x203.jpg 300w\" sizes=\"auto, (max-width: 709px) 100vw, 709px\" \/><\/a>\n<blockquote><p>&#8221;Det var riktigt, riktigt bra k\u00f6rt och ett bra l\u00e4ge d\u00e4r de h\u00e5ller sig till planen och f\u00f6rs\u00f6ker spara Jakob S\u00f6derqvist (b\u00e4st chans i totalen) och Hugo Forssell (b\u00e4st chans i en spurt). Hugo Lennartsson, Eric Pedersen och Hjalmar Klyver tog lite mera ansvar i den gruppen. Det flyter p\u00e5 bra, men tyv\u00e4rr f\u00e5r Jakob S\u00f6derqvist mekaniska problem i det fina l\u00e4get. Hans v\u00e4xlar l\u00e4gger av helt&#8221;, f\u00f6rklarar Lucas Persson.<\/p><\/blockquote>\n<a href=\"https:\/\/scf.se\/landsvag\/wp-content\/uploads\/sites\/5\/2023\/05\/ToE5ak2.jpg\"><img loading=\"lazy\" decoding=\"async\" class=\"alignnone size-full wp-image-4107\" src=\"https:\/\/scf.se\/landsvag\/wp-content\/uploads\/sites\/5\/2023\/05\/ToE5ak2.jpg\" alt=\"\" width=\"2122\" height=\"1430\" srcset=\"https:\/\/scf.se\/landsvag\/wp-content\/uploads\/sites\/5\/2023\/05\/ToE5ak2.jpg 2122w, https:\/\/scf.se\/landsvag\/wp-content\/uploads\/sites\/5\/2023\/05\/ToE5ak2-300x202.jpg 300w, https:\/\/scf.se\/landsvag\/wp-content\/uploads\/sites\/5\/2023\/05\/ToE5ak2-1024x690.jpg 1024w, https:\/\/scf.se\/landsvag\/wp-content\/uploads\/sites\/5\/2023\/05\/ToE5ak2-768x518.jpg 768w, https:\/\/scf.se\/landsvag\/wp-content\/uploads\/sites\/5\/2023\/05\/ToE5ak2-1536x1035.jpg 1536w, https:\/\/scf.se\/landsvag\/wp-content\/uploads\/sites\/5\/2023\/05\/ToE5ak2-2048x1380.jpg 2048w\" sizes=\"auto, (max-width: 2122px) 100vw, 2122px\" \/><\/a>\n<p>Elv\u00e4xlar utan str\u00f6m med andra ord och S\u00f6derqvist m\u00e5ste byta till reservcykel. Fr\u00e5n slagl\u00e4ge till klungan f\u00f6r Jakob. Hans chanser f\u00f6rsvann d\u00e4r.<\/p>\n<p>Det danska teamet Restaurant Suri &#8211; Carl Ras ordnade en dubbelseger d\u00e5 Rasmus B\u00f8gh Wallin ordnade en liten lucka efter en attack med tre kilometer kvar. Mathias Larsen vann spurten om andraplatsen. Inte l\u00e5ngt efter var Hugo Forssell, som k\u00f6rde bra i Tour of Estonia \u00e4ven f\u00f6rra s\u00e4songen och nu slutade fyra p\u00e5 den andra etappen.<\/p>\n<blockquote><p>&#8221;Med Rasmus B\u00f8gh Wallins ryck blev det ju lite stolpe ut.\u00a0 Men det var \u00e4nd\u00e5 riktigt bra k\u00f6rt f\u00f6r Hugo Forssell, som ocks\u00e5 gjorde det bra i spurten. P\u00e5 den f\u00f6rsta prelimin\u00e4ra resultatlistan var Hugo tv\u00e5a, men han hamnar allts\u00e5 p\u00e5 fj\u00e4rde. Det var v\u00e4ldigt tajt med tre cyklister p\u00e5 bredd.&#8221;<\/p><\/blockquote>\n<a href=\"https:\/\/scf.se\/landsvag\/wp-content\/uploads\/sites\/5\/2023\/05\/Hugo111.jpg\"><img loading=\"lazy\" decoding=\"async\" class=\"alignnone size-full wp-image-4113\" src=\"https:\/\/scf.se\/landsvag\/wp-content\/uploads\/sites\/5\/2023\/05\/Hugo111.jpg\" alt=\"\" width=\"467\" height=\"916\" srcset=\"https:\/\/scf.se\/landsvag\/wp-content\/uploads\/sites\/5\/2023\/05\/Hugo111.jpg 467w, https:\/\/scf.se\/landsvag\/wp-content\/uploads\/sites\/5\/2023\/05\/Hugo111-153x300.jpg 153w\" sizes=\"auto, (max-width: 467px) 100vw, 467px\" \/><\/a>\n<p>Tv\u00e5 bonusingredienser med den fina laginsatsen var svensk dubbelseger i ungdomst\u00e4vlingen, d\u00e4r den s\u00e5 aktive Hjalmar Klyver var den som vann, samt andraplats i lagt\u00e4vlingen.<\/p>\n<a href=\"https:\/\/scf.se\/landsvag\/wp-content\/uploads\/sites\/5\/2023\/05\/ToE2pall.jpg\"><img loading=\"lazy\" decoding=\"async\" class=\"alignnone size-full wp-image-4110\" src=\"https:\/\/scf.se\/landsvag\/wp-content\/uploads\/sites\/5\/2023\/05\/ToE2pall.jpg\" alt=\"\" width=\"1556\" height=\"1983\" srcset=\"https:\/\/scf.se\/landsvag\/wp-content\/uploads\/sites\/5\/2023\/05\/ToE2pall.jpg 1556w, https:\/\/scf.se\/landsvag\/wp-content\/uploads\/sites\/5\/2023\/05\/ToE2pall-235x300.jpg 235w, https:\/\/scf.se\/landsvag\/wp-content\/uploads\/sites\/5\/2023\/05\/ToE2pall-804x1024.jpg 804w, https:\/\/scf.se\/landsvag\/wp-content\/uploads\/sites\/5\/2023\/05\/ToE2pall-768x979.jpg 768w, https:\/\/scf.se\/landsvag\/wp-content\/uploads\/sites\/5\/2023\/05\/ToE2pall-1205x1536.jpg 1205w\" sizes=\"auto, (max-width: 1556px) 100vw, 1556px\" \/><\/a>\n<h3>S\u00e5 slutade herrarnas andra etapp<\/h3>\n<ul>\n<li><strong>1 Rasmus B\u00f8gh Wallin<\/strong>, Danmark 3.54.53<\/li>\n<li>2 <strong>Mathias Larsen<\/strong>, Danmark +0.17<\/li>\n<li><strong>3 Matias Malmberg,<\/strong> Danmark +0.17<\/li>\n<li><strong>4 Hugo Forssell<\/strong>, Sverige +0.17<\/li>\n<li><strong>11 Hjalmar Klyver<\/strong>, Sverige +0.18<\/li>\n<li><strong>14 Hugo Lennartsson<\/strong>, Sverige +0.39<\/li>\n<li><strong>16 Eric Pedersen<\/strong>, Sverige +0.40<\/li>\n<li><strong>36 Jakob S\u00f6derqvist<\/strong>, Sverige +2.56<\/li>\n<li><strong>52 Acke Dahlblom,<\/strong> Sverige +8.35<\/li>\n<li><strong>53 Edvin Lovidius<\/strong>, Sverige +8.35<\/li>\n<\/ul>\n<h3>Totalen i Tour of Estonia<\/h3>\n<ul>\n<li><strong>1 Rasmus B\u00f8gh Wallin<\/strong>, Danmark<\/li>\n<li><strong>10 Hjalmar Klyver<\/strong>, Sverige<\/li>\n<li><strong>11 Hugo Forssell<\/strong>, Sverige<\/li>\n<li><strong>14 Hugo Lennartsson<\/strong>, Sverige<\/li>\n<li><strong>33 Jakob S\u00f6derqvist<\/strong>, Sverige<\/li>\n<li><strong>43 Eric Pedersen<\/strong>, Sverige<\/li>\n<li><strong>50 <\/strong><strong>Edvin Lovidius<\/strong>, Sverige<\/li>\n<li><strong>51 Acke Dahlblom,<\/strong> Sverige<\/li>\n<\/ul>\n<p>Ungdomst\u00e4vlingen i Tour of Estonia<\/p>\n<h3><\/h3>\n<h3>* * *<\/h3>\n<a href=\"https:\/\/scf.se\/landsvag\/wp-content\/uploads\/sites\/5\/2023\/05\/Damerna1.jpg\"><img loading=\"lazy\" decoding=\"async\" class=\"alignnone size-full wp-image-4106\" src=\"https:\/\/scf.se\/landsvag\/wp-content\/uploads\/sites\/5\/2023\/05\/Damerna1.jpg\" alt=\"\" width=\"783\" height=\"791\" srcset=\"https:\/\/scf.se\/landsvag\/wp-content\/uploads\/sites\/5\/2023\/05\/Damerna1.jpg 783w, https:\/\/scf.se\/landsvag\/wp-content\/uploads\/sites\/5\/2023\/05\/Damerna1-297x300.jpg 297w, https:\/\/scf.se\/landsvag\/wp-content\/uploads\/sites\/5\/2023\/05\/Damerna1-768x776.jpg 768w\" sizes=\"auto, (max-width: 783px) 100vw, 783px\" \/><\/a>\n<h2>Svenska damlaget satte f\u00e4rg p\u00e5 endagarsloppet<\/h2>\n<p><strong>Det svenska damlaget satte f\u00e4rg p\u00e5 Tour of Estonias endagarslopp. Efter offensiv k\u00f6rning hela loppet sattes Clara Lundmark upp i en bra position f\u00f6r att spurta om andraplatsen. Lundmark slutade femma i linjeloppet. <\/strong><\/p>\n<p>Det svenska laget var med p\u00e5 de flera utbrytningar under det 104 kilometer l\u00e5nga linjeloppet som avslutades med tv\u00e5 av herrarnas GP-varv.<\/p>\n<p>Svenska landslaget tog stort ansvar och vid ett avg\u00f6rande skede i loppet s\u00e5g tv\u00e5 till att anslutatill en 13 cyklister stor grupp. D\u00e5 gick den ukrainska cyklisten Olga Shekel loss och solovann.<\/p>\n<p>Men tre av kvartetten som startade i det svenska laget topp elva \u00e4r STARKT k\u00f6rt. Tilde Hammarstr\u00f6m slutade nia, Karin S\u00f6derqvist 11:a och Matilda Frantzich p\u00e5 plats 17.<\/p>\n<blockquote><p>\u201dTjejerna gjorde det riktigt bra. Vi hade faktiskt bud p\u00e5 \u00e4nnu lite mera, men tar med oss en topp fem i bagaget hem &#8211; bra erfarenheter i r\u00e4tt konkurrens f\u00f6r att kunna vara med och t\u00e4vla p\u00e5 allvar och d\u00e4rmed utvecklas\u201d, s\u00e4ger assisterande f\u00f6rbundskaptenen Alexander Wetterhall.<\/p><\/blockquote>\n<h3>Damerna endagarslopp i Tour of Estonia<\/h3>\n<ul>\n<li><strong>1 Olga Shekel,<\/strong> Ukraina 2.44.35<\/li>\n<li><strong>2 Kathrin Schweinberger,<\/strong> \u00d6sterrike +0.46<\/li>\n<li><strong>3 Sandra Kristel Soonik,<\/strong> Estland 0.46<\/li>\n<li><strong>4 Lotta Henttala,<\/strong> Finland 0.46<\/li>\n<li><strong>5 Clara Lundmark<\/strong>, Sverige +0.46<\/li>\n<li><strong>9 Tilde Hammarstr\u00f6m, <\/strong>Sverige +0.47<\/li>\n<li><strong>11 Karin S\u00f6derqvist<\/strong>, Sverige +0.47<\/li>\n<li><strong>17 Matilda Frantzich<\/strong>, Sverige +3.17<\/li>\n<\/ul>\n<p><a href=\"https:\/\/www.procyclingstats.com\/race\/ladies-tour-of-estonia\/2023\/result\"><em><strong>Hela resultatlistan h\u00e4r!<\/strong><\/em><\/a><\/p>\n<p><em>Text: Tomas Larsson\/SCF<br \/>\nFoto: SCF<\/em><\/p>\n<hr \/>\n<p><em><strong>Svenska Cykelf\u00f6rbundet \u00e4r stolta \u00f6ver att presentera v\u00e5ra samarbetspartners. Tack vare dessa fantastiska f\u00f6retag kan v\u00e5ra cyklister oftare ta sig l\u00e4ngre ut i v\u00e4rlden.<\/strong><\/em><\/p>\n<h2><a href=\"https:\/\/scf.se\/forbundet\/sponsorer\/\"><img loading=\"lazy\" decoding=\"async\" class=\"alignnone size-full wp-image-3872\" src=\"https:\/\/scf.se\/landsvag\/wp-content\/uploads\/sites\/5\/2023\/02\/LiggandeBannerNyheterHemsida2023.png\" alt=\"\" width=\"1200\" height=\"200\" srcset=\"https:\/\/scf.se\/landsvag\/wp-content\/uploads\/sites\/5\/2023\/02\/LiggandeBannerNyheterHemsida2023.png 1200w, https:\/\/scf.se\/landsvag\/wp-content\/uploads\/sites\/5\/2023\/02\/LiggandeBannerNyheterHemsida2023-300x50.png 300w, https:\/\/scf.se\/landsvag\/wp-content\/uploads\/sites\/5\/2023\/02\/LiggandeBannerNyheterHemsida2023-1024x171.png 1024w, https:\/\/scf.se\/landsvag\/wp-content\/uploads\/sites\/5\/2023\/02\/LiggandeBannerNyheterHemsida2023-768x128.png 768w\" sizes=\"auto, (max-width: 1200px) 100vw, 1200px\" \/><\/a><\/h2>\n","protected":false},"excerpt":{"rendered":"<p>Det blev en fantastisk fin svenskdag under l\u00f6rdagen i estl\u00e4ndska Tartu. Herrarnas andra etapp i Tour of Estonia avslutades med att att det blev dubbelt svenskt i ungdomst\u00e4vlingen genom Hjalmar Klyver och Hugo Lennartsson samt att Hugo Forssell var fyra p\u00e5 etappen. D\u00e4rmed blev Sverige ocks\u00e5 tv\u00e5a i lagt\u00e4vlingen. &#8221;Grabbarna k\u00f6r riktigt bra i<a href=\"https:\/\/scf.se\/landsvag\/jattefin-dag-i-estland-for-bagge-landslagen-klyver-i-vita-trojan\/\" class=\"news-card__more\"> &#8230;<\/a><\/p>\n","protected":false},"author":41,"featured_media":4111,"comment_status":"open","ping_status":"open","sticky":false,"template":"","format":"standard","meta":{"_acf_changed":false,"footnotes":""},"categories":[1],"tags":[],"class_list":["post-4105","post","type-post","status-publish","format-standard","hentry","category-landsvag"],"acf":[],"_links":{"self":[{"href":"https:\/\/scf.se\/landsvag\/wp-json\/wp\/v2\/posts\/4105","targetHints":{"allow":["GET"]}}],"collection":[{"href":"https:\/\/scf.se\/landsvag\/wp-json\/wp\/v2\/posts"}],"about":[{"href":"https:\/\/scf.se\/landsvag\/wp-json\/wp\/v2\/types\/post"}],"author":[{"embeddable":true,"href":"https:\/\/scf.se\/landsvag\/wp-json\/wp\/v2\/users\/41"}],"replies":[{"embeddable":true,"href":"https:\/\/scf.se\/landsvag\/wp-json\/wp\/v2\/comments?post=4105"}],"version-history":[{"count":0,"href":"https:\/\/scf.se\/landsvag\/wp-json\/wp\/v2\/posts\/4105\/revisions"}],"wp:featuredmedia":[{"embeddable":true,"href":"https:\/\/scf.se\/landsvag\/wp-json\/wp\/v2\/media\/4111"}],"wp:attachment":[{"href":"https:\/\/scf.se\/landsvag\/wp-json\/wp\/v2\/media?parent=4105"}],"wp:term":[{"taxonomy":"category","embeddable":true,"href":"https:\/\/scf.se\/landsvag\/wp-json\/wp\/v2\/categories?post=4105"},{"taxonomy":"post_tag","embeddable":true,"href":"https:\/\/scf.se\/landsvag\/wp-json\/wp\/v2\/tags?post=4105"}],"curies":[{"name":"wp","href":"https:\/\/api.w.org\/{rel}","templated":true}]}}