
{"id":4101,"date":"2023-05-26T16:34:46","date_gmt":"2023-05-26T14:34:46","guid":{"rendered":"http:\/\/scf.se\/landsvag\/?p=4101"},"modified":"2023-05-26T17:03:29","modified_gmt":"2023-05-26T15:03:29","slug":"soderqvist-basta-svensk-efter-tuff-etapp-tre-till-ar-med-i-totalen","status":"publish","type":"post","link":"https:\/\/scf.se\/landsvag\/soderqvist-basta-svensk-efter-tuff-etapp-tre-till-ar-med-i-totalen\/","title":{"rendered":"S\u00f6derqvist b\u00e4sta svensk efter tuff etapp \u2013 tre till \u00e4r med i totalen"},"content":{"rendered":"<p><strong>Det var en l\u00e4ngdm\u00e4ssigt mastig etapp mellan Tallinn och Tartu som stod p\u00e5 programmet under den f\u00f6rsta etappen av Tour of Estonia. Det svenska laget hade just innan m\u00e5l ett lite b\u00e4ttre l\u00e4ge f\u00f6r\u00a0Jakob S\u00f6derqvist \u00e4n 20:e plats 17 sekunder efter etappsegraren. Men s\u00e5v\u00e4l Hjalmar Klyver, Hugo Lennartsson och Hugo Forssell \u00e4r ocks\u00e5 spelbara inom 32 sekunder fr\u00e5n ledning p\u00e5 den knixiga slutetappen.\u00a0<\/strong><\/p>\n<p>Det var hela 193 kilometer som skulle avverkas, \u00f6verkomliga knappa 800 h\u00f6jdmeter \u2013 men addera 13,5 kilometer masterstart i b\u00f6rjan och vi har gott och v\u00e4l en 20-milare h\u00e4r. Plus kantvind mer eller mindre hela dagen!<\/p>\n<blockquote><p>&#8221;Det var en riktigt tuff etapp d\u00e4r ju \u00f6ver 20 mil skulle k\u00f6ras. Det sprack av i klungan flera g\u00e5nger i kantvinden och det bildades sm\u00e5grupper som stack i v\u00e4g&#8221;, s\u00e4ger Lucas Persson.<\/p><\/blockquote>\n<p>Det svenska laget hade exempelvis Eric Pedersen loss, men den g\u00e5ngen blev det bara tv\u00e5 cyklister i utbrytningen.<\/p>\n<p>N\u00e4r det sedan kom i v\u00e4g en farlig utbrytning p\u00e5 sex cyklister kom det order fr\u00e5n den svenska f\u00f6ljebilen att f\u00f6rs\u00f6ka antingen g\u00e5 upp och k\u00f6ra flera cyklister eller ansluta med en eller tv\u00e5. Det blev det senare som lyckades med Jakob S\u00f6derqvist, som f\u00f6r en m\u00e5nad sedan vann en etapp i Frankrike, och Hugo Lennartsson. H\u00e4r fanns det slagl\u00e4ge f\u00f6r det svenska laget!<\/p>\n<blockquote><p>&#8221;Ja, med tretton man i den starka gruppen och b\u00e5de Hugo och Jakob med s\u00e5 var det v\u00e4ldigt bra&#8221;, inflikar Lucas.<\/p><\/blockquote>\n<p>Den hade 40 sekunder innan det blev panikjakt i klungan och rej\u00e4lt tufft f\u00f6r de som inte l\u00e5g h\u00f6gt upp d\u00e4r i kantvinden. Men alla attacker gjorde att det blev samlat igen med 20 kilometer kvar, med m\u00e5nga tr\u00f6tta ben.<\/p>\n<a href=\"https:\/\/scf.se\/landsvag\/wp-content\/uploads\/sites\/5\/2023\/05\/ToES2.jpg\"><img loading=\"lazy\" decoding=\"async\" class=\"alignnone size-full wp-image-4103\" src=\"https:\/\/scf.se\/landsvag\/wp-content\/uploads\/sites\/5\/2023\/05\/ToES2.jpg\" alt=\"\" width=\"1148\" height=\"1280\" srcset=\"https:\/\/scf.se\/landsvag\/wp-content\/uploads\/sites\/5\/2023\/05\/ToES2.jpg 1148w, https:\/\/scf.se\/landsvag\/wp-content\/uploads\/sites\/5\/2023\/05\/ToES2-269x300.jpg 269w, https:\/\/scf.se\/landsvag\/wp-content\/uploads\/sites\/5\/2023\/05\/ToES2-918x1024.jpg 918w, https:\/\/scf.se\/landsvag\/wp-content\/uploads\/sites\/5\/2023\/05\/ToES2-768x856.jpg 768w\" sizes=\"auto, (max-width: 1148px) 100vw, 1148px\" \/><\/a>\n<blockquote><p>&#8221;Killarna gjorde ett bra jobb p\u00e5 slutet \u00e4ven om det inte r\u00e4ckte \u00e4nda fram. Laget satte upp Jakob i en bra position. Han l\u00e5g l\u00e4nge bra till och k\u00e4mpade p\u00e5 bra med krispiga ben efter det tuffa loppet \u00e4ven om han f\u00f6ll tillbaka lite till 20:e plats&#8221;, s\u00e4ger Lucas Persson.<\/p><\/blockquote>\n<p>Inget riktigt toppl\u00e4ge men liksom Hjalmar Klyver, Hugo Lennartsson och Hugo Forssell \u00e4r Jakob S\u00f6derqvist med inf\u00f6r slutetappen.<\/p>\n<p>Teamet Maloja Pushbikers dom inerade slutskedet av loppet och kom in som etta och tv\u00e5a genom lika m\u00e5nga duktiga cyklister fr\u00e5n Italien och Nederl\u00e4nderna.<\/p>\n<h3>S\u00e5 slutade f\u00f6rsta etappen p\u00e5 Tour of Estonia<\/h3>\n<ul>\n<li><strong>1 Filippo Fortin<\/strong>, Italien\u00a0 \u00a04.09.35<\/li>\n<li><strong>2 Markus Pajur,<\/strong> Estland +0.02<\/li>\n<li><strong>3 Roy Eefting-Bloem,<\/strong> Nederl\u00e4nderna +0.04<\/li>\n<li><strong>20 Jakob S\u00f6derqvist<\/strong>, Sverige +0.17<\/li>\n<li><strong>28 Hjalmar Klyver<\/strong>, Sverige +0.21<\/li>\n<li><strong>32 Hugo Lennartsson<\/strong>, Sverige +0.22<\/li>\n<li><strong>40 Hugo Forssell<\/strong>, Sverige +0.32<\/li>\n<li><strong>54 Eric Pedersen<\/strong>, Sverige +6.20<\/li>\n<li><strong>56 Edvin Lovidius<\/strong>, Sverige +6.47<\/li>\n<li><strong>59 Acke Dahlblom,<\/strong> Sverige +7.34<\/li>\n<\/ul>\n<a href=\"https:\/\/scf.se\/landsvag\/wp-content\/uploads\/sites\/5\/2023\/05\/ToE3.jpg\"><img loading=\"lazy\" decoding=\"async\" class=\"alignnone size-full wp-image-4102\" src=\"https:\/\/scf.se\/landsvag\/wp-content\/uploads\/sites\/5\/2023\/05\/ToE3.jpg\" alt=\"\" width=\"1927\" height=\"1439\" srcset=\"https:\/\/scf.se\/landsvag\/wp-content\/uploads\/sites\/5\/2023\/05\/ToE3.jpg 1927w, https:\/\/scf.se\/landsvag\/wp-content\/uploads\/sites\/5\/2023\/05\/ToE3-300x224.jpg 300w, https:\/\/scf.se\/landsvag\/wp-content\/uploads\/sites\/5\/2023\/05\/ToE3-1024x765.jpg 1024w, https:\/\/scf.se\/landsvag\/wp-content\/uploads\/sites\/5\/2023\/05\/ToE3-768x574.jpg 768w, https:\/\/scf.se\/landsvag\/wp-content\/uploads\/sites\/5\/2023\/05\/ToE3-1536x1147.jpg 1536w\" sizes=\"auto, (max-width: 1927px) 100vw, 1927px\" \/><\/a>\n<p>Under l\u00f6rdagen \u00e4r det GP-lopp med ett tiokilometersvarv och totalt 165 kilometer med start och m\u00e5l i Tartu som g\u00e4ller f\u00f6r det svenska herrlaget d\u00e4r med andra ord fyra cyklister \u00e4r med och g\u00f6r upp om en bra placering i totalen.<\/p>\n<blockquote><p>&#8221;Bara att ta nya tag. Det ska bli en riktigt trevlig cykeldag inne i Tartu med m\u00e5nga sv\u00e4ngar, kullersten och n\u00e5gra branta sm\u00e5backar&#8221;,. s\u00e4ger Lucas Persson.<\/p><\/blockquote>\n<p><a href=\"https:\/\/www.procyclingstats.com\/race\/tour-of-estonia\/2023\/stage-1\"><em><strong>Alla resultat f\u00f6r herrarnas Tour of Estonia hittar ni h\u00e4r!<\/strong><\/em><\/a><\/p>\n<p>N\u00e4r de svenska damerna g\u00f6r entr\u00e9 p\u00e5 Tour of Estonia f\u00f6r ett endagarslopp \u00e4r det drygt 104 kilometer som g\u00e4ller med start och m\u00e5l i Tallinn d\u00e4r herrarnas GP-slinga anv\u00e4nds till tv\u00e5 slutvarv.<\/p>\n<h3>Svenska damlaget i Tour of Estonia<\/h3>\n<ul>\n<li><strong>Karin S\u00f6derqvist<\/strong>, Lifeplus-Wahoo \/ Motala AIF<\/li>\n<li><strong>Tilde Hammarstr\u00f6m<\/strong>, Awol O\u00b4Shea \/ Vincents Cycling Club<\/li>\n<li><strong>Matilda Frantzich<\/strong>, CK Ringen<\/li>\n<li><strong>Clara Lundmark<\/strong>, GT Krush Tunap Pro \/ Norbergs CK<\/li>\n<\/ul>\n<p><a href=\"https:\/\/www.procyclingstats.com\/race\/ladies-tour-of-estonia\/2023\/result\"><em><strong>Alla resultat f\u00f6r damernas Tour of Estonia-lopp hittar ni h\u00e4r p\u00e5\u00a0 tidig l\u00f6rdagseftermiddag!<\/strong><\/em><\/a><\/p>\n<p><em>Text: Tomas Larsson\/SCF<br \/>\nFoto: SCF<\/em><\/p>\n<hr \/>\n<p><em><strong>Svenska Cykelf\u00f6rbundet \u00e4r stolta \u00f6ver att presentera v\u00e5ra samarbetspartners. Tack vare dessa fantastiska f\u00f6retag kan v\u00e5ra cyklister oftare ta sig l\u00e4ngre ut i v\u00e4rlden.<\/strong><\/em><\/p>\n<h2><a href=\"https:\/\/scf.se\/forbundet\/sponsorer\/\"><img loading=\"lazy\" decoding=\"async\" class=\"alignnone size-full wp-image-3872\" src=\"https:\/\/scf.se\/landsvag\/wp-content\/uploads\/sites\/5\/2023\/02\/LiggandeBannerNyheterHemsida2023.png\" alt=\"\" width=\"1200\" height=\"200\" srcset=\"https:\/\/scf.se\/landsvag\/wp-content\/uploads\/sites\/5\/2023\/02\/LiggandeBannerNyheterHemsida2023.png 1200w, https:\/\/scf.se\/landsvag\/wp-content\/uploads\/sites\/5\/2023\/02\/LiggandeBannerNyheterHemsida2023-300x50.png 300w, https:\/\/scf.se\/landsvag\/wp-content\/uploads\/sites\/5\/2023\/02\/LiggandeBannerNyheterHemsida2023-1024x171.png 1024w, https:\/\/scf.se\/landsvag\/wp-content\/uploads\/sites\/5\/2023\/02\/LiggandeBannerNyheterHemsida2023-768x128.png 768w\" sizes=\"auto, (max-width: 1200px) 100vw, 1200px\" \/><\/a><\/h2>\n","protected":false},"excerpt":{"rendered":"<p>Det var en l\u00e4ngdm\u00e4ssigt mastig etapp mellan Tallinn och Tartu som stod p\u00e5 programmet under den f\u00f6rsta etappen av Tour of Estonia. Det svenska laget hade just innan m\u00e5l ett lite b\u00e4ttre l\u00e4ge f\u00f6r\u00a0Jakob S\u00f6derqvist \u00e4n 20:e plats 17 sekunder efter etappsegraren. Men s\u00e5v\u00e4l Hjalmar Klyver, Hugo Lennartsson och Hugo Forssell \u00e4r ocks\u00e5 spelbara<a href=\"https:\/\/scf.se\/landsvag\/soderqvist-basta-svensk-efter-tuff-etapp-tre-till-ar-med-i-totalen\/\" class=\"news-card__more\"> &#8230;<\/a><\/p>\n","protected":false},"author":41,"featured_media":4104,"comment_status":"open","ping_status":"open","sticky":false,"template":"","format":"standard","meta":{"_acf_changed":false,"footnotes":""},"categories":[1],"tags":[],"class_list":["post-4101","post","type-post","status-publish","format-standard","hentry","category-landsvag"],"acf":[],"_links":{"self":[{"href":"https:\/\/scf.se\/landsvag\/wp-json\/wp\/v2\/posts\/4101","targetHints":{"allow":["GET"]}}],"collection":[{"href":"https:\/\/scf.se\/landsvag\/wp-json\/wp\/v2\/posts"}],"about":[{"href":"https:\/\/scf.se\/landsvag\/wp-json\/wp\/v2\/types\/post"}],"author":[{"embeddable":true,"href":"https:\/\/scf.se\/landsvag\/wp-json\/wp\/v2\/users\/41"}],"replies":[{"embeddable":true,"href":"https:\/\/scf.se\/landsvag\/wp-json\/wp\/v2\/comments?post=4101"}],"version-history":[{"count":0,"href":"https:\/\/scf.se\/landsvag\/wp-json\/wp\/v2\/posts\/4101\/revisions"}],"wp:featuredmedia":[{"embeddable":true,"href":"https:\/\/scf.se\/landsvag\/wp-json\/wp\/v2\/media\/4104"}],"wp:attachment":[{"href":"https:\/\/scf.se\/landsvag\/wp-json\/wp\/v2\/media?parent=4101"}],"wp:term":[{"taxonomy":"category","embeddable":true,"href":"https:\/\/scf.se\/landsvag\/wp-json\/wp\/v2\/categories?post=4101"},{"taxonomy":"post_tag","embeddable":true,"href":"https:\/\/scf.se\/landsvag\/wp-json\/wp\/v2\/tags?post=4101"}],"curies":[{"name":"wp","href":"https:\/\/api.w.org\/{rel}","templated":true}]}}