
{"id":4091,"date":"2023-05-22T13:38:20","date_gmt":"2023-05-22T11:38:20","guid":{"rendered":"http:\/\/scf.se\/landsvag\/?p=4091"},"modified":"2023-05-22T13:41:15","modified_gmt":"2023-05-22T11:41:15","slug":"intressant-svensk-damkvartett-redo-for-endagarslopp-under-tour-of-estonia","status":"publish","type":"post","link":"https:\/\/scf.se\/landsvag\/intressant-svensk-damkvartett-redo-for-endagarslopp-under-tour-of-estonia\/","title":{"rendered":"Intressant svensk damkvartett redo f\u00f6r endagarslopp p\u00e5 Tour of Estonia"},"content":{"rendered":"<p><strong>Det kommer p\u00e5 kort varsel gl\u00e4djande nog \u00e4ven att bli en uppdrag f\u00f6r damlandslaget under Tour of Estonia. Nu \u00e4r en kvartett uttagen och klar till endagsloppet den 27 maj<\/strong>.<\/p>\n<p>Tour of Estonia ritas om en del till 2023. I etapploppet f\u00f6r herrar stryks fredagens tempoprolog och i st\u00e4llet blir det tv\u00e5 etapper, varav den f\u00f6rsta 26 maj \u00e4r \u00f6ver mastiga 193 kilometer mellan Taru och Tallinn.<\/p>\n<p>N\u00e4r de svenska damerna g\u00f6r entr\u00e9 p\u00e5 t\u00e4vlingen \u00e4r det drygt 104 kilometer som g\u00e4ller med start och m\u00e5l i Tallinn.<\/p>\n<h3>Svenska damlaget i Tour of Estonia<\/h3>\n<ul>\n<li><strong>Karin S\u00f6derqvist<\/strong>, Lifeplus-Wahoo \/ Motala AIF<\/li>\n<li><strong>Tilde Hammarstr\u00f6m<\/strong>, Awol O\u00b4Shea \/ Vincents Cycling Club<\/li>\n<li><strong>Matilda Frantzich<\/strong>, CK Ringen<\/li>\n<li><strong>Clara Lundmark<\/strong>, GT Krush Tunap Pro \/ Norbergs CK<\/li>\n<\/ul>\n<p>Det blir en ledarkvartett runt laget best\u00e5ende av f\u00f6rbundskaptensduon Lucas Persson och Alexander Wetterhall, Martin Eckervad i rollen som soigneur och mekanikern Thomas Beijer.<\/p>\n<h3>H\u00e4r \u00e4r det svenska herrlaget<\/h3>\n<ul>\n<li>Hjalmar Klyver, Team IBT-Tripeak<\/li>\n<li>Edvin Lovidius, CC Etupes \/ S\u00f6dert\u00e4lje CK<\/li>\n<li>Hugo Lennartsson, AVC Aix-en-Provence \/ Mariestadcyklisten<\/li>\n<li>Eric Pedersen, Motala AIF Serneke Allebike<\/li>\n<li>Acke Dahlblom, Motala AIF Serneke Allebike<\/li>\n<li>Hugo Forssell, CK Hymer<\/li>\n<\/ul>\n<p><em>Text: SCF<br \/>\nFoto: Dalibor V\u00e1lek<\/em><\/p>\n<hr \/>\n<p><em><strong>Svenska Cykelf\u00f6rbundet \u00e4r stolta \u00f6ver att presentera v\u00e5ra samarbetspartners. Tack vare dessa fantastiska f\u00f6retag kan v\u00e5ra cyklister oftare ta sig l\u00e4ngre ut i v\u00e4rlden.<\/strong><\/em><\/p>\n<h2><a href=\"https:\/\/scf.se\/forbundet\/sponsorer\/\"><img loading=\"lazy\" decoding=\"async\" class=\"alignnone size-full wp-image-3872\" src=\"https:\/\/scf.se\/landsvag\/wp-content\/uploads\/sites\/5\/2023\/02\/LiggandeBannerNyheterHemsida2023.png\" alt=\"\" width=\"1200\" height=\"200\" srcset=\"https:\/\/scf.se\/landsvag\/wp-content\/uploads\/sites\/5\/2023\/02\/LiggandeBannerNyheterHemsida2023.png 1200w, https:\/\/scf.se\/landsvag\/wp-content\/uploads\/sites\/5\/2023\/02\/LiggandeBannerNyheterHemsida2023-300x50.png 300w, https:\/\/scf.se\/landsvag\/wp-content\/uploads\/sites\/5\/2023\/02\/LiggandeBannerNyheterHemsida2023-1024x171.png 1024w, https:\/\/scf.se\/landsvag\/wp-content\/uploads\/sites\/5\/2023\/02\/LiggandeBannerNyheterHemsida2023-768x128.png 768w\" sizes=\"auto, (max-width: 1200px) 100vw, 1200px\" \/><\/a><\/h2>\n","protected":false},"excerpt":{"rendered":"<p>Det kommer p\u00e5 kort varsel gl\u00e4djande nog \u00e4ven att bli en uppdrag f\u00f6r damlandslaget under Tour of Estonia. Nu \u00e4r en kvartett uttagen och klar till endagsloppet den 27 maj. Tour of Estonia ritas om en del till 2023. I etapploppet f\u00f6r herrar stryks fredagens tempoprolog och i st\u00e4llet blir det tv\u00e5 etapper, varav<a href=\"https:\/\/scf.se\/landsvag\/intressant-svensk-damkvartett-redo-for-endagarslopp-under-tour-of-estonia\/\" class=\"news-card__more\"> &#8230;<\/a><\/p>\n","protected":false},"author":41,"featured_media":4092,"comment_status":"open","ping_status":"open","sticky":false,"template":"","format":"standard","meta":{"_acf_changed":false,"footnotes":""},"categories":[1],"tags":[],"class_list":["post-4091","post","type-post","status-publish","format-standard","hentry","category-landsvag"],"acf":[],"_links":{"self":[{"href":"https:\/\/scf.se\/landsvag\/wp-json\/wp\/v2\/posts\/4091","targetHints":{"allow":["GET"]}}],"collection":[{"href":"https:\/\/scf.se\/landsvag\/wp-json\/wp\/v2\/posts"}],"about":[{"href":"https:\/\/scf.se\/landsvag\/wp-json\/wp\/v2\/types\/post"}],"author":[{"embeddable":true,"href":"https:\/\/scf.se\/landsvag\/wp-json\/wp\/v2\/users\/41"}],"replies":[{"embeddable":true,"href":"https:\/\/scf.se\/landsvag\/wp-json\/wp\/v2\/comments?post=4091"}],"version-history":[{"count":0,"href":"https:\/\/scf.se\/landsvag\/wp-json\/wp\/v2\/posts\/4091\/revisions"}],"wp:featuredmedia":[{"embeddable":true,"href":"https:\/\/scf.se\/landsvag\/wp-json\/wp\/v2\/media\/4092"}],"wp:attachment":[{"href":"https:\/\/scf.se\/landsvag\/wp-json\/wp\/v2\/media?parent=4091"}],"wp:term":[{"taxonomy":"category","embeddable":true,"href":"https:\/\/scf.se\/landsvag\/wp-json\/wp\/v2\/categories?post=4091"},{"taxonomy":"post_tag","embeddable":true,"href":"https:\/\/scf.se\/landsvag\/wp-json\/wp\/v2\/tags?post=4091"}],"curies":[{"name":"wp","href":"https:\/\/api.w.org\/{rel}","templated":true}]}}