
{"id":4084,"date":"2023-05-15T14:58:39","date_gmt":"2023-05-15T12:58:39","guid":{"rendered":"http:\/\/scf.se\/landsvag\/?p=4084"},"modified":"2023-05-17T15:59:46","modified_gmt":"2023-05-17T13:59:46","slug":"hymerseger-i-tufft-drama-i-herrelit-nar-swe-cup-3-och-4-avgjordes","status":"publish","type":"post","link":"https:\/\/scf.se\/landsvag\/hymerseger-i-tufft-drama-i-herrelit-nar-swe-cup-3-och-4-avgjordes\/","title":{"rendered":"Hymerseger i tufft drama i herrelit n\u00e4r SWE Cup #3 och #4 avgjordes"},"content":{"rendered":"<p><strong>Giro Himledalen\u00a0bj\u00f6d p\u00e5 b\u00e5de SWE Cup i tempo och linjelopp i helgen. Det blev fina och tuffa t\u00e4vlingar, med start- och m\u00e5lomr\u00e5de vid Sk\u00e4llingeg\u00e5rden utanf\u00f6r Varberg. \u00c5kstarka Ebba Grankvist och spurtstarka Matilda Frantzich vann\u00a0 respektive damlopp medan Jacob Ahlsson var b\u00e4ste svensk i tempo och Victor Hillerstr\u00f6m Rundh vann linjedramat i herrelit.<\/strong><\/p>\n<p>Det gick v\u00e4ldigt fort i juniorernas \u2013 och de seniorer som inte k\u00f6r elit \u2013 linjelopp p\u00e5 s\u00f6ndagen. Topptrion summerade exakt snitthastigheten 41,34 kilometer i timmen p\u00e5 de tv\u00e5 sexmilsvarven.<\/p>\n<blockquote><p>&#8221;Ja, det gick riktigt snabbt och p\u00e5 andra varvet gick det iv\u00e4g en tolvmannagrupp, med nio juniorer \u2013 och alla de b\u00e4sta just nu var med i den&#8221;, rapporterar f\u00f6rbundskaptenen Lucas Persson som var p\u00e5 plats under s\u00f6ndagens t\u00e4vlingar.<\/p><\/blockquote>\n<p>Det blir riktigt sp\u00e4nnande p\u00e5 slutet.<\/p>\n<blockquote><p>&#8221;Utbrytningen har l\u00e4nge ungef\u00e4r en minut och h\u00e5ller n\u00e4stan undan. Men n\u00e4r det \u00e4r en kilometer kvar \u00e4r klungan i stort sett i kapp n\u00e4r det dras upp spurt och \u00e4nd\u00e5 fem som har varit loss g\u00f6r upp om det. Alfred Oldin \u00e4r starkast i spurten, s\u00e5 det g\u00f6r han bra&#8221;, s\u00e4ger Lucas Persson.<\/p><\/blockquote>\n<a href=\"https:\/\/scf.se\/landsvag\/wp-content\/uploads\/sites\/5\/2023\/05\/SWE-Cup1.jpg\"><img loading=\"lazy\" decoding=\"async\" class=\"alignnone size-full wp-image-4087\" src=\"https:\/\/scf.se\/landsvag\/wp-content\/uploads\/sites\/5\/2023\/05\/SWE-Cup1.jpg\" alt=\"\" width=\"998\" height=\"807\" srcset=\"https:\/\/scf.se\/landsvag\/wp-content\/uploads\/sites\/5\/2023\/05\/SWE-Cup1.jpg 998w, https:\/\/scf.se\/landsvag\/wp-content\/uploads\/sites\/5\/2023\/05\/SWE-Cup1-300x243.jpg 300w, https:\/\/scf.se\/landsvag\/wp-content\/uploads\/sites\/5\/2023\/05\/SWE-Cup1-768x621.jpg 768w\" sizes=\"auto, (max-width: 998px) 100vw, 998px\" \/><\/a>\n<h3>SWE Cup #4 linjelopp junior\/senior<\/h3>\n<ol>\n<li>Alfred Oldin, J\u00f6nk\u00f6pings CK 2.54.09<\/li>\n<li>Linus Larsson, Staffanstorp CK +0<\/li>\n<li>Gabriel Kihl, Borl\u00e4nge CK +0<\/li>\n<li>Paul Greijus, L\u00e4nna Sport CK +0.02<\/li>\n<li>Teodor de Luca, CK Ringen +0.04<\/li>\n<li>Tord Alenljung, Skoghalls CK &#8211; Hammar\u00f6 +0.04<\/li>\n<\/ol>\n<p>Damerna k\u00f6rde ocks\u00e5 tv\u00e5 varv och d\u00e4r var det 15 och de 23 startande som skulle vara med och g\u00f6ra upp om det. H\u00e4r ska vi notera inslag fr\u00e5n Island och s\u00e5 norskan Marthe R\u00f6dsgaard.<\/p>\n<h2><\/h2>\n<a href=\"https:\/\/scf.se\/landsvag\/wp-content\/uploads\/sites\/5\/2023\/05\/SWE-Cup3.jpg\"><img loading=\"lazy\" decoding=\"async\" class=\"alignnone size-full wp-image-4085\" src=\"https:\/\/scf.se\/landsvag\/wp-content\/uploads\/sites\/5\/2023\/05\/SWE-Cup3.jpg\" alt=\"\" width=\"1069\" height=\"1053\" srcset=\"https:\/\/scf.se\/landsvag\/wp-content\/uploads\/sites\/5\/2023\/05\/SWE-Cup3.jpg 1069w, https:\/\/scf.se\/landsvag\/wp-content\/uploads\/sites\/5\/2023\/05\/SWE-Cup3-300x296.jpg 300w, https:\/\/scf.se\/landsvag\/wp-content\/uploads\/sites\/5\/2023\/05\/SWE-Cup3-1024x1009.jpg 1024w, https:\/\/scf.se\/landsvag\/wp-content\/uploads\/sites\/5\/2023\/05\/SWE-Cup3-768x757.jpg 768w\" sizes=\"auto, (max-width: 1069px) 100vw, 1069px\" \/><\/a>\n<h2>Matilda Frantzich tog ny spurtseger i SWE Cup<\/h2>\n<p>Matilda Frantzich har s\u00e5 m\u00e5nga g\u00e5nger visat att hon \u00e4r vass i den h\u00e4r typen av loppscenarion och det var aldrig n\u00e5got snack om saken i spurten.<\/p>\n<p>CK Ringen-cyklisten, som var tv\u00e5a p\u00e5 kortdistans-SM i Link\u00f6ping och kommer tillh\u00f6ra favoriterna i Ume\u00e5, vann med tv\u00e5 sekunder n\u00e4rmast f\u00f6re CK \u00d6resunds Sofie Rosencrantz.<\/p>\n<h3>SWE Cup #4 linjelopp damer<\/h3>\n<ol>\n<li>Matilda Frantzich, CK Ringen 3.56.18<\/li>\n<li>Sofie Rosencrantz, CK \u00d6resund +0.02<\/li>\n<li>Martina Nilsson, Bistro Cycling Club +0.02<\/li>\n<li>Ebba Granqvist, Motala AIF CK +0.02<\/li>\n<li>Alma Johansson, M\u00f6lndals CK +0.02<\/li>\n<li>Maja Johansson, Stockholm CK +0.05<\/li>\n<\/ol>\n<p>&nbsp;<\/p>\n<h2>Hillerstr\u00f6m Rundh vann spurtdrama mellan tre med krispiga ben<\/h2>\n<p>F\u00f6r herrelit var det tre varv som g\u00e4llde och en klassisk 18-milare med andra ord. Med 750 h\u00f6jdmeter att ta p\u00e5 varje varv blev det en tuff t\u00e4vling med lite regnskurar som st\u00f6rde s\u00f6ndagens finv\u00e4der.<\/p>\n<p>Det var med andra ord upplagt f\u00f6r en tidig utbrytning och en s\u00e5dan kom. Fem cyklister hade som mest drygt tre minuter till klungan.<\/p>\n<blockquote><p>&#8221;De \u00e4r till sist v\u00e4ldigt krispiga i den gruppen, v\u00e4ldigt tr\u00f6tta \u2013 men de har fortfarande tre minuter med tv\u00e5 mil kvar n\u00e4r man b\u00f6rjar attackera i gruppen. Det \u00e4r TR\u00d6TTA killar som attackerar, h\u00e4mtar in varandra, attackerar igen och h\u00e4mtar in. Det \u00e4r v\u00e4ldigt underh\u00e5llande att se p\u00e5&#8221;, beskriver Lucas Persson skeendet fr\u00e5n sin f\u00f6ljebil n\u00e4r loppet hade g\u00e5tt in i ett skarpt l\u00e4ge.<\/p><\/blockquote>\n<p>Ingen lyckas g\u00e5 loss men tv\u00e5 svenskar och en dansk har i alla fall skaffat sig l\u00e4ge f\u00f6r att g\u00f6ra upp om det i en grupp p\u00e5 tre. Det \u00e4r Victor Hillerstr\u00f6m Rundh, Jimmy Carlsson och Noah Borgen Morell.<\/p>\n<p>Till sist skiljer det bara n\u00e5gon centimeter mellan segraren Hillerstr\u00f6m Rundh och tv\u00e5an Carlsson.<\/p>\n<blockquote><p>&#8221;En mycket sp\u00e4nnande, underh\u00e5llande och det blev \u00f6verhuvudtaget mycket bra cykelt\u00e4vlingar p\u00e5 en fin bana i fin terr\u00e4ng denna s\u00f6ndag&#8221;, sammanfattar Lucas Persson.<\/p><\/blockquote>\n<h3>SWE Cup #4 linjelopp herrar elit<\/h3>\n<ol>\n<li>Victor Hillerstr\u00f6m Rundh, CK Hymer 4.23.06<\/li>\n<li>Jimmy Carlsson, B\u00e5lsta CK +0<\/li>\n<li>Noah Borgen Morell, Team IBT-Tripeak +0.15<\/li>\n<li>Johan Lindvall, CK Ringen, +1.19<\/li>\n<li>Albin St\u00e5lberg, Ryska Posten SK +2.16<\/li>\n<li>Fredrik Davidsen, Sydkystens Cycling +2.16<\/li>\n<\/ol>\n<p>&nbsp;<\/p>\n<h2>Ahlsson och Grankvist starka i l\u00f6rdagens tempo<\/h2>\n<h3><a href=\"https:\/\/scf.se\/landsvag\/wp-content\/uploads\/sites\/5\/2022\/06\/TORSDAG-SM-Ahlsson.jpg\"><img loading=\"lazy\" decoding=\"async\" class=\"alignnone size-full wp-image-3441\" src=\"https:\/\/scf.se\/landsvag\/wp-content\/uploads\/sites\/5\/2022\/06\/TORSDAG-SM-Ahlsson.jpg\" alt=\"\" width=\"1604\" height=\"1295\" srcset=\"https:\/\/scf.se\/landsvag\/wp-content\/uploads\/sites\/5\/2022\/06\/TORSDAG-SM-Ahlsson.jpg 1604w, https:\/\/scf.se\/landsvag\/wp-content\/uploads\/sites\/5\/2022\/06\/TORSDAG-SM-Ahlsson-300x242.jpg 300w, https:\/\/scf.se\/landsvag\/wp-content\/uploads\/sites\/5\/2022\/06\/TORSDAG-SM-Ahlsson-1024x827.jpg 1024w, https:\/\/scf.se\/landsvag\/wp-content\/uploads\/sites\/5\/2022\/06\/TORSDAG-SM-Ahlsson-768x620.jpg 768w, https:\/\/scf.se\/landsvag\/wp-content\/uploads\/sites\/5\/2022\/06\/TORSDAG-SM-Ahlsson-1536x1240.jpg 1536w\" sizes=\"auto, (max-width: 1604px) 100vw, 1604px\" \/><\/a><\/h3>\n<p>I l\u00f6rdagens tempolopp kan vi konstatera att EM-elvan i tempo, Jacob Ahlsson, som inte finns med i Motalas contiteam d\u00e5 han skulle trappa ner den h\u00e4r s\u00e4songen blev b\u00e4sta svensk i herrelit:<\/p>\n<h3>SWE Cup #3 tempo herrar elit<\/h3>\n<ol>\n<li>Martin Toft Madsen,\u00a0 PL Beton Bornholm 33.13,10<\/li>\n<li>Jacob Ahlsson,\u00a0Motala AIF CK 34.30,33<\/li>\n<li>Hugo Forssell, CK Hymer 34.55,04<\/li>\n<\/ol>\n<p>Bland damerna gjorde Ebba Grankvist ett fint tempolopp p\u00e5 Gracia Orlov\u00e1 tour och visade igen att hon \u00e4r stark. Fin lopp av junioren Ella Wahlstr\u00f6m.<\/p>\n<h3>SWE Cup #3 tempo damer<\/h3>\n<ol>\n<li>Ebba Grankvist, Motala AIF CK 40.17,15<\/li>\n<li>Bianca Christiansen, Amager Cykle Ring 42.09,24<\/li>\n<li>Ella Wahlstr\u00f6m, Motala AIF CK 42.30,98<\/li>\n<\/ol>\n<p>P\u00e5 juniorsidan har Borl\u00e4nges Ivan \u00c5str\u00f6m visat \u00e5kstyrka den h\u00e4r s\u00e4songen och han vann l\u00f6rdagens tempo f\u00f6r juniorlandslagskompisarna Gustav Magnusson och Ville Merl\u00f6v.<\/p>\n<h3>SWE Cup #3 tempo junior\/senior<\/h3>\n<ol>\n<li>Ivan \u00c5str\u00f6m, Borl\u00e4nge CK 37.09,08<\/li>\n<li>Gustav Magnusson, J\u00f6nk\u00f6pings CK 37.30,27<\/li>\n<li>Ville Merl\u00f6v, Team Bach Advokater CEC Junior 37.33,75<\/li>\n<\/ol>\n<p>I SWE Cup-totalen \u00e4r det tredubbelt CK Hymer just nu i herrelit. Hugo Forssell toppar.<\/p>\n<p>I damklassen \u00e4r det Ebba Grankvist f\u00f6re Matilda Frantzich efter fyra delt\u00e4vlingar. Bland damjuniorerna \u00e4r det j\u00e4mnt i toppen d\u00e5 de b\u00e4gge Motala AIF-cyklisterna Ella Wahlstr\u00f6m och Erika Ingves b\u00e5da har 37 po\u00e4ng.<\/p>\n<p>I herrar junior\/senior \u00e4r det Ivan \u00c5str\u00f6m som toppar, n\u00e4rmast f\u00f6re Linus Larsson och Alfred Oldin.<\/p>\n<p>&nbsp;<\/p>\n<h2>Nilsson, \u00c5lsj\u00f6 och Ekman starka i \u00e4ldsta ungdomsklassen<\/h2>\n<p>SWE Cup \u00e4r ocks\u00e5 observationst\u00e4vling n\u00e4r det g\u00e4ller uttagning inf\u00f6r Europaungdoms-OS, eller som det heter internationellt European Youth Olympics Festival (EYOF). I grundplanen ska Sverige skicka tv\u00e5 killar och lika m\u00e5nga tjejer i landsv\u00e4g och SWE Cup \u00e4r bara v\u00e4gledande.<\/p>\n<p>I F15\u201316 var det tv\u00e5 allroundkunniga tjejer som imponerade; Elinore Nilsson vann linjeloppet f\u00f6re Elin \u00c5lsj\u00f6 och det var en imponerande snitthastighet p\u00e5 37 kilometer i timmen. I tempot var ordningen den omv\u00e4nda.<\/p>\n<p>I P15\u201316 vann starke Vilmer Ekman en spurtseger i en utbrytargrupp med fem cyklister. Ekman var ocks\u00e5 starkast i l\u00f6rdagens tempo.<\/p>\n<h2>SWE Cup landsv\u00e4g 2023<\/h2>\n<ul>\n<li><strong>Delt\u00e4vling 1<\/strong>: 22 april, Kinnekulle Energi-loppet.<br \/>\n<a href=\"https:\/\/scf.se\/landsvag\/wp-content\/uploads\/sites\/5\/2023\/04\/ResKinnekulleEnergi.pdf\"><strong><em>Resultat, delt\u00e4vling 1.<\/em><\/strong><\/a><\/li>\n<li><strong>Delt\u00e4vling 2:<\/strong> 1 maj Ringenloppet, utanf\u00f6r Malm\u00f6.<br \/>\n<a href=\"https:\/\/scf.se\/landsvag\/wp-content\/uploads\/sites\/5\/2023\/05\/resRingeloppet.pdf\"><strong><em>Resultat, delt\u00e4vling 2.<\/em><\/strong><\/a><\/li>\n<li><strong>Delt\u00e4vling 3:<\/strong> 13 maj, Giro Himledalen, Varberg, tempo. <a href=\"https:\/\/www.sportstiming.se\/event\/12400\"><em><strong>Resultat, delt\u00e4vling 3.<\/strong><\/em><\/a><\/li>\n<li><strong>Delt\u00e4vling 4:<\/strong> 14 maj, Giro Himledalen, Varberg, linjelopp. <a href=\"https:\/\/www.sportstiming.se\/event\/12401\/results\"><em><strong>Resultat, delt\u00e4vling 4.<\/strong><\/em><\/a><br \/>\n<a href=\"https:\/\/www.sportstiming.se\/event\/12401\/points\"><em><strong>Totalst\u00e4llning efter fyra delt\u00e4vlingar.<\/strong><\/em><\/a><\/li>\n<li><strong>Delt\u00e4vling 5:<\/strong>\u00a0 4 juni Nationaldagsloppet, Stockholm. <a href=\"https:\/\/www.sportstiming.se\/event\/12574\"><em><strong>Anm\u00e4lan och mera info.<\/strong><\/em><\/a><\/li>\n<li><strong>Delt\u00e4vling 6:<\/strong> 25\u201327 augusti. Totalen i Svanesunds 3-dagars (prolog, GP, linjelopp och tempo).<\/li>\n<\/ul>\n<p><em>Text och foto: Svenska Cykelf\u00f6rbundet<\/em><\/p>\n<hr \/>\n<p><em><strong>Svenska Cykelf\u00f6rbundet \u00e4r stolta \u00f6ver att presentera v\u00e5ra samarbetspartners. Tack vare dessa fantastiska f\u00f6retag kan v\u00e5ra cyklister oftare ta sig l\u00e4ngre ut i v\u00e4rlden.<\/strong><\/em><\/p>\n<h2><a href=\"https:\/\/scf.se\/forbundet\/sponsorer\/\"><img loading=\"lazy\" decoding=\"async\" class=\"alignnone size-full wp-image-3872\" src=\"https:\/\/scf.se\/landsvag\/wp-content\/uploads\/sites\/5\/2023\/02\/LiggandeBannerNyheterHemsida2023.png\" alt=\"\" width=\"1200\" height=\"200\" srcset=\"https:\/\/scf.se\/landsvag\/wp-content\/uploads\/sites\/5\/2023\/02\/LiggandeBannerNyheterHemsida2023.png 1200w, https:\/\/scf.se\/landsvag\/wp-content\/uploads\/sites\/5\/2023\/02\/LiggandeBannerNyheterHemsida2023-300x50.png 300w, https:\/\/scf.se\/landsvag\/wp-content\/uploads\/sites\/5\/2023\/02\/LiggandeBannerNyheterHemsida2023-1024x171.png 1024w, https:\/\/scf.se\/landsvag\/wp-content\/uploads\/sites\/5\/2023\/02\/LiggandeBannerNyheterHemsida2023-768x128.png 768w\" sizes=\"auto, (max-width: 1200px) 100vw, 1200px\" \/><\/a><\/h2>\n","protected":false},"excerpt":{"rendered":"<p>Giro Himledalen\u00a0bj\u00f6d p\u00e5 b\u00e5de SWE Cup i tempo och linjelopp i helgen. Det blev fina och tuffa t\u00e4vlingar, med start- och m\u00e5lomr\u00e5de vid Sk\u00e4llingeg\u00e5rden utanf\u00f6r Varberg. \u00c5kstarka Ebba Grankvist och spurtstarka Matilda Frantzich vann\u00a0 respektive damlopp medan Jacob Ahlsson var b\u00e4ste svensk i tempo och Victor Hillerstr\u00f6m Rundh vann linjedramat i herrelit. Det gick<a href=\"https:\/\/scf.se\/landsvag\/hymerseger-i-tufft-drama-i-herrelit-nar-swe-cup-3-och-4-avgjordes\/\" class=\"news-card__more\"> &#8230;<\/a><\/p>\n","protected":false},"author":41,"featured_media":4086,"comment_status":"open","ping_status":"open","sticky":false,"template":"","format":"standard","meta":{"_acf_changed":false,"footnotes":""},"categories":[1],"tags":[],"class_list":["post-4084","post","type-post","status-publish","format-standard","hentry","category-landsvag"],"acf":[],"_links":{"self":[{"href":"https:\/\/scf.se\/landsvag\/wp-json\/wp\/v2\/posts\/4084","targetHints":{"allow":["GET"]}}],"collection":[{"href":"https:\/\/scf.se\/landsvag\/wp-json\/wp\/v2\/posts"}],"about":[{"href":"https:\/\/scf.se\/landsvag\/wp-json\/wp\/v2\/types\/post"}],"author":[{"embeddable":true,"href":"https:\/\/scf.se\/landsvag\/wp-json\/wp\/v2\/users\/41"}],"replies":[{"embeddable":true,"href":"https:\/\/scf.se\/landsvag\/wp-json\/wp\/v2\/comments?post=4084"}],"version-history":[{"count":0,"href":"https:\/\/scf.se\/landsvag\/wp-json\/wp\/v2\/posts\/4084\/revisions"}],"wp:featuredmedia":[{"embeddable":true,"href":"https:\/\/scf.se\/landsvag\/wp-json\/wp\/v2\/media\/4086"}],"wp:attachment":[{"href":"https:\/\/scf.se\/landsvag\/wp-json\/wp\/v2\/media?parent=4084"}],"wp:term":[{"taxonomy":"category","embeddable":true,"href":"https:\/\/scf.se\/landsvag\/wp-json\/wp\/v2\/categories?post=4084"},{"taxonomy":"post_tag","embeddable":true,"href":"https:\/\/scf.se\/landsvag\/wp-json\/wp\/v2\/tags?post=4084"}],"curies":[{"name":"wp","href":"https:\/\/api.w.org\/{rel}","templated":true}]}}