
{"id":4070,"date":"2023-05-09T14:21:16","date_gmt":"2023-05-09T12:21:16","guid":{"rendered":"http:\/\/scf.se\/landsvag\/?p=4070"},"modified":"2023-05-09T14:42:24","modified_gmt":"2023-05-09T12:42:24","slug":"nordic-youth-challenge-for-tjejer-15-18-under-tour-of-scandinavia","status":"publish","type":"post","link":"https:\/\/scf.se\/landsvag\/nordic-youth-challenge-for-tjejer-15-18-under-tour-of-scandinavia\/","title":{"rendered":"Nordic Youth Challenge f\u00f6r tjejer 15\u201318 \u00e5r under Tour of Scandinavia"},"content":{"rendered":"<p><strong>Tour of Scandinavia kommer nu med ett riktigt fint erbjudande till svenska cykeltjejer i \u00e5ldersspannet 15\u201318 \u00e5r. Det g\u00e4ller deltagande i ett GP-lopp i Halden, Nordic Youth Challenge, med gratis \u00f6vernattning och att f\u00e5 inspireras av att f\u00f6lja flera etapper av det stora dametapploppet\u00a0 p\u00e5 plats.<\/strong><\/p>\n<p>J\u00f6rn Michalsen som har engagerats som t\u00e4vlingsledare f\u00f6r Nordic Youth Challenge ber\u00e4ttar att det r\u00f6r sig om ett GP-lopp f\u00f6r tjejer i Halden den 22 augusti. De inbjudna deltagarna \u00e4r fr\u00e5n Norge, Sverige, Danmark och Finland ska vara f\u00f6dda 2005\u20132008.<\/p>\n<p>T\u00e4vlingen g\u00e5r samtidigt som Tour of Scandinavia-etappen uppifr\u00e5n Mysen till Halden n\u00e4ra den svenska gr\u00e4nsen och Str\u00f6mstad.<\/p>\n<blockquote><p>&#8221;F\u00f6rutom cykling kommer deltagarna att ha m\u00f6jlighet att vara med p\u00e5 sidoevenemang den 21 augusti och afterbike den 22 augusti. De f\u00e5r \u00e4ven se sprinten den 22 augusti och kan f\u00f6lja etappen fr\u00e5n Tanumstrand till Str\u00f6mstad den 23 augusti. Hela programmet inklusive boende och mat \u00e4r gratis&#8221;, s\u00e4ger J\u00f6rn Michalsen.<\/p><\/blockquote>\n<p>Det \u00e4r ingen t\u00e4vlingshets och elitt\u00e4nkande; enda villkoret f\u00f6r att f\u00e5 delta \u00e4r att vara medlem i en klubb och ha licens.<\/p>\n<blockquote><p>&#8221;Tour of Scandinavia \u00e4r m\u00e5na om att \u00f6ka rekryteringen till cykling bland tjejer och hoppas att denna \u00e5tg\u00e4rd ska bidra till \u00f6kad uppm\u00e4rksamhet och samarbete mellan de nordiska l\u00e4nderna. Vi bjuder in till en trygg resa utan prestationskrav, som samtidigt ger upplevelser som vi hoppas ska bidra till att inspirera till att forts\u00e4tta med aktiv cykling&#8221;, s\u00e4ger Roy Moberg, general manager f\u00f6r Tour of Scandinavia.<\/p><\/blockquote>\n<p>Inf\u00f6r loppet i Halden kommer f\u00f6re detta proffscyklisten Emilie Moberg att anordna gemensamma tr\u00e4ningspass f\u00f6r tjejer i de aktuella \u00e5ldersklasserna.<\/p>\n<ul>\n<li><a href=\"https:\/\/lm.battleofthenorth.eu\/2023\/05\/tour-of-scandinavia-med-drommeopplegg-for-sykkeljenter\/\"><strong><em>L\u00e4s mera mycket mera om uppl\u00e4gget med inbjudan och anm\u00e4lningsblankett H\u00c4R!<\/em><\/strong><\/a><\/li>\n<\/ul>\n<p><em>Text: SCF och Tour of Scandinavia<\/em><br \/>\n<em>Foto: Tor Buckholm\/@eventfotografene<\/em><\/p>\n<p>&nbsp;<\/p>\n","protected":false},"excerpt":{"rendered":"<p>Tour of Scandinavia kommer nu med ett riktigt fint erbjudande till svenska cykeltjejer i \u00e5ldersspannet 15\u201318 \u00e5r. Det g\u00e4ller deltagande i ett GP-lopp i Halden, Nordic Youth Challenge, med gratis \u00f6vernattning och att f\u00e5 inspireras av att f\u00f6lja flera etapper av det stora dametapploppet\u00a0 p\u00e5 plats. J\u00f6rn Michalsen som har engagerats som t\u00e4vlingsledare f\u00f6r<a href=\"https:\/\/scf.se\/landsvag\/nordic-youth-challenge-for-tjejer-15-18-under-tour-of-scandinavia\/\" class=\"news-card__more\"> &#8230;<\/a><\/p>\n","protected":false},"author":41,"featured_media":4071,"comment_status":"open","ping_status":"open","sticky":false,"template":"","format":"standard","meta":{"_acf_changed":false,"footnotes":""},"categories":[1],"tags":[],"class_list":["post-4070","post","type-post","status-publish","format-standard","hentry","category-landsvag"],"acf":[],"_links":{"self":[{"href":"https:\/\/scf.se\/landsvag\/wp-json\/wp\/v2\/posts\/4070","targetHints":{"allow":["GET"]}}],"collection":[{"href":"https:\/\/scf.se\/landsvag\/wp-json\/wp\/v2\/posts"}],"about":[{"href":"https:\/\/scf.se\/landsvag\/wp-json\/wp\/v2\/types\/post"}],"author":[{"embeddable":true,"href":"https:\/\/scf.se\/landsvag\/wp-json\/wp\/v2\/users\/41"}],"replies":[{"embeddable":true,"href":"https:\/\/scf.se\/landsvag\/wp-json\/wp\/v2\/comments?post=4070"}],"version-history":[{"count":0,"href":"https:\/\/scf.se\/landsvag\/wp-json\/wp\/v2\/posts\/4070\/revisions"}],"wp:featuredmedia":[{"embeddable":true,"href":"https:\/\/scf.se\/landsvag\/wp-json\/wp\/v2\/media\/4071"}],"wp:attachment":[{"href":"https:\/\/scf.se\/landsvag\/wp-json\/wp\/v2\/media?parent=4070"}],"wp:term":[{"taxonomy":"category","embeddable":true,"href":"https:\/\/scf.se\/landsvag\/wp-json\/wp\/v2\/categories?post=4070"},{"taxonomy":"post_tag","embeddable":true,"href":"https:\/\/scf.se\/landsvag\/wp-json\/wp\/v2\/tags?post=4070"}],"curies":[{"name":"wp","href":"https:\/\/api.w.org\/{rel}","templated":true}]}}