
{"id":3990,"date":"2023-04-27T18:10:22","date_gmt":"2023-04-27T16:10:22","guid":{"rendered":"http:\/\/scf.se\/landsvag\/?p=3990"},"modified":"2023-04-28T09:01:13","modified_gmt":"2023-04-28T07:01:13","slug":"jenny-rissveds-och-emilia-fahlin-bada-pa-pallen-efter-forsta-etappen","status":"publish","type":"post","link":"https:\/\/scf.se\/landsvag\/jenny-rissveds-och-emilia-fahlin-bada-pa-pallen-efter-forsta-etappen\/","title":{"rendered":"Jenny Rissveds och Emilia Fahlin b\u00e5da p\u00e5 pallen efter f\u00f6rsta etappen"},"content":{"rendered":"<p><strong>Under torsdagen avverkades den f\u00f6rsta etappen p\u00e5\u00a0<\/strong><strong>Gracia Orlov\u00e1 tour i Tjeckien med fem etapper \u00f6ver fyra dagar, 27\u201330 april. Jenny Rissveds slutade tv\u00e5a och Emilia Fahlin trea p\u00e5 den r\u00e4tt kuperade 104 kilometer l\u00e5nga f\u00f6rsta etappen!\u00a0<\/strong><\/p>\n<blockquote>\n<div class=\"xdj266r x11i5rnm xat24cr x1mh8g0r x1vvkbs x126k92a\">\u201dDe krigade p\u00e5 j\u00e4kligt bra hela g\u00e4nget. Det \u00e4r taggade tjejer h\u00e4r i Tjeckien\u201d, s\u00e4ger assisterande f\u00f6rbundskaptenen Alexander Wetterhall.<\/div>\n<\/blockquote>\n<p>MTB-v\u00e4rldsstj\u00e4rnan Jenny Rissveds var totaltv\u00e5a med en etappseger i f\u00f6rra \u00e5rets Gracia Orlov\u00e1 tour, som var det f\u00f6rsta internationella seniorloppet som landsv\u00e4gscyklist.<\/p>\n<p>Nu tillh\u00f6r hon f\u00f6rhandsfavoriterna och levererade direkt. Emilia Fahlin, som vann detta etapplopp 2018, fanns med p\u00e5 placeringen bakom. Och det var en v\u00e4ldigt fin laginsats som b\u00e4ddade f\u00f6r detta.<\/p>\n<p>Det var fem stycken bergspris och tv\u00e5 bonusspurter under den f\u00f6rsta t\u00e4vlingsdagen.<\/p>\n<blockquote><p>&#8221;Det sl\u00e4ppte folk vid bergsprisen och de flesta kom tillbaka igen och ansl\u00f6t till klungan. S\u00e5 det var ett samlat g\u00e4ng vid sista m\u00e5lbacken&#8221;, ber\u00e4ttar Alexander Wetterhall.<\/p><\/blockquote>\n<p>Det brantade p\u00e5 n\u00e4r loppet gick in p\u00e5 sista kilometern och s\u00e5 teknisk k\u00f6rning med ett par sv\u00e4ngar till ett torg med kullersten.<\/p>\n<blockquote><p>&#8221;De g\u00f6r ett v\u00e4ldigt bra jobb ihop. En samlad svensk grupp l\u00e5ngt fram som l\u00e4mnar av Jenny och Emilia i bra position inf\u00f6r finalen d\u00e4r Jenny d\u00e5 slutar tv\u00e5a och Emilia trea bakom en polska&#8221;, s\u00e4ger Wetterhall.<\/p><\/blockquote>\n<a href=\"https:\/\/scf.se\/landsvag\/wp-content\/uploads\/sites\/5\/2023\/04\/Gracia2.jpg\"><img loading=\"lazy\" decoding=\"async\" class=\"alignnone size-full wp-image-3992\" src=\"https:\/\/scf.se\/landsvag\/wp-content\/uploads\/sites\/5\/2023\/04\/Gracia2.jpg\" alt=\"\" width=\"1288\" height=\"1432\" srcset=\"https:\/\/scf.se\/landsvag\/wp-content\/uploads\/sites\/5\/2023\/04\/Gracia2.jpg 1288w, https:\/\/scf.se\/landsvag\/wp-content\/uploads\/sites\/5\/2023\/04\/Gracia2-270x300.jpg 270w, https:\/\/scf.se\/landsvag\/wp-content\/uploads\/sites\/5\/2023\/04\/Gracia2-921x1024.jpg 921w, https:\/\/scf.se\/landsvag\/wp-content\/uploads\/sites\/5\/2023\/04\/Gracia2-768x854.jpg 768w\" sizes=\"auto, (max-width: 1288px) 100vw, 1288px\" \/><\/a>\n<p>Ebba Grankvist, Tilde Hammarstr\u00f6m, Karin S\u00f6derqvist var de tre cyklisterna som mot slutet ocks\u00e5 hade del i spetsplaceringarna. Sverige vann lagt\u00e4vlingen i Gracia f\u00f6rra \u00e5ret och leder den efter f\u00f6rsta etappen i \u00e5r.<\/p>\n<p>Det blev ganska stor spridning redan p\u00e5 f\u00f6rsta etappen d\u00e5 bara fyra cyklister fick samma tid; med bonussekunderna \u00e4r det nu tidsskillnader hela v\u00e4gen ner till halvminuten p\u00e5 placering sju.<\/p>\n<p><strong>Hur sammanfattar du till sist tjejernas insats i dag?<\/strong><\/p>\n<blockquote><p>&#8221;GRYMT! Det \u00e4r v\u00e4l egentligen det enda man kan s\u00e4ga i det h\u00e4r l\u00e4get. Vi ska hem och ladda om, men det h\u00e4r ser ju v\u00e4ldigt lovande ut \u2013 vilket \u00e4r kul.&#8221;<\/p><\/blockquote>\n<h2>F\u00f6rsta etappen av Gracia<\/h2>\n<ul>\n<li><strong>1 Dominika Wlodarczyk<\/strong>, Atom Deweloper Wroc\u0142aw<\/li>\n<li><strong>2 Jenny Rissveds,<\/strong> Sverige +0<\/li>\n<li><strong>3 Emilia Fahlin<\/strong><strong>,<\/strong> Sverige +0<\/li>\n<li><strong>29 Ebba Grankvist,<\/strong> Sverige +0.18<\/li>\n<li><strong>30 Karin S\u00f6derqvist,<\/strong> Sverige +0.18<\/li>\n<li><strong>37 Tilde Hammarstr\u00f6m,<\/strong> Sverige +0.18<\/li>\n<li><strong>125 Felicia Bengtsson,<\/strong> Sverige +9.03<\/li>\n<\/ul>\n<a href=\"https:\/\/scf.se\/landsvag\/wp-content\/uploads\/sites\/5\/2023\/04\/Gracia3.jpg\"><img loading=\"lazy\" decoding=\"async\" class=\"alignnone size-full wp-image-3993\" src=\"https:\/\/scf.se\/landsvag\/wp-content\/uploads\/sites\/5\/2023\/04\/Gracia3.jpg\" alt=\"\" width=\"858\" height=\"888\" srcset=\"https:\/\/scf.se\/landsvag\/wp-content\/uploads\/sites\/5\/2023\/04\/Gracia3.jpg 858w, https:\/\/scf.se\/landsvag\/wp-content\/uploads\/sites\/5\/2023\/04\/Gracia3-290x300.jpg 290w, https:\/\/scf.se\/landsvag\/wp-content\/uploads\/sites\/5\/2023\/04\/Gracia3-768x795.jpg 768w\" sizes=\"auto, (max-width: 858px) 100vw, 858px\" \/><\/a>\n<ul>\n<li><em><strong><a href=\"https:\/\/www.procyclingstats.com\/race\/gracia\/2023\/stage-1\">Alla resultat fr\u00e5n f\u00f6rsta etappen H\u00c4R!<\/a><\/strong><\/em><\/li>\n<\/ul>\n<p>Slagl\u00e4ge inf\u00f6r den andra dagens tuffa etapp \u2013 tio mil med start och m\u00e5l i Lichnov \u2013 med en rej\u00e4l kl\u00e4ttring tidigt p\u00e5 och sedan ytterligare tre bergspris.<\/p>\n<blockquote><p>&#8221;Det blir rej\u00e4lt tufft men vi har n\u00e5gon sorts plan&#8221;, s\u00e4ger Wetterhall.<\/p><\/blockquote>\n<p><em>Text: Tomas Larsson\/SCF<br \/>\nFoto: SCF (fria f\u00f6r publicering men ange cred)<\/em><\/p>\n<hr \/>\n<p><em><strong>Svenska Cykelf\u00f6rbundet \u00e4r stolta \u00f6ver att presentera v\u00e5ra samarbetspartners. Tack vare dessa fantastiska f\u00f6retag kan v\u00e5ra cyklister oftare ta sig l\u00e4ngre ut i v\u00e4rlden.<\/strong><\/em><\/p>\n<h2><a href=\"https:\/\/scf.se\/forbundet\/sponsorer\/\"><img loading=\"lazy\" decoding=\"async\" class=\"alignnone size-full wp-image-3872\" src=\"https:\/\/scf.se\/landsvag\/wp-content\/uploads\/sites\/5\/2023\/02\/LiggandeBannerNyheterHemsida2023.png\" alt=\"\" width=\"1200\" height=\"200\" srcset=\"https:\/\/scf.se\/landsvag\/wp-content\/uploads\/sites\/5\/2023\/02\/LiggandeBannerNyheterHemsida2023.png 1200w, https:\/\/scf.se\/landsvag\/wp-content\/uploads\/sites\/5\/2023\/02\/LiggandeBannerNyheterHemsida2023-300x50.png 300w, https:\/\/scf.se\/landsvag\/wp-content\/uploads\/sites\/5\/2023\/02\/LiggandeBannerNyheterHemsida2023-1024x171.png 1024w, https:\/\/scf.se\/landsvag\/wp-content\/uploads\/sites\/5\/2023\/02\/LiggandeBannerNyheterHemsida2023-768x128.png 768w\" sizes=\"auto, (max-width: 1200px) 100vw, 1200px\" \/><\/a><\/h2>\n","protected":false},"excerpt":{"rendered":"<p>Under torsdagen avverkades den f\u00f6rsta etappen p\u00e5\u00a0Gracia Orlov\u00e1 tour i Tjeckien med fem etapper \u00f6ver fyra dagar, 27\u201330 april. Jenny Rissveds slutade tv\u00e5a och Emilia Fahlin trea p\u00e5 den r\u00e4tt kuperade 104 kilometer l\u00e5nga f\u00f6rsta etappen!\u00a0 \u201dDe krigade p\u00e5 j\u00e4kligt bra hela g\u00e4nget. Det \u00e4r taggade tjejer h\u00e4r i Tjeckien\u201d, s\u00e4ger assisterande f\u00f6rbundskaptenen Alexander<a href=\"https:\/\/scf.se\/landsvag\/jenny-rissveds-och-emilia-fahlin-bada-pa-pallen-efter-forsta-etappen\/\" class=\"news-card__more\"> &#8230;<\/a><\/p>\n","protected":false},"author":41,"featured_media":3991,"comment_status":"open","ping_status":"open","sticky":false,"template":"","format":"standard","meta":{"_acf_changed":false,"footnotes":""},"categories":[1],"tags":[],"class_list":["post-3990","post","type-post","status-publish","format-standard","hentry","category-landsvag"],"acf":[],"_links":{"self":[{"href":"https:\/\/scf.se\/landsvag\/wp-json\/wp\/v2\/posts\/3990","targetHints":{"allow":["GET"]}}],"collection":[{"href":"https:\/\/scf.se\/landsvag\/wp-json\/wp\/v2\/posts"}],"about":[{"href":"https:\/\/scf.se\/landsvag\/wp-json\/wp\/v2\/types\/post"}],"author":[{"embeddable":true,"href":"https:\/\/scf.se\/landsvag\/wp-json\/wp\/v2\/users\/41"}],"replies":[{"embeddable":true,"href":"https:\/\/scf.se\/landsvag\/wp-json\/wp\/v2\/comments?post=3990"}],"version-history":[{"count":0,"href":"https:\/\/scf.se\/landsvag\/wp-json\/wp\/v2\/posts\/3990\/revisions"}],"wp:featuredmedia":[{"embeddable":true,"href":"https:\/\/scf.se\/landsvag\/wp-json\/wp\/v2\/media\/3991"}],"wp:attachment":[{"href":"https:\/\/scf.se\/landsvag\/wp-json\/wp\/v2\/media?parent=3990"}],"wp:term":[{"taxonomy":"category","embeddable":true,"href":"https:\/\/scf.se\/landsvag\/wp-json\/wp\/v2\/categories?post=3990"},{"taxonomy":"post_tag","embeddable":true,"href":"https:\/\/scf.se\/landsvag\/wp-json\/wp\/v2\/tags?post=3990"}],"curies":[{"name":"wp","href":"https:\/\/api.w.org\/{rel}","templated":true}]}}