
{"id":3964,"date":"2023-04-23T08:35:33","date_gmt":"2023-04-23T06:35:33","guid":{"rendered":"http:\/\/scf.se\/landsvag\/?p=3964"},"modified":"2023-04-24T11:15:00","modified_gmt":"2023-04-24T09:15:00","slug":"starka-insatser-jansson-fick-sallskap-av-rissveds-pa-pallen-i-swe-cup","status":"publish","type":"post","link":"https:\/\/scf.se\/landsvag\/starka-insatser-jansson-fick-sallskap-av-rissveds-pa-pallen-i-swe-cup\/","title":{"rendered":"Starka insatser: Jansson fick s\u00e4llskap av Rissveds p\u00e5 pallen i SWE Cup #1"},"content":{"rendered":"<p><strong>Det blev v\u00e4ldigt tuffa och fina cykelt\u00e4vlingar p\u00e5 Kinnekulle med ett kortare varv och flera g\u00e5nger uppf\u00f6r backen n\u00e4r SWE Cup landsv\u00e4g inleddes med Energi-loppet. CK Hymers Marcus Jansson vann herrelitklassen \u2013 d\u00e4r Jenny Rissveds ocks\u00e5 gjorde en riktigt stark insats i ett g\u00e4stspel. Ebba Grankvist, Motala AIF, vann i damklassen efter ett bra lopp.<\/strong><\/p>\n<p>Assisterande f\u00f6rbundskaptenen Alexander Wetterhall, som ocks\u00e5 tillsammans med Lucas Persson \u00e4r t\u00e4vlingsansvarig f\u00f6r landsv\u00e4g p\u00e5 Svenska Cykelf\u00f6rbundet, var n\u00f6jd med SWE Cup-premi\u00e4ren.<\/p>\n<blockquote><p>&#8221;Det har varit riktigt trevliga t\u00e4vlingar p\u00e5 Kinnekulle. Jag tycker att det har varit \u00e4n b\u00e4ttre bana \u00e4n tidigare nu med ett 14-kilometersvarv som inneb\u00e4r att backen kommer oftare och det blir mera intensivt och mycket h\u00e5rdare. Det avspeglar sig i mera intressanta cykelt\u00e4vlingar och i alla fall tycker jag att det h\u00f6r inslaget med en tuff banstr\u00e4ckning \u00e4r viktigt att ha i kalendern&#8221;, summerar Alexander Wetterhall.<\/p><\/blockquote>\n<p>I den avslutande herrelitklassen var ett inslag som r\u00f6nte stor uppm\u00e4rksamhet att Jenny Rissveds, en av v\u00e4rldens b\u00e4sta MTB-cyklister som med framg\u00e5ng testade att k\u00f6ra en del landsv\u00e4g f\u00f6rra s\u00e4songen, fanns med i klungan.<\/p>\n<a href=\"https:\/\/scf.se\/landsvag\/wp-content\/uploads\/sites\/5\/2023\/04\/SCK2.jpg\"><img loading=\"lazy\" decoding=\"async\" class=\"alignnone size-full wp-image-3974\" src=\"https:\/\/scf.se\/landsvag\/wp-content\/uploads\/sites\/5\/2023\/04\/SCK2.jpg\" alt=\"\" width=\"1357\" height=\"1534\" srcset=\"https:\/\/scf.se\/landsvag\/wp-content\/uploads\/sites\/5\/2023\/04\/SCK2.jpg 1357w, https:\/\/scf.se\/landsvag\/wp-content\/uploads\/sites\/5\/2023\/04\/SCK2-265x300.jpg 265w, https:\/\/scf.se\/landsvag\/wp-content\/uploads\/sites\/5\/2023\/04\/SCK2-906x1024.jpg 906w, https:\/\/scf.se\/landsvag\/wp-content\/uploads\/sites\/5\/2023\/04\/SCK2-768x868.jpg 768w\" sizes=\"auto, (max-width: 1357px) 100vw, 1357px\" \/><\/a>\n<p>\u201dJag vill g\u00f6ra det f\u00f6r att utmana mig sj\u00e4lv och f\u00e5 erfarenhet av st\u00f6rre klunga\u201d, sa hon innan loppet. Till sist slutade Jenny Rissveds p\u00e5 33:e plats under tio minuter fr\u00e5n segrande Marcus Jansson, den starka CK Hymer-cyklisten som fanns med i slutstriden \u00e4ven f\u00f6rra \u00e5ret p\u00e5 Kinnekulle, trots eller kanske p\u00e5 grund av att den tuffa backen skulle avverkas hela elva g\u00e5nger.<\/p>\n<p>S\u00e5 h\u00e4r summeras herrelitloppet av Wetterhall:<\/p>\n<blockquote><p>&#8221;Jag tyckte att det var extremt bra och offensiv k\u00f6rning. Bra fart uppf\u00f6r backen och s\u00e5 fick det ofta ihop p\u00e5 den korta platten&#8230;splittrades upp igen.&#8221;<\/p><\/blockquote>\n<a href=\"https:\/\/scf.se\/landsvag\/wp-content\/uploads\/sites\/5\/2023\/04\/SCK3.jpg\"><img loading=\"lazy\" decoding=\"async\" class=\"alignnone size-full wp-image-3973\" src=\"https:\/\/scf.se\/landsvag\/wp-content\/uploads\/sites\/5\/2023\/04\/SCK3.jpg\" alt=\"\" width=\"1428\" height=\"950\" srcset=\"https:\/\/scf.se\/landsvag\/wp-content\/uploads\/sites\/5\/2023\/04\/SCK3.jpg 1428w, https:\/\/scf.se\/landsvag\/wp-content\/uploads\/sites\/5\/2023\/04\/SCK3-300x200.jpg 300w, https:\/\/scf.se\/landsvag\/wp-content\/uploads\/sites\/5\/2023\/04\/SCK3-1024x681.jpg 1024w, https:\/\/scf.se\/landsvag\/wp-content\/uploads\/sites\/5\/2023\/04\/SCK3-768x511.jpg 768w\" sizes=\"auto, (max-width: 1428px) 100vw, 1428px\" \/><\/a>\n<a href=\"https:\/\/scf.se\/landsvag\/wp-content\/uploads\/sites\/5\/2023\/04\/SCK7.jpg\"><img loading=\"lazy\" decoding=\"async\" class=\"alignnone size-full wp-image-3969\" src=\"https:\/\/scf.se\/landsvag\/wp-content\/uploads\/sites\/5\/2023\/04\/SCK7.jpg\" alt=\"\" width=\"1559\" height=\"964\" srcset=\"https:\/\/scf.se\/landsvag\/wp-content\/uploads\/sites\/5\/2023\/04\/SCK7.jpg 1559w, https:\/\/scf.se\/landsvag\/wp-content\/uploads\/sites\/5\/2023\/04\/SCK7-300x186.jpg 300w, https:\/\/scf.se\/landsvag\/wp-content\/uploads\/sites\/5\/2023\/04\/SCK7-1024x633.jpg 1024w, https:\/\/scf.se\/landsvag\/wp-content\/uploads\/sites\/5\/2023\/04\/SCK7-768x475.jpg 768w, https:\/\/scf.se\/landsvag\/wp-content\/uploads\/sites\/5\/2023\/04\/SCK7-1536x950.jpg 1536w\" sizes=\"auto, (max-width: 1559px) 100vw, 1559px\" \/><\/a>\n<p>Det vassa unga danska Team IBT-Tripeak med ett par svenskar i laget och Motala AIF Serneke Allebike hade bredaste uppst\u00e4llningarna och kunde l\u00e4nge styra loppet.<\/p>\n<blockquote><p>&#8221;Men de fick inte riktigt till det p\u00e5 slutet och i st\u00e4llet kan CK Hymer och Marcus Jansson ta det. Riktigt, riktigt bra k\u00f6rt. \u00c4ven Hannes Bergstr\u00f6m Frisk som blir fyra g\u00f6r det bra. Men annars speglar det loppet bra att Motala och IBT \u00e4r med h\u00f6gt uppe i resultatlistan. De visar hur man t\u00e4vlar p\u00e5 cykel, ihop med CK Hymer d\u00e5 ska s\u00e4gas.&#8221;<\/p><\/blockquote>\n<p>Erik Pedersen slutar tv\u00e5a och var d\u00e4rmed h\u00f6gst placerad av tre topp 6-cyklister fr\u00e5n Motalas conilag.<\/p>\n<p>Wetterhall om Jenny Rissveds insats:<\/p>\n<a href=\"https:\/\/scf.se\/landsvag\/wp-content\/uploads\/sites\/5\/2023\/04\/SCK1.jpg\"><img loading=\"lazy\" decoding=\"async\" class=\"alignnone size-full wp-image-3975\" src=\"https:\/\/scf.se\/landsvag\/wp-content\/uploads\/sites\/5\/2023\/04\/SCK1.jpg\" alt=\"\" width=\"908\" height=\"624\" srcset=\"https:\/\/scf.se\/landsvag\/wp-content\/uploads\/sites\/5\/2023\/04\/SCK1.jpg 908w, https:\/\/scf.se\/landsvag\/wp-content\/uploads\/sites\/5\/2023\/04\/SCK1-300x206.jpg 300w, https:\/\/scf.se\/landsvag\/wp-content\/uploads\/sites\/5\/2023\/04\/SCK1-768x528.jpg 768w\" sizes=\"auto, (max-width: 908px) 100vw, 908px\" \/><\/a>\n<blockquote><p>&#8221;J\u00c4VLIGT bra k\u00f6rt \u00e4ven om hon till sist fick ge sig med ett par varv kvar. Hon satt med bra i klungan; ofta lite l\u00e4ngre upp i b\u00f6rjan av backen s\u00e5 hon fick utrymme att falla lite och s\u00e5ledes kunde \u00f6verleva backen de flesta g\u00e5ngerna innan hon blev st\u00e4lld och fick k\u00f6ra i m\u00e5l med en annan grupp. Men v\u00e4ldigt bra k\u00f6rt av henne och det verkade vara v\u00e4ldigt uppskattat av herrarna i loppet att hon kom in och g\u00e4stspelade lite, s\u00e5 det var kul.&#8221;<\/p><\/blockquote>\n<a href=\"https:\/\/scf.se\/landsvag\/wp-content\/uploads\/sites\/5\/2023\/04\/SCK4.jpg\"><img loading=\"lazy\" decoding=\"async\" class=\"alignnone size-full wp-image-3972\" src=\"https:\/\/scf.se\/landsvag\/wp-content\/uploads\/sites\/5\/2023\/04\/SCK4.jpg\" alt=\"\" width=\"1274\" height=\"877\" srcset=\"https:\/\/scf.se\/landsvag\/wp-content\/uploads\/sites\/5\/2023\/04\/SCK4.jpg 1274w, https:\/\/scf.se\/landsvag\/wp-content\/uploads\/sites\/5\/2023\/04\/SCK4-300x207.jpg 300w, https:\/\/scf.se\/landsvag\/wp-content\/uploads\/sites\/5\/2023\/04\/SCK4-1024x705.jpg 1024w, https:\/\/scf.se\/landsvag\/wp-content\/uploads\/sites\/5\/2023\/04\/SCK4-768x529.jpg 768w\" sizes=\"auto, (max-width: 1274px) 100vw, 1274px\" \/><\/a>\n<p>Senaste s\u00e5 h\u00e4r uppm\u00e4rksammade daminhoppet i en herrelitklass var Susanne Ljungskog 2004 i V\u00e5rg\u00e5rda som en del av uppladdningen inf\u00f6r Aten-OS. Det kan bli en mycket intressant s\u00e4song f\u00f6r Rissveds, b\u00e5de i huvudgrenen MTB XCO\/XCC och landsv\u00e4g.<\/p>\n<h3>Herrelit<\/h3>\n<ol>\n<li>Marcus Jansson, CK Hymer 3.18.24<\/li>\n<li>Eric Pedersen, Motala AIF Serneke Allebike 3.18.28<\/li>\n<li>Peter Asbj\u00f8rn Hansen, Team IBT-Tripeak 3.18.34<\/li>\n<li>Hannes Bergstr\u00f6m Frisk, Ryska Posten Racing Team 3.18.38<\/li>\n<li>Richard Larsen, Motala AIF Serneke Allebike 3.18.43<\/li>\n<li>Acke Dahlblom, Motala AIF Serneke Allebike 3.18.50<\/li>\n<\/ol>\n<a href=\"https:\/\/scf.se\/landsvag\/wp-content\/uploads\/sites\/5\/2023\/04\/SCK6.jpg\"><img loading=\"lazy\" decoding=\"async\" class=\"alignnone size-full wp-image-3970\" src=\"https:\/\/scf.se\/landsvag\/wp-content\/uploads\/sites\/5\/2023\/04\/SCK6.jpg\" alt=\"\" width=\"1785\" height=\"1187\" srcset=\"https:\/\/scf.se\/landsvag\/wp-content\/uploads\/sites\/5\/2023\/04\/SCK6.jpg 1785w, https:\/\/scf.se\/landsvag\/wp-content\/uploads\/sites\/5\/2023\/04\/SCK6-300x199.jpg 300w, https:\/\/scf.se\/landsvag\/wp-content\/uploads\/sites\/5\/2023\/04\/SCK6-1024x681.jpg 1024w, https:\/\/scf.se\/landsvag\/wp-content\/uploads\/sites\/5\/2023\/04\/SCK6-768x511.jpg 768w, https:\/\/scf.se\/landsvag\/wp-content\/uploads\/sites\/5\/2023\/04\/SCK6-1536x1021.jpg 1536w\" sizes=\"auto, (max-width: 1785px) 100vw, 1785px\" \/><\/a>\n<p>&nbsp;<\/p>\n<p>Damklassen i Kinnekulle Energi-loppet k\u00f6rde tillsammans med pojkar 15\u201316, bland annat f\u00f6r att f\u00e5 en lite st\u00f6rre klunga.<\/p>\n<blockquote><p>&#8221;Det kan vara ett bra uppl\u00e4gg f\u00f6r det gjorde att det skakades om lite och blev t\u00e4vling av det tidigare. D\u00e4r\u00a0 vann Ebba Grankvist, som gjorde det bra&#8221;, summerar Alexander Wetterhall.<\/p><\/blockquote>\n<p>Emma Varga, CK Ringen, var en annan som ocks\u00e5 var stark och utmanade uppf\u00f6r &#8221;Kullen&#8221;.<\/p>\n<h3>Damer<\/h3>\n<ol>\n<li>Ebba Grankvist, Motala AIF CK 1.56.19<\/li>\n<li>Emma Varga, CK Ringen 1.57.01<\/li>\n<li>\u00c5shild Tovsrud, Asker CK 2.09.03<\/li>\n<\/ol>\n<p>H\u00e4r ska det ocks\u00e5 noteras att den sista platsen till Gracia Orlov\u00e1 Tour delas ut p\u00e5 m\u00e5ndag. Kolla in det sp\u00e4nnande laget under m\u00e5ndagen p\u00e5 SCF.se!<\/p>\n<p>&nbsp;<\/p>\n<p>Wetterhall om n\u00e4r\u00a0 Junior\/senior-klassen l\u00e4rde SWE Cup #1 tidigare under l\u00f6rdagen:<\/p>\n<blockquote><p>&#8221;Ytterligare ett bra lopp med ganska m\u00e5nga utbrytningar.&#8221;<\/p><\/blockquote>\n<p>Det till sist en utbrytning med tio cyklister som h\u00f6ll undan ett bra tag. Sedan blev de ink\u00f6rda med tv\u00e5 varv kvar och s\u00e5 bildades det en ny konstellation och s\u00e5 var det en trio med norskt inslag som skulle g\u00f6ra upp om det. Gabriel Kihl fr\u00e5n Borl\u00e4nge CK var allra starkast p\u00e5 slutet.<\/p>\n<p>Kihl har inlett den svenska s\u00e4songen s\u00e4songen str\u00e5lande med seger \u00e4ven i \u00d6stg\u00f6taloppet. Han beh\u00e4rskar med andra ord b\u00e5de platta och kuperade banor.<\/p>\n<p>S\u00e5 h\u00e4r slutade trions kamp.<\/p>\n<h3>Herrjunior\/senior<\/h3>\n<ol>\n<li style=\"list-style-type: none\">\n<ol>\n<li>Gabriel Kihl, Borl\u00e4nge CK 2.29.38<\/li>\n<li>Herman Bjerke Adolfsen, Ringerike SK 2.29.41<\/li>\n<li>Per Holm, CK Valhall 2.30.42<\/li>\n<\/ol>\n<\/li>\n<\/ol>\n<p>Och s\u00e5 vann David Larsson en spurt om fj\u00e4rdeplatsen. I n\u00e4mnda pojkar 15\u201316 segrade den s\u00e5 starka och allroundkunnige cyklisten Vilmer Ekman efter en fin kamp mot CK Bures Vilgot Reinhold. Nora Nyman, IK Trasten, gjorde ett riktigt fint lopp n\u00e4r hon vann \u00e4ldsta flickklassen.<\/p>\n<ul>\n<li><a href=\"https:\/\/www.sportstiming.se\/event\/12376\/results\"><em><strong>Alla resultat fr\u00e5n Kinnekulle Energi-loppet, SWE Cup #1 i landsv\u00e4g, hittar ni H\u00c4R!<\/strong><\/em><\/a><\/li>\n<\/ul>\n<p><em>Text: Tomas Larsson\/SCF<\/em><br \/>\n<em>Foto: SCF<\/em><\/p>\n<hr \/>\n<p><em><strong>Svenska Cykelf\u00f6rbundet \u00e4r stolta \u00f6ver att presentera v\u00e5ra samarbetspartners. Tack vare dessa fantastiska f\u00f6retag kan v\u00e5ra cyklister oftare ta sig l\u00e4ngre ut i v\u00e4rlden.<\/strong><\/em><\/p>\n<a href=\"https:\/\/scf.se\/forbundet\/sponsorer\/\"><img loading=\"lazy\" decoding=\"async\" class=\"alignnone size-full wp-image-3872\" src=\"https:\/\/scf.se\/landsvag\/wp-content\/uploads\/sites\/5\/2023\/02\/LiggandeBannerNyheterHemsida2023.png\" alt=\"\" width=\"1200\" height=\"200\" srcset=\"https:\/\/scf.se\/landsvag\/wp-content\/uploads\/sites\/5\/2023\/02\/LiggandeBannerNyheterHemsida2023.png 1200w, https:\/\/scf.se\/landsvag\/wp-content\/uploads\/sites\/5\/2023\/02\/LiggandeBannerNyheterHemsida2023-300x50.png 300w, https:\/\/scf.se\/landsvag\/wp-content\/uploads\/sites\/5\/2023\/02\/LiggandeBannerNyheterHemsida2023-1024x171.png 1024w, https:\/\/scf.se\/landsvag\/wp-content\/uploads\/sites\/5\/2023\/02\/LiggandeBannerNyheterHemsida2023-768x128.png 768w\" sizes=\"auto, (max-width: 1200px) 100vw, 1200px\" \/><\/a>\n","protected":false},"excerpt":{"rendered":"<p>Det blev v\u00e4ldigt tuffa och fina cykelt\u00e4vlingar p\u00e5 Kinnekulle med ett kortare varv och flera g\u00e5nger uppf\u00f6r backen n\u00e4r SWE Cup landsv\u00e4g inleddes med Energi-loppet. CK Hymers Marcus Jansson vann herrelitklassen \u2013 d\u00e4r Jenny Rissveds ocks\u00e5 gjorde en riktigt stark insats i ett g\u00e4stspel. Ebba Grankvist, Motala AIF, vann i damklassen efter ett bra<a href=\"https:\/\/scf.se\/landsvag\/starka-insatser-jansson-fick-sallskap-av-rissveds-pa-pallen-i-swe-cup\/\" class=\"news-card__more\"> &#8230;<\/a><\/p>\n","protected":false},"author":41,"featured_media":3971,"comment_status":"open","ping_status":"open","sticky":false,"template":"","format":"standard","meta":{"_acf_changed":false,"footnotes":""},"categories":[1],"tags":[],"class_list":["post-3964","post","type-post","status-publish","format-standard","hentry","category-landsvag"],"acf":[],"_links":{"self":[{"href":"https:\/\/scf.se\/landsvag\/wp-json\/wp\/v2\/posts\/3964","targetHints":{"allow":["GET"]}}],"collection":[{"href":"https:\/\/scf.se\/landsvag\/wp-json\/wp\/v2\/posts"}],"about":[{"href":"https:\/\/scf.se\/landsvag\/wp-json\/wp\/v2\/types\/post"}],"author":[{"embeddable":true,"href":"https:\/\/scf.se\/landsvag\/wp-json\/wp\/v2\/users\/41"}],"replies":[{"embeddable":true,"href":"https:\/\/scf.se\/landsvag\/wp-json\/wp\/v2\/comments?post=3964"}],"version-history":[{"count":0,"href":"https:\/\/scf.se\/landsvag\/wp-json\/wp\/v2\/posts\/3964\/revisions"}],"wp:featuredmedia":[{"embeddable":true,"href":"https:\/\/scf.se\/landsvag\/wp-json\/wp\/v2\/media\/3971"}],"wp:attachment":[{"href":"https:\/\/scf.se\/landsvag\/wp-json\/wp\/v2\/media?parent=3964"}],"wp:term":[{"taxonomy":"category","embeddable":true,"href":"https:\/\/scf.se\/landsvag\/wp-json\/wp\/v2\/categories?post=3964"},{"taxonomy":"post_tag","embeddable":true,"href":"https:\/\/scf.se\/landsvag\/wp-json\/wp\/v2\/tags?post=3964"}],"curies":[{"name":"wp","href":"https:\/\/api.w.org\/{rel}","templated":true}]}}