
{"id":3943,"date":"2023-04-15T19:25:33","date_gmt":"2023-04-15T17:25:33","guid":{"rendered":"http:\/\/scf.se\/landsvag\/?p=3943"},"modified":"2023-04-16T21:27:55","modified_gmt":"2023-04-16T19:27:55","slug":"jakob-soderqvist-kvar-i-toppstriden-infor-avslutningen-efter-ny-stabil-laginsats","status":"publish","type":"post","link":"https:\/\/scf.se\/landsvag\/jakob-soderqvist-kvar-i-toppstriden-infor-avslutningen-efter-ny-stabil-laginsats\/","title":{"rendered":"S\u00f6derqvist \u00e4r kvar i toppstriden inf\u00f6r avslutningen efter ny stabil laginsats"},"content":{"rendered":"<p><strong>Det var n\u00e4stan 20 mil som avverkades p\u00e5 den fj\u00e4rde etappen av Tour du Loir et Cher d\u00e4r\u00a0 Jakob S\u00f6derqvist klarade av att ladda om och g\u00f6ra ett stabilt lopp. Han finns d\u00e4rmed kvar som totalfyra och tv\u00e5a i ungdomst\u00e4vlingen.<\/strong><\/p>\n<p>Man kan sammanfatta fj\u00e4rde etappen med att det var v\u00e4ldigt m\u00e5nga f\u00f6rs\u00f6k till utbrytningar, men ingen som lyckades.<\/p>\n<blockquote><p>&#8221;Ja, det var h\u00f6g fart och m\u00e5nga som h\u00f6ll p\u00e5 hela tiden, men n\u00e4stan inga backar, skog utan kantvind och regnet h\u00f6ll sig n\u00e4stan borta \u2013\u00a0 s\u00e5 inga yttre problem. Vi hade flera cyklister med i utbrytning i dag, men ingen som lyckades. Det blev aldrig mer \u00e4n 20 sekunder f\u00f6r n\u00e5gon av alla utbrytningar och samlat hem p\u00e5 slutet&#8221;, rapporterar f\u00f6rbundskaptenen Lucas Persson.<\/p><\/blockquote>\n<p>Det viktigaste f\u00f6r svenska laget var att Jakob S\u00f6derqvist fanns med hyfsat h\u00f6gt upp i klungan om den skulle spricka av med\u00a0 ny tid.<\/p>\n<p>S\u00f6derqvist levererade en stabil insats; starkt med tanke p\u00e5 uppst\u00e5ndelsen efter fredagens fantastiska seger n\u00e4r han gick solo med sex kilometer kvar och lyckades h\u00e5lla avst\u00e5ndet till de jagande till tv\u00e5 sekunder.<\/p>\n<h3>Fj\u00e4rde etappen\u00a0 av Tour du Loir et Cher<\/h3>\n<ul>\n<li><strong>1 Jesper Rasch<\/strong>, Nederl\u00e4nderna 4.13.13<\/li>\n<li><strong>2<\/strong> <strong>Jarne van de Paar,<\/strong> Belgien +0<\/li>\n<li><strong>3 William Tidball<\/strong>, Storbritannien +0<\/li>\n<li><strong>51 Hugo Lennartsson<\/strong>, Sverige +0<\/li>\n<li><strong>46 Jakob S\u00f6derqvist<\/strong>, Sverige +0<\/li>\n<li><strong>99 Edvin Lovidius<\/strong>, Sverige +0<\/li>\n<li><strong>114 Albin St\u00e5lberg<\/strong>, Sverige +1.12<\/li>\n<li><strong>116 Hjalmar Klyver<\/strong>, Sverige +1.51<\/li>\n<\/ul>\n<p>Avslutningen \u00e4r ett GP-lopp \u00f6ver 97,5 kilometer i centrala\u00a0Blois, ett mestadels platt varv \u2013 men en liten backe d\u00e4r det kommer att g\u00f6ras f\u00f6rs\u00f6k av lagen som har cyklister h\u00f6gt upp.<\/p>\n<blockquote><p>&#8221;Vi hoppas kunna f\u00f6rsvara Jakob S\u00f6derqvists fj\u00e4rdeplats och kanske till och med lyckas ta en placering och en plats p\u00e5 podiet&#8221;, s\u00e4ger Lucas Persson.<\/p><\/blockquote>\n<p>D\u00e5 \u00e4r det belgaren Warre Vangheluwe som ska distanseras med arton sekunder. G\u00f6r Jakob det vinner han ocks\u00e5 ungdomst\u00e4vlingen. S\u00e5 h\u00e4r ser det ut i de olika delt\u00e4vlingarna.<\/p>\n<h3>Totalen inf\u00f6r s\u00f6ndagens avslutning<\/h3>\n<ul>\n<li><strong>1 Tim Marsman<\/strong>, Nederl\u00e4nderna<\/li>\n<li><strong>2 Callum MacLeod<\/strong>, Storbritannien +0.08<\/li>\n<li><strong>3 Warre Vangheluwe,<\/strong> Belgien +0.53<\/li>\n<li><strong>4 Jakob S\u00f6derqvist<\/strong>, Sverige +1.11<\/li>\n<li><strong>71 Albin St\u00e5lberg<\/strong>, Sverige +6.59<\/li>\n<li><strong>88 Edvin Lovidius<\/strong>, Sverige +8.57<\/li>\n<li><strong>90 Hjalmar Klyver<\/strong>, Sverige +9.02<\/li>\n<li><strong>112 Hugo Lennartsson<\/strong>, Sverige +20.56<\/li>\n<\/ul>\n<h3>Ungdomst\u00e4vlingen<\/h3>\n<ul>\n<li><strong>1 Warre Vangheluwe,<\/strong> Belgien<\/li>\n<li><strong>2 Jakob S\u00f6derqvist<\/strong>, Sverige +0.18<\/li>\n<li><strong>3 Axel Huens<\/strong>, Frankrike +0.29<\/li>\n<\/ul>\n<h3>Po\u00e4ngt\u00e4vlingen<\/h3>\n<ul>\n<li><strong>1 Jarne van de Paar,<\/strong> Belgien 32<\/li>\n<li><strong>5 Jakob S\u00f6derqvist<\/strong>, Sverige 15<\/li>\n<\/ul>\n<p><a href=\"https:\/\/www.procyclingstats.com\/race\/tour-du-loir-et-cher\/2023\/stage-4\"><em><strong>Alla resultat fr\u00e5n fj\u00e4rde etappen och i de olika delt\u00e4vlingarna H\u00c4R!<\/strong><\/em><\/a><\/p>\n<p><em>Text: Tomas Larsson\/SCF<\/em><br \/>\n<em>Foto: SCF<\/em><\/p>\n<hr \/>\n<p><em><strong>Svenska Cykelf\u00f6rbundet \u00e4r stolta \u00f6ver att presentera v\u00e5ra samarbetspartners. Tack vare dessa fantastiska f\u00f6retag kan v\u00e5ra cyklister oftare ta sig l\u00e4ngre ut i v\u00e4rlden.<\/strong><\/em><\/p>\n<a href=\"https:\/\/scf.se\/forbundet\/sponsorer\/\"><img loading=\"lazy\" decoding=\"async\" class=\"alignnone size-full wp-image-3872\" src=\"https:\/\/scf.se\/landsvag\/wp-content\/uploads\/sites\/5\/2023\/02\/LiggandeBannerNyheterHemsida2023.png\" alt=\"\" width=\"1200\" height=\"200\" srcset=\"https:\/\/scf.se\/landsvag\/wp-content\/uploads\/sites\/5\/2023\/02\/LiggandeBannerNyheterHemsida2023.png 1200w, https:\/\/scf.se\/landsvag\/wp-content\/uploads\/sites\/5\/2023\/02\/LiggandeBannerNyheterHemsida2023-300x50.png 300w, https:\/\/scf.se\/landsvag\/wp-content\/uploads\/sites\/5\/2023\/02\/LiggandeBannerNyheterHemsida2023-1024x171.png 1024w, https:\/\/scf.se\/landsvag\/wp-content\/uploads\/sites\/5\/2023\/02\/LiggandeBannerNyheterHemsida2023-768x128.png 768w\" sizes=\"auto, (max-width: 1200px) 100vw, 1200px\" \/><\/a>\n","protected":false},"excerpt":{"rendered":"<p>Det var n\u00e4stan 20 mil som avverkades p\u00e5 den fj\u00e4rde etappen av Tour du Loir et Cher d\u00e4r\u00a0 Jakob S\u00f6derqvist klarade av att ladda om och g\u00f6ra ett stabilt lopp. Han finns d\u00e4rmed kvar som totalfyra och tv\u00e5a i ungdomst\u00e4vlingen. Man kan sammanfatta fj\u00e4rde etappen med att det var v\u00e4ldigt m\u00e5nga f\u00f6rs\u00f6k till utbrytningar,<a href=\"https:\/\/scf.se\/landsvag\/jakob-soderqvist-kvar-i-toppstriden-infor-avslutningen-efter-ny-stabil-laginsats\/\" class=\"news-card__more\"> &#8230;<\/a><\/p>\n","protected":false},"author":41,"featured_media":3944,"comment_status":"open","ping_status":"open","sticky":false,"template":"","format":"standard","meta":{"_acf_changed":false,"footnotes":""},"categories":[1],"tags":[],"class_list":["post-3943","post","type-post","status-publish","format-standard","hentry","category-landsvag"],"acf":[],"_links":{"self":[{"href":"https:\/\/scf.se\/landsvag\/wp-json\/wp\/v2\/posts\/3943","targetHints":{"allow":["GET"]}}],"collection":[{"href":"https:\/\/scf.se\/landsvag\/wp-json\/wp\/v2\/posts"}],"about":[{"href":"https:\/\/scf.se\/landsvag\/wp-json\/wp\/v2\/types\/post"}],"author":[{"embeddable":true,"href":"https:\/\/scf.se\/landsvag\/wp-json\/wp\/v2\/users\/41"}],"replies":[{"embeddable":true,"href":"https:\/\/scf.se\/landsvag\/wp-json\/wp\/v2\/comments?post=3943"}],"version-history":[{"count":0,"href":"https:\/\/scf.se\/landsvag\/wp-json\/wp\/v2\/posts\/3943\/revisions"}],"wp:featuredmedia":[{"embeddable":true,"href":"https:\/\/scf.se\/landsvag\/wp-json\/wp\/v2\/media\/3944"}],"wp:attachment":[{"href":"https:\/\/scf.se\/landsvag\/wp-json\/wp\/v2\/media?parent=3943"}],"wp:term":[{"taxonomy":"category","embeddable":true,"href":"https:\/\/scf.se\/landsvag\/wp-json\/wp\/v2\/categories?post=3943"},{"taxonomy":"post_tag","embeddable":true,"href":"https:\/\/scf.se\/landsvag\/wp-json\/wp\/v2\/tags?post=3943"}],"curies":[{"name":"wp","href":"https:\/\/api.w.org\/{rel}","templated":true}]}}