
{"id":3611,"date":"2022-08-04T21:19:36","date_gmt":"2022-08-04T19:19:36","guid":{"rendered":"http:\/\/scf.se\/landsvag\/?p=3611"},"modified":"2022-08-04T21:19:36","modified_gmt":"2022-08-04T19:19:36","slug":"nathalie-eklund-vann-tour-of-uppsala-och-seger-i-lagtavlingen","status":"publish","type":"post","link":"https:\/\/scf.se\/landsvag\/nathalie-eklund-vann-tour-of-uppsala-och-seger-i-lagtavlingen\/","title":{"rendered":"Nathalie Eklund vann Tour of Uppsala och seger i lagt\u00e4vlingen"},"content":{"rendered":"<p><strong>Nathalie Eklund har haft ett h\u00e4rligt tryck i pedalerna under de inledande tv\u00e5 etapperna av Tour of Uppsala. Det var v\u00e4ldigt logiskt att Eklund vann b\u00e5de sista etappen och totalen och tog sin andra etapploppsseger den h\u00e4r s\u00e4songen efter en mycket fin svensk laginsats.<\/strong><\/p>\n<p>Det var i Tour of Portugal som allt lossnade den h\u00e4r s\u00e4songen. Nathalie Eklund lyckades d\u00e5 med konststycket att vinna alla fyra etapperna. P\u00e5 v\u00e4garna kring Uppsala och under torsdagens GP-lopp inne i den anrika studentstaden var platssiffran 3-2-1 p\u00e5 de tre etapperna.<\/p>\n<blockquote><p>&#8221;Riktigt bra utfall av loppet f\u00f6r v\u00e5r del n\u00e4r Nathalie Eklund kan vinna loppet och Clara Lundmark komma tv\u00e5 p\u00e5 sista etappen, vilket g\u00f6r att det b\u00e4r r\u00e4cka till totalseger&#8221;, sa assisterande f\u00f6rbundskaptenen Alexander Wetterhall direkt efter m\u00e5lg\u00e5ng.<\/p><\/blockquote>\n<a href=\"https:\/\/scf.se\/landsvag\/wp-content\/uploads\/sites\/5\/2022\/08\/Klunga.jpg\"><img loading=\"lazy\" decoding=\"async\" class=\"alignnone size-full wp-image-3617\" src=\"https:\/\/scf.se\/landsvag\/wp-content\/uploads\/sites\/5\/2022\/08\/Klunga.jpg\" alt=\"\" width=\"1163\" height=\"655\" srcset=\"https:\/\/scf.se\/landsvag\/wp-content\/uploads\/sites\/5\/2022\/08\/Klunga.jpg 1163w, https:\/\/scf.se\/landsvag\/wp-content\/uploads\/sites\/5\/2022\/08\/Klunga-300x169.jpg 300w, https:\/\/scf.se\/landsvag\/wp-content\/uploads\/sites\/5\/2022\/08\/Klunga-1024x577.jpg 1024w, https:\/\/scf.se\/landsvag\/wp-content\/uploads\/sites\/5\/2022\/08\/Klunga-768x433.jpg 768w\" sizes=\"auto, (max-width: 1163px) 100vw, 1163px\" \/><\/a>\n<p>Laginsatsen var utm\u00e4rkt.<\/p>\n<blockquote><p>&#8221;Det var ett ganska attackfyllt lopp och det fortsatte in p\u00e5 sista varvet, men tjejerna lyckades t\u00e4ppa alla luckorna. Och n\u00e4r inte bara Nathalie lyckades vinna spurten utan Clara slutade tv\u00e5a s\u00e5 blockerade hon de bonussekunder som norskorna var ute efter. SNYGGT&#8221;, s\u00e4ger en mycket bel\u00e5ten Wetterhall.<\/p><\/blockquote>\n<p>Laginsatsen gav en bonus som blev klart f\u00f6rst vid prisutdelningen.<\/p>\n<blockquote><p>&#8221;Vi vinner inte bara totalen via Nathalie utan \u00e4ven lagt\u00e4vlingen, vilket \u00e4r sjukt kul. S\u00e5 j\u00e4kla bra k\u00f6rt&#8221;, s\u00e4ger Wetterhall.<\/p><\/blockquote>\n<a href=\"https:\/\/scf.se\/landsvag\/wp-content\/uploads\/sites\/5\/2022\/08\/SWE1-scaled.jpg\"><img loading=\"lazy\" decoding=\"async\" class=\"alignnone size-full wp-image-3615\" src=\"https:\/\/scf.se\/landsvag\/wp-content\/uploads\/sites\/5\/2022\/08\/SWE1-scaled.jpg\" alt=\"\" width=\"2560\" height=\"1961\" srcset=\"https:\/\/scf.se\/landsvag\/wp-content\/uploads\/sites\/5\/2022\/08\/SWE1-scaled.jpg 2560w, https:\/\/scf.se\/landsvag\/wp-content\/uploads\/sites\/5\/2022\/08\/SWE1-300x230.jpg 300w, https:\/\/scf.se\/landsvag\/wp-content\/uploads\/sites\/5\/2022\/08\/SWE1-1024x784.jpg 1024w, https:\/\/scf.se\/landsvag\/wp-content\/uploads\/sites\/5\/2022\/08\/SWE1-768x588.jpg 768w, https:\/\/scf.se\/landsvag\/wp-content\/uploads\/sites\/5\/2022\/08\/SWE1-1536x1176.jpg 1536w, https:\/\/scf.se\/landsvag\/wp-content\/uploads\/sites\/5\/2022\/08\/SWE1-2048x1569.jpg 2048w\" sizes=\"auto, (max-width: 2560px) 100vw, 2560px\" \/><\/a> <a href=\"https:\/\/scf.se\/landsvag\/wp-content\/uploads\/sites\/5\/2022\/08\/eklund.jpg\"><img loading=\"lazy\" decoding=\"async\" class=\"alignnone size-full wp-image-3612\" src=\"https:\/\/scf.se\/landsvag\/wp-content\/uploads\/sites\/5\/2022\/08\/eklund.jpg\" alt=\"\" width=\"2405\" height=\"1859\" srcset=\"https:\/\/scf.se\/landsvag\/wp-content\/uploads\/sites\/5\/2022\/08\/eklund.jpg 2405w, https:\/\/scf.se\/landsvag\/wp-content\/uploads\/sites\/5\/2022\/08\/eklund-300x232.jpg 300w, https:\/\/scf.se\/landsvag\/wp-content\/uploads\/sites\/5\/2022\/08\/eklund-1024x792.jpg 1024w, https:\/\/scf.se\/landsvag\/wp-content\/uploads\/sites\/5\/2022\/08\/eklund-768x594.jpg 768w, https:\/\/scf.se\/landsvag\/wp-content\/uploads\/sites\/5\/2022\/08\/eklund-1536x1187.jpg 1536w, https:\/\/scf.se\/landsvag\/wp-content\/uploads\/sites\/5\/2022\/08\/eklund-2048x1583.jpg 2048w\" sizes=\"auto, (max-width: 2405px) 100vw, 2405px\" \/><\/a>\n<h3>Pallen p\u00e5 den avslutande etappen<\/h3>\n<ol>\n<li>Nathalie Eklund, Sverige<\/li>\n<li>Clara Lundmark, Sverige +0<\/li>\n<li>Laura Vainionp\u00e4\u00e4, Finland +0<\/li>\n<\/ol>\n<h3><a href=\"https:\/\/scf.se\/landsvag\/wp-content\/uploads\/sites\/5\/2022\/08\/swe-pall-scaled.jpg\"><img loading=\"lazy\" decoding=\"async\" class=\"alignnone size-full wp-image-3614\" src=\"https:\/\/scf.se\/landsvag\/wp-content\/uploads\/sites\/5\/2022\/08\/swe-pall-scaled.jpg\" alt=\"\" width=\"1420\" height=\"2560\" srcset=\"https:\/\/scf.se\/landsvag\/wp-content\/uploads\/sites\/5\/2022\/08\/swe-pall-scaled.jpg 1420w, https:\/\/scf.se\/landsvag\/wp-content\/uploads\/sites\/5\/2022\/08\/swe-pall-166x300.jpg 166w, https:\/\/scf.se\/landsvag\/wp-content\/uploads\/sites\/5\/2022\/08\/swe-pall-568x1024.jpg 568w, https:\/\/scf.se\/landsvag\/wp-content\/uploads\/sites\/5\/2022\/08\/swe-pall-768x1385.jpg 768w, https:\/\/scf.se\/landsvag\/wp-content\/uploads\/sites\/5\/2022\/08\/swe-pall-852x1536.jpg 852w, https:\/\/scf.se\/landsvag\/wp-content\/uploads\/sites\/5\/2022\/08\/swe-pall-1136x2048.jpg 1136w\" sizes=\"auto, (max-width: 1420px) 100vw, 1420px\" \/><\/a><\/h3>\n<h3>S\u00e5 slutade Tour of Uppsala<\/h3>\n<ol>\n<li>Nathalie Eklund, Sverige<\/li>\n<li>Mari Hole Mohr, Team Coop Hitec +0.04<\/li>\n<li>Stine Borgli, Norge +0.04<\/li>\n<li>Clara Lundmark, Sverige +0.10<\/li>\n<li>Hanna Nilsson, Ceratizit &#8211; WNT Pro Cycling team +0.10<\/li>\n<\/ol>\n<h3>Po\u00e4ngt\u00e4vlingen<\/h3>\n<ol>\n<li>Stine Borgli, Norge 29<\/li>\n<li>Nathalie Eklund, Sverige 27<\/li>\n<li>Mari Hole Mohr, Team Coop Hitec 25<\/li>\n<\/ol>\n<p><a href=\"https:\/\/www.sportstiming.se\/event\/10922\/standings\/leader\"><em><strong>Alla resultat i Tour of Uppsala H\u00c4R!<\/strong><\/em><\/a><\/p>\n<p><em>Text: Tomas Larsson\/SCF<\/em><br \/>\n<em>Foto: SCF och privat<\/em><\/p>\n<hr \/>\n<a href=\"https:\/\/scf.se\/landsvag\/wp-content\/uploads\/sites\/5\/2022\/05\/BeFunky-LiggandeBannerNyheterHemsida_Svenska_spel_CRC.jpg\"><img loading=\"lazy\" decoding=\"async\" class=\"alignnone size-full wp-image-3268\" src=\"https:\/\/scf.se\/landsvag\/wp-content\/uploads\/sites\/5\/2022\/05\/BeFunky-LiggandeBannerNyheterHemsida_Svenska_spel_CRC.jpg\" alt=\"\" width=\"1200\" height=\"200\" srcset=\"https:\/\/scf.se\/landsvag\/wp-content\/uploads\/sites\/5\/2022\/05\/BeFunky-LiggandeBannerNyheterHemsida_Svenska_spel_CRC.jpg 1200w, https:\/\/scf.se\/landsvag\/wp-content\/uploads\/sites\/5\/2022\/05\/BeFunky-LiggandeBannerNyheterHemsida_Svenska_spel_CRC-300x50.jpg 300w, https:\/\/scf.se\/landsvag\/wp-content\/uploads\/sites\/5\/2022\/05\/BeFunky-LiggandeBannerNyheterHemsida_Svenska_spel_CRC-1024x171.jpg 1024w, https:\/\/scf.se\/landsvag\/wp-content\/uploads\/sites\/5\/2022\/05\/BeFunky-LiggandeBannerNyheterHemsida_Svenska_spel_CRC-768x128.jpg 768w\" sizes=\"auto, (max-width: 1200px) 100vw, 1200px\" \/><\/a>\n","protected":false},"excerpt":{"rendered":"<p>Nathalie Eklund har haft ett h\u00e4rligt tryck i pedalerna under de inledande tv\u00e5 etapperna av Tour of Uppsala. Det var v\u00e4ldigt logiskt att Eklund vann b\u00e5de sista etappen och totalen och tog sin andra etapploppsseger den h\u00e4r s\u00e4songen efter en mycket fin svensk laginsats. Det var i Tour of Portugal som allt lossnade den<a href=\"https:\/\/scf.se\/landsvag\/nathalie-eklund-vann-tour-of-uppsala-och-seger-i-lagtavlingen\/\" class=\"news-card__more\"> &#8230;<\/a><\/p>\n","protected":false},"author":41,"featured_media":3616,"comment_status":"open","ping_status":"open","sticky":false,"template":"","format":"standard","meta":{"_acf_changed":false,"footnotes":""},"categories":[1],"tags":[],"class_list":["post-3611","post","type-post","status-publish","format-standard","hentry","category-landsvag"],"acf":[],"_links":{"self":[{"href":"https:\/\/scf.se\/landsvag\/wp-json\/wp\/v2\/posts\/3611","targetHints":{"allow":["GET"]}}],"collection":[{"href":"https:\/\/scf.se\/landsvag\/wp-json\/wp\/v2\/posts"}],"about":[{"href":"https:\/\/scf.se\/landsvag\/wp-json\/wp\/v2\/types\/post"}],"author":[{"embeddable":true,"href":"https:\/\/scf.se\/landsvag\/wp-json\/wp\/v2\/users\/41"}],"replies":[{"embeddable":true,"href":"https:\/\/scf.se\/landsvag\/wp-json\/wp\/v2\/comments?post=3611"}],"version-history":[{"count":0,"href":"https:\/\/scf.se\/landsvag\/wp-json\/wp\/v2\/posts\/3611\/revisions"}],"wp:featuredmedia":[{"embeddable":true,"href":"https:\/\/scf.se\/landsvag\/wp-json\/wp\/v2\/media\/3616"}],"wp:attachment":[{"href":"https:\/\/scf.se\/landsvag\/wp-json\/wp\/v2\/media?parent=3611"}],"wp:term":[{"taxonomy":"category","embeddable":true,"href":"https:\/\/scf.se\/landsvag\/wp-json\/wp\/v2\/categories?post=3611"},{"taxonomy":"post_tag","embeddable":true,"href":"https:\/\/scf.se\/landsvag\/wp-json\/wp\/v2\/tags?post=3611"}],"curies":[{"name":"wp","href":"https:\/\/api.w.org\/{rel}","templated":true}]}}