
{"id":3576,"date":"2022-07-23T17:24:32","date_gmt":"2022-07-23T15:24:32","guid":{"rendered":"http:\/\/scf.se\/landsvag\/?p=3576"},"modified":"2022-07-23T17:24:32","modified_gmt":"2022-07-23T15:24:32","slug":"pa-sondag-startar-julia-borgstrom-i-tour-de-france-vid-eiffeltornet","status":"publish","type":"post","link":"https:\/\/scf.se\/landsvag\/pa-sondag-startar-julia-borgstrom-i-tour-de-france-vid-eiffeltornet\/","title":{"rendered":"P\u00e5 s\u00f6ndag startar Julia Borgstr\u00f6m i Tour de France\u00a0\u2013 vid Eiffeltornet"},"content":{"rendered":"<p><strong> Julia Borgstr\u00f6m, som \u00e4r proffs i AG Insurence NXTG, har l\u00e4nge kunnat sikta in sig p\u00e5 \u00e5rets h\u00f6jdpunkt. Hon \u00e4r enda svenska i startlistan p\u00e5 Tour de France.<\/strong><\/p>\n<p>Med \u00e5tta etapper, start vid Eiffeltornet p\u00e5 s\u00f6ndag, 1029 kilometer att avverka, gott om tuffa stigningar och en sammanlagd prissumma p\u00e5 250 000 dollar \u00e4r Touren en av s\u00e4songens mest spektakul\u00e4ra t\u00e4vlingar.<\/p>\n<blockquote><p>&#8221;Det kommer att bli en fantastisk upplevelse. Teamet f\u00f6rv\u00e4ntar sig att jag ska g\u00f6ra det absolut b\u00e4sta jag kan p\u00e5 varje etapp. Och det ska jag verkligen f\u00f6rs\u00f6ka leva upp till&#8221;, s\u00e4ger Julia Borgstr\u00f6m till vargardacycling.se.<\/p><\/blockquote>\n<p>Den 21-\u00e5riga sk\u00e5nskan har haft en imponerande World Tour-s\u00e4song med vinsten i ungdomst\u00e4vlingen p\u00e5 Ride London Classique i slutet av maj som h\u00f6jdpunkten. I landslagsdr\u00e4kten har hon varit femma p\u00e5 Gracia Orlov\u00e1 Tour i Tjeckien och tolva p\u00e5 EM-linjeloppet.<\/p>\n<p>Hur l\u00e5ngt det kan r\u00e4cka i Touren d\u00e4r alla de b\u00e4sta finns med och \u00e4r tokladdade p\u00e5 s\u00f6ndag \u00e5terst\u00e5r att se.<\/p>\n<blockquote><p>&#8221;Men jag ser fram emot \u00e5tta h\u00e4rliga t\u00e4vlingsdagar. Det k\u00e4nns lite nerv\u00f6st men orosk\u00e4nslorna som jag hade i b\u00f6rjan av \u00e5rets t\u00e4vlingar \u00e4r borta. Nu ska jag g\u00f6ra det b\u00e4sta jag kan och samtidigt njuta av att t\u00e4vla.&#8221;<\/p><\/blockquote>\n<div dir=\"auto\">\n<div id=\"attachment_3363\" class=\"wp-caption alignnone\" ><a href=\"https:\/\/scf.se\/landsvag\/wp-content\/uploads\/sites\/5\/2022\/06\/IMG_9744-scaled.jpg\"><img loading=\"lazy\" decoding=\"async\" class=\"size-full wp-image-3363\" src=\"https:\/\/scf.se\/landsvag\/wp-content\/uploads\/sites\/5\/2022\/06\/IMG_9744-scaled.jpg\" alt=\"\" width=\"2560\" height=\"1578\" srcset=\"https:\/\/scf.se\/landsvag\/wp-content\/uploads\/sites\/5\/2022\/06\/IMG_9744-scaled.jpg 2560w, https:\/\/scf.se\/landsvag\/wp-content\/uploads\/sites\/5\/2022\/06\/IMG_9744-300x185.jpg 300w, https:\/\/scf.se\/landsvag\/wp-content\/uploads\/sites\/5\/2022\/06\/IMG_9744-1024x631.jpg 1024w, https:\/\/scf.se\/landsvag\/wp-content\/uploads\/sites\/5\/2022\/06\/IMG_9744-768x473.jpg 768w, https:\/\/scf.se\/landsvag\/wp-content\/uploads\/sites\/5\/2022\/06\/IMG_9744-1536x947.jpg 1536w, https:\/\/scf.se\/landsvag\/wp-content\/uploads\/sites\/5\/2022\/06\/IMG_9744-2048x1262.jpg 2048w\" sizes=\"auto, (max-width: 2560px) 100vw, 2560px\" \/><\/a><p class=\"wp-caption-text\"><em>Julia Borgstr\u00f6m har cyklat till sig en r\u00e4tt stor roll i sitt nederl\u00e4ndska stall. Foto: Bastien Gason\/AG Insurance-NXTG<\/em><\/p><\/div>\n<p>Hon har vetat om NXTG-stallet har en viktig roll \u00e5t henne i Touren l\u00e4nge. Efter SM-bronset i ett varmt linjelopp i Uppsala sa hon s\u00e5 h\u00e4r till undertecknad.<\/p>\n<\/div>\n<blockquote>\n<div dir=\"auto\"><\/div>\n<div dir=\"auto\">\u201dDet k\u00e4nns fantastiskt h\u00e4ftigt att bara f\u00e5 vara med i Tour de France n\u00e4r den k\u00f6rs f\u00f6r f\u00f6rsta g\u00e5ngen p\u00e5 riktigt f\u00f6r oss tjejer. Bara att vi f\u00e5r k\u00f6ra v\u00e5r f\u00f6rsta etapp i Paris n\u00e4r herrarna avslutar sin tour, inte p\u00e5 exakt samma gator men \u00e4nd\u00e5. Sedan blir det flera Tour de France-v\u00e4gar. Det ska bli s\u00e5\u00e5\u00e5 j\u00e4kla kul!&#8221;<\/div>\n<\/blockquote>\n<ul>\n<li><a href=\"https:\/\/scf.se\/landsvag\/julia-borgstrom-har-haft-fantastisk-var-med-barande-roll-i-nxtg-stallet\/\"><em><strong>L\u00e4s mera: Julia Borgstr\u00f6m i l\u00e4ngre intervju om den fantastiskt fina s\u00e4songen.<\/strong><\/em><\/a><\/li>\n<\/ul>\n<p><em>Text: Tomas Larsson\/SCF<\/em><br \/>\n<em>Foto: Bastien Gason\/AG Insurance-NXTG<\/em><\/p>\n","protected":false},"excerpt":{"rendered":"<p>Julia Borgstr\u00f6m, som \u00e4r proffs i AG Insurence NXTG, har l\u00e4nge kunnat sikta in sig p\u00e5 \u00e5rets h\u00f6jdpunkt. Hon \u00e4r enda svenska i startlistan p\u00e5 Tour de France. Med \u00e5tta etapper, start vid Eiffeltornet p\u00e5 s\u00f6ndag, 1029 kilometer att avverka, gott om tuffa stigningar och en sammanlagd prissumma p\u00e5 250 000 dollar \u00e4r Touren<a href=\"https:\/\/scf.se\/landsvag\/pa-sondag-startar-julia-borgstrom-i-tour-de-france-vid-eiffeltornet\/\" class=\"news-card__more\"> &#8230;<\/a><\/p>\n","protected":false},"author":41,"featured_media":3367,"comment_status":"open","ping_status":"open","sticky":false,"template":"","format":"standard","meta":{"_acf_changed":false,"footnotes":""},"categories":[1],"tags":[],"class_list":["post-3576","post","type-post","status-publish","format-standard","hentry","category-landsvag"],"acf":[],"_links":{"self":[{"href":"https:\/\/scf.se\/landsvag\/wp-json\/wp\/v2\/posts\/3576","targetHints":{"allow":["GET"]}}],"collection":[{"href":"https:\/\/scf.se\/landsvag\/wp-json\/wp\/v2\/posts"}],"about":[{"href":"https:\/\/scf.se\/landsvag\/wp-json\/wp\/v2\/types\/post"}],"author":[{"embeddable":true,"href":"https:\/\/scf.se\/landsvag\/wp-json\/wp\/v2\/users\/41"}],"replies":[{"embeddable":true,"href":"https:\/\/scf.se\/landsvag\/wp-json\/wp\/v2\/comments?post=3576"}],"version-history":[{"count":0,"href":"https:\/\/scf.se\/landsvag\/wp-json\/wp\/v2\/posts\/3576\/revisions"}],"wp:featuredmedia":[{"embeddable":true,"href":"https:\/\/scf.se\/landsvag\/wp-json\/wp\/v2\/media\/3367"}],"wp:attachment":[{"href":"https:\/\/scf.se\/landsvag\/wp-json\/wp\/v2\/media?parent=3576"}],"wp:term":[{"taxonomy":"category","embeddable":true,"href":"https:\/\/scf.se\/landsvag\/wp-json\/wp\/v2\/categories?post=3576"},{"taxonomy":"post_tag","embeddable":true,"href":"https:\/\/scf.se\/landsvag\/wp-json\/wp\/v2\/tags?post=3576"}],"curies":[{"name":"wp","href":"https:\/\/api.w.org\/{rel}","templated":true}]}}