
{"id":3357,"date":"2022-06-10T17:40:58","date_gmt":"2022-06-10T15:40:58","guid":{"rendered":"http:\/\/scf.se\/landsvag\/?p=3357"},"modified":"2022-06-10T18:04:29","modified_gmt":"2022-06-10T16:04:29","slug":"julia-borgstrom-har-haft-fantastisk-var-med-barande-roll-i-nxtg-stallet","status":"publish","type":"post","link":"https:\/\/scf.se\/landsvag\/julia-borgstrom-har-haft-fantastisk-var-med-barande-roll-i-nxtg-stallet\/","title":{"rendered":"Julia Borgstr\u00f6m har haft fantastisk v\u00e5r med b\u00e4rande roll i NXTG-stallet"},"content":{"rendered":"<p><strong>Julia Borgstr\u00f6m, som fyllde 21 \u00e5r i veckan, har haft en fantastisk s\u00e4song d\u00e4r hon ofta har suttit med l\u00e5ngt fram i stenh\u00e5rda World Tour-race. Julia har inte bara vuxit in i WWT p\u00e5 allvar, har f\u00e5tt en allt st\u00f6rre roll i proffsstallet Team AG Insurance\u2013NXTG \u2013 och \u00e4ven levererat en seger i form av ungdomstr\u00f6jan i RideLondon Classique, \u00e5tta i totalen d\u00e4r.<\/strong><\/p>\n<blockquote><p>&#8221;Det har verkligen varit en j\u00e4ttestor skillnad gentemot andra v\u00e5rs\u00e4songer i min cykelkarri\u00e4r. Visst hoppas jag att man ska ta ett kliv varje \u00e5r nu n\u00e4r jag fortfarande \u00e4r s\u00e5 pass ung, men s\u00e5 h\u00e4r stor skillnad trodde jag aldrig. Vi har inte gjort n\u00e5gra st\u00f6rre f\u00f6r\u00e4ndringar heller&#8221;, s\u00e4ger Julia Borgstr\u00f6m.<\/p><\/blockquote>\n<p><strong>Vad \u00e4r det du \u00e4nd\u00e5 har \u00e4ndrat lite p\u00e5?<\/strong><\/p>\n<blockquote><p>&#8221;Jag och Alexander (Wetterhall, personliga tr\u00e4naren) har haft t\u00e4tare kontakt \u00e4n tidigare. Jag tror att det g\u00e4ller att veta n\u00e4r det \u00e4r v\u00e4rt att ta ett steg tillbaka, n\u00e4r man \u00e4r f\u00f6r sliten och tr\u00f6tt. Det g\u00e4ller att ha den konversationen, inte bara s\u00e4tta sig p\u00e5 cykeln och k\u00f6ra. Vi har inte ofta \u00e4ndrat planeringen, utan planerat med kortare framf\u00f6rh\u00e5llning efter hur jag m\u00e5r och hur det har k\u00e4nts. Det faktum att jag nu \u00e4ter mer har ocks\u00e5 haft stor betydelse.&#8221;<\/p><\/blockquote>\n<p>Julia bedriver fortfarande mesta delen av sin tr\u00e4ning i Sverige, \u00e4ven vinterveckor med sn\u00f6slask.<\/p>\n<blockquote><p>&#8221;Ja, jag k\u00f6rde \u00e4ven hela den h\u00e4r vintern i Sverige f\u00f6rutom tv\u00e5 tr\u00e4ningsl\u00e4ger utomlands. Men det har g\u00e5tt bra \u00e4nd\u00e5. \u00c4r det skitv\u00e4der kan man grotta ner sig mer \u2013 man f\u00e5r bra pannben av att tr\u00e4na i h\u00e4r hemma.&#8221;<\/p><\/blockquote>\n<div id=\"attachment_3362\" class=\"wp-caption alignnone\" ><a href=\"https:\/\/scf.se\/landsvag\/wp-content\/uploads\/sites\/5\/2022\/06\/IMG_9948-scaled.jpg\"><img loading=\"lazy\" decoding=\"async\" class=\"size-full wp-image-3362\" src=\"https:\/\/scf.se\/landsvag\/wp-content\/uploads\/sites\/5\/2022\/06\/IMG_9948-scaled.jpg\" alt=\"\" width=\"2560\" height=\"1750\" srcset=\"https:\/\/scf.se\/landsvag\/wp-content\/uploads\/sites\/5\/2022\/06\/IMG_9948-scaled.jpg 2560w, https:\/\/scf.se\/landsvag\/wp-content\/uploads\/sites\/5\/2022\/06\/IMG_9948-300x205.jpg 300w, https:\/\/scf.se\/landsvag\/wp-content\/uploads\/sites\/5\/2022\/06\/IMG_9948-1024x700.jpg 1024w, https:\/\/scf.se\/landsvag\/wp-content\/uploads\/sites\/5\/2022\/06\/IMG_9948-768x525.jpg 768w, https:\/\/scf.se\/landsvag\/wp-content\/uploads\/sites\/5\/2022\/06\/IMG_9948-1536x1050.jpg 1536w, https:\/\/scf.se\/landsvag\/wp-content\/uploads\/sites\/5\/2022\/06\/IMG_9948-2048x1400.jpg 2048w\" sizes=\"auto, (max-width: 2560px) 100vw, 2560px\" \/><\/a><p class=\"wp-caption-text\"><em>Julia Borgstr\u00f6m har en b\u00e4rande roll i AG Insurance-NXTG i de flesta t\u00e4vlingar efter en stark inledning av s\u00e4songen.\u00a0 Foto: Bastien Gason<\/em><\/p><\/div>\n<p>&nbsp;<\/p>\n<p><strong>Du har redan f\u00e5tt en r\u00e4tt stor roll i NXTG Racing och hade \u00e4ven en kaptensroll i Gracia Orlov\u00e1 tour d\u00e5 du var femma och Jenny Rissveds tv\u00e5a, hur trivs du med det?<\/strong><\/p>\n<blockquote><p>&#8221;Det \u00e4r roligt. Visst, lite press ocks\u00e5 n\u00e4r man hela tiden ska t\u00e4nka f\u00f6r lagets b\u00e4sta. Men vi har en ansvarsf\u00f6rdelning som har fungerat bra. Jag har ofta lite ledarroll, men brukar inte var kapten. Sedan f\u00e5r jag ju direktiv av sportchefen Jolien D&#8217;hoore, som pratar mycket med mig i radion. Jag har fortfarande mycket att l\u00e4ra n\u00e4r det g\u00e4ller vad jag beh\u00f6ver f\u00e5 ut, men har bra uppbackning.&#8221;<\/p><\/blockquote>\n<p><strong>Hur var det n\u00e4r ni i det svenska laget dominerade Gracia Olov\u00e1 tour med v\u00e4ldigt offensiv k\u00f6rning?\u00a0<\/strong><\/p>\n<blockquote><p>&#8221;Kul! Och helt annat \u00e4n i en World tour-t\u00e4vling, ALLA fick g\u00e5 utanf\u00f6r sin comfortzon. Jag var kapten och och hade ansvar att den plan som Lucas (Persson, f\u00f6rbundskaptenen) och Alexander lade upp skulle utf\u00f6ras i t\u00e4vlingen. Det var sm\u00e5 val hela tiden.<\/p><\/blockquote>\n<p>N\u00e4r NXTG l\u00e5nade ut Julia till landslaget ville hon ge tillbaka i n\u00e4sta etapplopp i Frankrike fast det bara var en dags vila emellan.<\/p>\n<blockquote><p>&#8221;D\u00e5 \u00e4r det s\u00e5 viktigt att man \u00e4ter och dricker tillr\u00e4ckligt. Sedan var jag ren hj\u00e4lpryttare i det loppet\u00a0 d\u00e4r allt gick ut p\u00e5 att s\u00e4tta upp Ally Wollaston i bra l\u00e4ge inf\u00f6r spurterna. Det blev tre podiumplatser; bra etapplopp f\u00f6r laget.&#8221;<\/p><\/blockquote>\n<div id=\"attachment_3366\" class=\"wp-caption alignnone\" ><a href=\"https:\/\/scf.se\/landsvag\/wp-content\/uploads\/sites\/5\/2022\/06\/BAST9747.jpg\"><img loading=\"lazy\" decoding=\"async\" class=\"size-full wp-image-3366\" src=\"https:\/\/scf.se\/landsvag\/wp-content\/uploads\/sites\/5\/2022\/06\/BAST9747.jpg\" alt=\"\" width=\"2400\" height=\"1600\" srcset=\"https:\/\/scf.se\/landsvag\/wp-content\/uploads\/sites\/5\/2022\/06\/BAST9747.jpg 2400w, https:\/\/scf.se\/landsvag\/wp-content\/uploads\/sites\/5\/2022\/06\/BAST9747-300x200.jpg 300w, https:\/\/scf.se\/landsvag\/wp-content\/uploads\/sites\/5\/2022\/06\/BAST9747-1024x683.jpg 1024w, https:\/\/scf.se\/landsvag\/wp-content\/uploads\/sites\/5\/2022\/06\/BAST9747-768x512.jpg 768w, https:\/\/scf.se\/landsvag\/wp-content\/uploads\/sites\/5\/2022\/06\/BAST9747-1536x1024.jpg 1536w, https:\/\/scf.se\/landsvag\/wp-content\/uploads\/sites\/5\/2022\/06\/BAST9747-2048x1365.jpg 2048w\" sizes=\"auto, (max-width: 2400px) 100vw, 2400px\" \/><\/a><p class=\"wp-caption-text\"><em>Ungt lag med flera duktiga framtidscyklister&#8230;\u00a0 \u00a0Foto: Bastien Gason<\/em><\/p><\/div>\n<p>&nbsp;<\/p>\n<p><strong>Nu senast vann du ungdomstr\u00f6jan, viktigt att vinna f\u00f6r ett helt igenom ungt lag va?<\/strong><\/p>\n<blockquote><p>&#8221;Det var fantastiskt sk\u00f6nt att f\u00e5 utdelning f\u00f6r laget. Vi ligger ofta n\u00e4ra ungdomstr\u00f6jan i etapploppen och ganska bra till \u00e4ven i totalen. Nu gick det hela v\u00e4gen och det var stort f\u00f6r oss.&#8221;<\/p><\/blockquote>\n<p>Och man kan utan att skarva det allra minsta s\u00e4ga att det var dramatik in i det sista. S\u00e5 h\u00e4r ber\u00e4ttar Julia sj\u00e4lv om succ\u00e9n i RideLondon Classique.<\/p>\n<blockquote><p>&#8221;Den f\u00f6rsta dagen var lite kuperad, sm\u00e5 &#8221;knickar&#8221; hela dagen. Jag hade en helt fri roll i b\u00f6rjan i etappen. Mot slutet fokuserade vi p\u00e5 v\u00e5r spurtare, som fick ett mekaniskt problem \u2013 d\u00e5 fick jag order i radion att switcha och bara t\u00e4nka eget resultat igen. Andra etappen var lite mera kuperat. Nu hade jag f\u00e5tt en fri roll, egentligen hela v\u00e4gen, att g\u00f6ra vad jag kan. Inf\u00f6r tredje hade jag en delad andraplats i ungdomst\u00e4vlingen och det var v\u00e4ldigt j\u00e4mnt , s\u00e5 h\u00e4r g\u00e4llde det att jaga bonussekunder i spurtpriserna.&#8221;<\/p><\/blockquote>\n<div id=\"attachment_3364\" class=\"wp-caption alignnone\" ><a href=\"https:\/\/scf.se\/landsvag\/wp-content\/uploads\/sites\/5\/2022\/06\/IMG_5745-scaled.jpg\"><img loading=\"lazy\" decoding=\"async\" class=\"size-full wp-image-3364\" src=\"https:\/\/scf.se\/landsvag\/wp-content\/uploads\/sites\/5\/2022\/06\/IMG_5745-scaled.jpg\" alt=\"\" width=\"2560\" height=\"1953\" srcset=\"https:\/\/scf.se\/landsvag\/wp-content\/uploads\/sites\/5\/2022\/06\/IMG_5745-scaled.jpg 2560w, https:\/\/scf.se\/landsvag\/wp-content\/uploads\/sites\/5\/2022\/06\/IMG_5745-300x229.jpg 300w, https:\/\/scf.se\/landsvag\/wp-content\/uploads\/sites\/5\/2022\/06\/IMG_5745-1024x781.jpg 1024w, https:\/\/scf.se\/landsvag\/wp-content\/uploads\/sites\/5\/2022\/06\/IMG_5745-768x586.jpg 768w, https:\/\/scf.se\/landsvag\/wp-content\/uploads\/sites\/5\/2022\/06\/IMG_5745-1536x1172.jpg 1536w, https:\/\/scf.se\/landsvag\/wp-content\/uploads\/sites\/5\/2022\/06\/IMG_5745-2048x1562.jpg 2048w\" sizes=\"auto, (max-width: 2560px) 100vw, 2560px\" \/><\/a><p class=\"wp-caption-text\"><em>Julia Borgstr\u00f6m har f\u00e5tt en bra ink\u00f6rsport i livet som proffscyklist i AG Insurance-NXTG.\u00a0 Foto: Bastien Gason<\/em><\/p><\/div>\n<p>&nbsp;<\/p>\n<p>Det mindre nederl\u00e4ndska NXTG-stallet, som satsar p\u00e5 unga cyklister, har varit en bra ink\u00f6rsport till livet som heltidscyklist f\u00f6r Julia.<\/p>\n<blockquote><p>&#8221;Mycket. Det som \u00e4r sv\u00e5rt n\u00e4r man \u00e4r yngre och kontraktsletande \u00e4r att det finns f\u00f6rdelar och nackdelar \u00f6verallt. H\u00e4r f\u00e5r jag uppbackning fr\u00e5n laget. Jag f\u00e5r f\u00f6rst\u00e5else och rutin av olika roller. Det \u00e4r ofantligt givande. Ena dagen blir jag b\u00e4ttre p\u00e5 att dra upp spurtaren, den andra k\u00f6r jag enbart f\u00f6r egen vinning. Just nu \u00e4r det extremt mycket att l\u00e4ra fr\u00e5n varje t\u00e4vling. Mycket t\u00e4vlingar \u00e4r bra f\u00f6r mig just nu. Jag \u00e4r ju n\u00f6jd med hur det har k\u00e4nts p\u00e5 cykeln, men vill samtidigt f\u00e5 ut mera i placeringar av de bra l\u00e4gena som jag har haft.&#8221;<\/p><\/blockquote>\n<p><strong>Tror du att det \u00e4r i tuffa klassikerlopp som du har mest potential?<\/strong><\/p>\n<blockquote><p>&#8221;Vilken typ av cyklist jag \u00e4r har varit v\u00e4ldigt oklart under hela min karri\u00e4r, ha ha. Men det ligger nog mycket i att jag passar b\u00e4st i klassikerliknande lopp. Jag \u00e4r ju ingen klassisk spurtare, s\u00e5 h\u00e5rda lopp och med f\u00f6rdel en avslutning uppf\u00f6r passar bra.&#8221;<\/p><\/blockquote>\n<div id=\"attachment_3365\" class=\"wp-caption alignnone\" ><a href=\"https:\/\/scf.se\/landsvag\/wp-content\/uploads\/sites\/5\/2022\/06\/BAST9300-scaled.jpg\"><img loading=\"lazy\" decoding=\"async\" class=\"size-full wp-image-3365\" src=\"https:\/\/scf.se\/landsvag\/wp-content\/uploads\/sites\/5\/2022\/06\/BAST9300-scaled.jpg\" alt=\"\" width=\"2560\" height=\"1576\" srcset=\"https:\/\/scf.se\/landsvag\/wp-content\/uploads\/sites\/5\/2022\/06\/BAST9300-scaled.jpg 2560w, https:\/\/scf.se\/landsvag\/wp-content\/uploads\/sites\/5\/2022\/06\/BAST9300-300x185.jpg 300w, https:\/\/scf.se\/landsvag\/wp-content\/uploads\/sites\/5\/2022\/06\/BAST9300-1024x631.jpg 1024w, https:\/\/scf.se\/landsvag\/wp-content\/uploads\/sites\/5\/2022\/06\/BAST9300-768x473.jpg 768w, https:\/\/scf.se\/landsvag\/wp-content\/uploads\/sites\/5\/2022\/06\/BAST9300-1536x946.jpg 1536w, https:\/\/scf.se\/landsvag\/wp-content\/uploads\/sites\/5\/2022\/06\/BAST9300-2048x1261.jpg 2048w\" sizes=\"auto, (max-width: 2560px) 100vw, 2560px\" \/><\/a><p class=\"wp-caption-text\"><em>Julia Borgstr\u00f6m k\u00f6r mot tufft WWT-motst\u00e5nd var och varannan vecka. Utvecklande var ordet. Foto: Bastien Gason<\/em><\/p><\/div>\n<p>&nbsp;<\/p>\n<p><strong>Och bland de st\u00f6rsta damcyklisterna genom tiderna \u00e4r v\u00e4l de flesta \u00e5t det h\u00e5llet?<\/strong><\/p>\n<blockquote><p>&#8221;Ja, jag tror att som damcyklist m\u00e5ste du vara mera allsidig. Men det g\u00e5r mot att du kan specificera sig mera som cyklist \u00e4ven p\u00e5 damsidan, man kan inte k\u00f6ra alla t\u00e4vlingar ett helt \u00e5r och d\u00e5 tittar man p\u00e5 banprofilerna \u00e4ven i klassikerloppen.&#8221;<\/p><\/blockquote>\n<p><strong>Aprop\u00e5 allsidigt, vilka av SM-loppen i juni kommer du att k\u00f6ra?<\/strong><\/p>\n<blockquote><p>&#8221;Det \u00e4r inte klart men det lutar \u00e5t tempo och linjet i Uppsala och att jag missar kortbana i Link\u00f6ping. D\u00e5 ska jag troligen k\u00f6ra en annan t\u00e4vling med laget, men det \u00e4r inte spikat.&#8221;<\/p><\/blockquote>\n<p>Julia Borgstr\u00f6m beger sig h\u00e4rn\u00e4st till Belgien f\u00f6r Dwars door het Hageland den 11 juni.<\/p>\n<div id=\"attachment_3363\" class=\"wp-caption alignnone\" ><a href=\"https:\/\/scf.se\/landsvag\/wp-content\/uploads\/sites\/5\/2022\/06\/IMG_9744-scaled.jpg\"><img loading=\"lazy\" decoding=\"async\" class=\"size-full wp-image-3363\" src=\"https:\/\/scf.se\/landsvag\/wp-content\/uploads\/sites\/5\/2022\/06\/IMG_9744-scaled.jpg\" alt=\"\" width=\"2560\" height=\"1578\" srcset=\"https:\/\/scf.se\/landsvag\/wp-content\/uploads\/sites\/5\/2022\/06\/IMG_9744-scaled.jpg 2560w, https:\/\/scf.se\/landsvag\/wp-content\/uploads\/sites\/5\/2022\/06\/IMG_9744-300x185.jpg 300w, https:\/\/scf.se\/landsvag\/wp-content\/uploads\/sites\/5\/2022\/06\/IMG_9744-1024x631.jpg 1024w, https:\/\/scf.se\/landsvag\/wp-content\/uploads\/sites\/5\/2022\/06\/IMG_9744-768x473.jpg 768w, https:\/\/scf.se\/landsvag\/wp-content\/uploads\/sites\/5\/2022\/06\/IMG_9744-1536x947.jpg 1536w, https:\/\/scf.se\/landsvag\/wp-content\/uploads\/sites\/5\/2022\/06\/IMG_9744-2048x1262.jpg 2048w\" sizes=\"auto, (max-width: 2560px) 100vw, 2560px\" \/><\/a><p class=\"wp-caption-text\"><em>Julia Borgstr\u00f6m njuter av att k\u00f6ra inf\u00f6r publik igen n\u00e4r det \u00e4r tuffa backar och kullersten som h\u00e4r&#8230;<\/em>\u00a0<em> Foto: Bastien Gason<\/em><\/p><\/div>\n<p>&nbsp;<\/p>\n<p><strong>Hur har det varit n\u00e4r publiken har sl\u00e4ppts p\u00e5 i belgiska t\u00e4vlingar?\u00a0<\/strong><\/p>\n<blockquote><p>&#8221;Under covidrestriktionerna t\u00e4nkte jag inte s\u00e5 mycket p\u00e5 det d\u00e5 allt var nytt. Men nu har det varit V\u00c4LDIGT stor skillnad. K\u00e4nslan i klassikerna n\u00e4r man k\u00f6r uppf\u00f6r kullerstensbackar \u00e4r otrolig&#8221;, s\u00e4ger Julia som gjorde sitt andra VM i Belgien i h\u00f6stas.<\/p><\/blockquote>\n<p><strong>Du sitter ofta h\u00f6gt upp i ruggigt vassa klungor, ber\u00e4tta hur det har varit!<\/strong><\/p>\n<blockquote><p>&#8221;Man l\u00e4r sig verkligen j\u00e4ttemycket av att sitta d\u00e4r; sv\u00e5rt att l\u00e4ra sig k\u00f6ra avslutning utan att vara med i de situationerna g\u00e5ng efter g\u00e5ng. Och jag m\u00e5ste l\u00e4ra mig att avsluta loppen b\u00e4ttre f\u00f6r att ta n\u00e4sta steg. Det \u00e4r s\u00e5 sm\u00e5 val. Men jag k\u00e4nner trygghet av guidningen av Jolien, som \u00e4r gammal spurtare. Jag b\u00f6rjar k\u00e4nna mig allt mer sj\u00e4lvs\u00e4ker i de situationerna&#8230;&#8221;<\/p><\/blockquote>\n<p><em>Text: Tomas Larsson\/SCF<br \/>\nFoto: Bastien Gason\/AG Insurance-NXTG<br \/>\n<\/em><\/p>\n<p>&nbsp;<\/p>\n","protected":false},"excerpt":{"rendered":"<p>Julia Borgstr\u00f6m, som fyllde 21 \u00e5r i veckan, har haft en fantastisk s\u00e4song d\u00e4r hon ofta har suttit med l\u00e5ngt fram i stenh\u00e5rda World Tour-race. Julia har inte bara vuxit in i WWT p\u00e5 allvar, har f\u00e5tt en allt st\u00f6rre roll i proffsstallet Team AG Insurance\u2013NXTG \u2013 och \u00e4ven levererat en seger i form<a href=\"https:\/\/scf.se\/landsvag\/julia-borgstrom-har-haft-fantastisk-var-med-barande-roll-i-nxtg-stallet\/\" class=\"news-card__more\"> &#8230;<\/a><\/p>\n","protected":false},"author":41,"featured_media":3367,"comment_status":"open","ping_status":"open","sticky":false,"template":"","format":"standard","meta":{"_acf_changed":false,"footnotes":""},"categories":[1],"tags":[],"class_list":["post-3357","post","type-post","status-publish","format-standard","hentry","category-landsvag"],"acf":[],"_links":{"self":[{"href":"https:\/\/scf.se\/landsvag\/wp-json\/wp\/v2\/posts\/3357","targetHints":{"allow":["GET"]}}],"collection":[{"href":"https:\/\/scf.se\/landsvag\/wp-json\/wp\/v2\/posts"}],"about":[{"href":"https:\/\/scf.se\/landsvag\/wp-json\/wp\/v2\/types\/post"}],"author":[{"embeddable":true,"href":"https:\/\/scf.se\/landsvag\/wp-json\/wp\/v2\/users\/41"}],"replies":[{"embeddable":true,"href":"https:\/\/scf.se\/landsvag\/wp-json\/wp\/v2\/comments?post=3357"}],"version-history":[{"count":0,"href":"https:\/\/scf.se\/landsvag\/wp-json\/wp\/v2\/posts\/3357\/revisions"}],"wp:featuredmedia":[{"embeddable":true,"href":"https:\/\/scf.se\/landsvag\/wp-json\/wp\/v2\/media\/3367"}],"wp:attachment":[{"href":"https:\/\/scf.se\/landsvag\/wp-json\/wp\/v2\/media?parent=3357"}],"wp:term":[{"taxonomy":"category","embeddable":true,"href":"https:\/\/scf.se\/landsvag\/wp-json\/wp\/v2\/categories?post=3357"},{"taxonomy":"post_tag","embeddable":true,"href":"https:\/\/scf.se\/landsvag\/wp-json\/wp\/v2\/tags?post=3357"}],"curies":[{"name":"wp","href":"https:\/\/api.w.org\/{rel}","templated":true}]}}