
{"id":3269,"date":"2022-05-20T15:23:54","date_gmt":"2022-05-20T13:23:54","guid":{"rendered":"http:\/\/scf.se\/landsvag\/?p=3269"},"modified":"2022-05-27T06:03:29","modified_gmt":"2022-05-27T04:03:29","slug":"ungt-svenskt-lag-moter-tuff-konkurrens-i-estland-stalberg-debuterar","status":"publish","type":"post","link":"https:\/\/scf.se\/landsvag\/ungt-svenskt-lag-moter-tuff-konkurrens-i-estland-stalberg-debuterar\/","title":{"rendered":"Ungt lag m\u00f6ter tuff konkurrens i Tour of Estonia \u2013 St\u00e5lberg debuterar"},"content":{"rendered":"<p><strong>Lucas Persson och Alexander Wetterhall \u00e5ker till Tour of Estonia, som har ett riktigt tufft startf\u00e4lt inklusive ett World tour-lag, med ett ungt framtidslag. \u00c5kstarke Nyk\u00f6pingscyklisten Albin St\u00e5lberg, som efter en s\u00e4song i Motala nu k\u00f6r f\u00f6r Team Svealand och Bara Posten, g\u00f6r landslagsdebut p\u00e5 seniorniv\u00e5.\u00a0<\/strong><\/p>\n<blockquote><p>&#8221;Vi har unga, \u00e5kstarka cyklister och sprinters till start. Vi startar med sju cyklister; fem U23:or och tv\u00e5 killar som fyller 23 \u00e5r. Ett ungt lag med andra ord. Och det \u00e4r m\u00e5nga det bra lag med&#8221;, s\u00e4ger svenska f\u00f6rbundskaptenen Lucas Persson inf\u00f6r etapploppet som startar 26 maj.<\/p><\/blockquote>\n<div id=\"attachment_3271\" class=\"wp-caption alignnone\" ><a href=\"https:\/\/scf.se\/landsvag\/wp-content\/uploads\/sites\/5\/2022\/05\/DSC05434-1.jpg\"><img loading=\"lazy\" decoding=\"async\" class=\"size-full wp-image-3271\" src=\"https:\/\/scf.se\/landsvag\/wp-content\/uploads\/sites\/5\/2022\/05\/DSC05434-1.jpg\" alt=\"\" width=\"2400\" height=\"1601\" srcset=\"https:\/\/scf.se\/landsvag\/wp-content\/uploads\/sites\/5\/2022\/05\/DSC05434-1.jpg 2400w, https:\/\/scf.se\/landsvag\/wp-content\/uploads\/sites\/5\/2022\/05\/DSC05434-1-300x200.jpg 300w, https:\/\/scf.se\/landsvag\/wp-content\/uploads\/sites\/5\/2022\/05\/DSC05434-1-1024x683.jpg 1024w, https:\/\/scf.se\/landsvag\/wp-content\/uploads\/sites\/5\/2022\/05\/DSC05434-1-768x512.jpg 768w, https:\/\/scf.se\/landsvag\/wp-content\/uploads\/sites\/5\/2022\/05\/DSC05434-1-1536x1025.jpg 1536w, https:\/\/scf.se\/landsvag\/wp-content\/uploads\/sites\/5\/2022\/05\/DSC05434-1-2048x1366.jpg 2048w\" sizes=\"auto, (max-width: 2400px) 100vw, 2400px\" \/><\/a><p class=\"wp-caption-text\">Lucas Persson ser fram emot ett roligt men tufft Tour of Estonia.<\/p><\/div>\n<p>&nbsp;<\/p>\n<p>Det som sticker ut av lagen som kommer till start i Estland \u00e4r australiensiska World tour-laget Bikeexchange-Jayco. Sedan spanska Burgos och Team Novo Nordisk fr\u00e5n USA fr\u00e5n UCI Pro Teams-niv\u00e5n, en r\u00e4cka Continentallag \u2013 samt rena landslag bara fr\u00e5n Sverige, Finland, Lettland, Litauen och Estland. Tufft var ordet.<\/p>\n<h3>Sveriges trupp till Tour of Estonia<\/h3>\n<ul>\n<li>Linus Eriksson Kvist, Motala AIF Serneke Allebike<\/li>\n<li>Hugo Forssell, CK Hymer<\/li>\n<li>Hugo Lennartsson, Motala AIF Serneke Allebike<\/li>\n<li>Edvin Lovidius, Motala AIF Serneke Allebike<\/li>\n<li>Eric Pedersen CK Bure<\/li>\n<li>David Larsson, Staffanstorp CK<\/li>\n<li>Albin St\u00e5lberg, Bara Posten*<\/li>\n<\/ul>\n<div id=\"attachment_3270\" class=\"wp-caption alignnone\" ><a href=\"https:\/\/scf.se\/landsvag\/wp-content\/uploads\/sites\/5\/2022\/05\/Albin-Stalberg.jpg\"><img loading=\"lazy\" decoding=\"async\" class=\"size-full wp-image-3270\" src=\"https:\/\/scf.se\/landsvag\/wp-content\/uploads\/sites\/5\/2022\/05\/Albin-Stalberg.jpg\" alt=\"\" width=\"630\" height=\"479\" srcset=\"https:\/\/scf.se\/landsvag\/wp-content\/uploads\/sites\/5\/2022\/05\/Albin-Stalberg.jpg 630w, https:\/\/scf.se\/landsvag\/wp-content\/uploads\/sites\/5\/2022\/05\/Albin-Stalberg-300x228.jpg 300w\" sizes=\"auto, (max-width: 630px) 100vw, 630px\" \/><\/a><p class=\"wp-caption-text\">Debutanten Albin St\u00e5lberg \u00e4r r\u00e4tt unik n\u00e4r det g\u00e4ller seniorlandslagscyklister fr\u00e5n Nyk\u00f6ping.<\/p><\/div>\n<h3>H\u00e4r \u00e4r ledarstaben i Estland<\/h3>\n<ul>\n<li>Coacher: Lucas Persson, Alexander Wetterhall<\/li>\n<li>Mekaniker: Simon Spiesz<\/li>\n<li>Fotograf och extrahj\u00e4lp: Sebastian Mattsson<\/li>\n<\/ul>\n<p>Och s\u00e5 h\u00e4r ser etapperna ut i Tour of Estonia, beskrivna av Lucas Persson:<\/p>\n<p><strong>Dag 1:<\/strong> H\u00e4r k\u00f6rs en prolog med linjecykel. Fullt \u00f6s med b\u00e5de kullersten och grusv\u00e4g.<\/p>\n<p><strong>Dag 2:<\/strong> D\u00e5 r\u00e4knar vi med kantvind och spurtavslut. H\u00e4r blir det viktigt att sitta h\u00f6gt upp med laget s\u00e5 att det inte spricker av i kantvinden framf\u00f6r oss.<\/p>\n<p><strong>Dag 3:<\/strong> Ett varv inne i Tartu som \u00e4r tekniskt och kuperat; h\u00e4r handlar det mycket om att vara med och hj\u00e4lpas \u00e5t att vara med p\u00e5 utbrytningarna och vara beredd p\u00e5 n\u00e4r dom b\u00e4sta cyklisterna k\u00f6r final till sist.<\/p>\n<p><em><strong>Text:<\/strong> Tomas Larsson\/SCF<br \/>\nFoto: SCF, Dalibor Valek samt Privat<\/em><\/p>\n<p><em>*Budf\u00f6retaget Ryska Posten, som \u00e4ven var namn p\u00e5 en cykelklubb, bytte redan i mars namn till Bara posten efter Rysslands invasion av Ukraina \u2013 p\u00e5 eget initiativ f\u00f6r att markera.\u00a0<\/em><\/p>\n<hr \/>\n<p><em><strong>Svenska Cykelf\u00f6rbundet \u00e4r stolta \u00f6ver att presentera v\u00e5ra samarbetspartners, till SM-veckan i Link\u00f6ping tillkommer Svenska Spel #tillsammansf\u00f6rflerir\u00f6relse och CRC med alla sina cykelrelaterade produkter. Tack vare alla dessa f\u00f6retag nedan kan v\u00e5ra cyklister oftare ta sig l\u00e4ngre ut i v\u00e4rlden. Kolla g\u00e4rna in dem!<\/strong><\/em><\/p>\n<a href=\"https:\/\/scf.se\/landsvag\/wp-content\/uploads\/sites\/5\/2022\/05\/BeFunky-LiggandeBannerNyheterHemsida_Svenska_spel_CRC.jpg\"><img loading=\"lazy\" decoding=\"async\" class=\"alignnone size-full wp-image-3268\" src=\"https:\/\/scf.se\/landsvag\/wp-content\/uploads\/sites\/5\/2022\/05\/BeFunky-LiggandeBannerNyheterHemsida_Svenska_spel_CRC.jpg\" alt=\"\" width=\"1200\" height=\"200\" srcset=\"https:\/\/scf.se\/landsvag\/wp-content\/uploads\/sites\/5\/2022\/05\/BeFunky-LiggandeBannerNyheterHemsida_Svenska_spel_CRC.jpg 1200w, https:\/\/scf.se\/landsvag\/wp-content\/uploads\/sites\/5\/2022\/05\/BeFunky-LiggandeBannerNyheterHemsida_Svenska_spel_CRC-300x50.jpg 300w, https:\/\/scf.se\/landsvag\/wp-content\/uploads\/sites\/5\/2022\/05\/BeFunky-LiggandeBannerNyheterHemsida_Svenska_spel_CRC-1024x171.jpg 1024w, https:\/\/scf.se\/landsvag\/wp-content\/uploads\/sites\/5\/2022\/05\/BeFunky-LiggandeBannerNyheterHemsida_Svenska_spel_CRC-768x128.jpg 768w\" sizes=\"auto, (max-width: 1200px) 100vw, 1200px\" \/><\/a>\n","protected":false},"excerpt":{"rendered":"<p>Lucas Persson och Alexander Wetterhall \u00e5ker till Tour of Estonia, som har ett riktigt tufft startf\u00e4lt inklusive ett World tour-lag, med ett ungt framtidslag. \u00c5kstarke Nyk\u00f6pingscyklisten Albin St\u00e5lberg, som efter en s\u00e4song i Motala nu k\u00f6r f\u00f6r Team Svealand och Bara Posten, g\u00f6r landslagsdebut p\u00e5 seniorniv\u00e5.\u00a0 &#8221;Vi har unga, \u00e5kstarka cyklister och sprinters till<a href=\"https:\/\/scf.se\/landsvag\/ungt-svenskt-lag-moter-tuff-konkurrens-i-estland-stalberg-debuterar\/\" class=\"news-card__more\"> &#8230;<\/a><\/p>\n","protected":false},"author":41,"featured_media":3249,"comment_status":"open","ping_status":"open","sticky":false,"template":"","format":"standard","meta":{"_acf_changed":false,"footnotes":""},"categories":[1],"tags":[],"class_list":["post-3269","post","type-post","status-publish","format-standard","hentry","category-landsvag"],"acf":[],"_links":{"self":[{"href":"https:\/\/scf.se\/landsvag\/wp-json\/wp\/v2\/posts\/3269","targetHints":{"allow":["GET"]}}],"collection":[{"href":"https:\/\/scf.se\/landsvag\/wp-json\/wp\/v2\/posts"}],"about":[{"href":"https:\/\/scf.se\/landsvag\/wp-json\/wp\/v2\/types\/post"}],"author":[{"embeddable":true,"href":"https:\/\/scf.se\/landsvag\/wp-json\/wp\/v2\/users\/41"}],"replies":[{"embeddable":true,"href":"https:\/\/scf.se\/landsvag\/wp-json\/wp\/v2\/comments?post=3269"}],"version-history":[{"count":0,"href":"https:\/\/scf.se\/landsvag\/wp-json\/wp\/v2\/posts\/3269\/revisions"}],"wp:featuredmedia":[{"embeddable":true,"href":"https:\/\/scf.se\/landsvag\/wp-json\/wp\/v2\/media\/3249"}],"wp:attachment":[{"href":"https:\/\/scf.se\/landsvag\/wp-json\/wp\/v2\/media?parent=3269"}],"wp:term":[{"taxonomy":"category","embeddable":true,"href":"https:\/\/scf.se\/landsvag\/wp-json\/wp\/v2\/categories?post=3269"},{"taxonomy":"post_tag","embeddable":true,"href":"https:\/\/scf.se\/landsvag\/wp-json\/wp\/v2\/tags?post=3269"}],"curies":[{"name":"wp","href":"https:\/\/api.w.org\/{rel}","templated":true}]}}