
{"id":2765,"date":"2021-06-20T11:43:00","date_gmt":"2021-06-20T09:43:00","guid":{"rendered":"http:\/\/scf.se\/landsvag\/?p=2765"},"modified":"2021-06-20T11:54:31","modified_gmt":"2021-06-20T09:54:31","slug":"vinnaren-i-dam-junior-sm-landsvag-linje-ar-utsedd","status":"publish","type":"post","link":"https:\/\/scf.se\/landsvag\/vinnaren-i-dam-junior-sm-landsvag-linje-ar-utsedd\/","title":{"rendered":"Vinnaren i Dam Junior SM Landsv\u00e4g Linje \u00e4r utsedd"},"content":{"rendered":"<p>Andra dagen av Skandisloppet, Svenska M\u00e4sterskapen Landsv\u00e4g Linje, p\u00e5g\u00e5r just NU. F\u00f6rst ut p\u00e5 Tierp Arena idag var Dam Junior och \u00e5rets SM-vinnare \u00e4r Alma Johansson, M\u00f6lndals CK.<\/p>\n<blockquote><p>\u00a0Dagens t\u00e4vling var v\u00e4ldigt avvaktande med n\u00e5gra sm\u00e5attacker under loppets g\u00e5ng. N\u00e4r det n\u00e4rmade sig m\u00e5lg\u00e5ng kom de fem startande in p\u00e5 spurten och resultatet talar f\u00f6r sig sj\u00e4lv d\u00e4r Alma Johansson vinner, s\u00e4ger Alexander Wetterhall, Assisterande F\u00f6rbundskapten Landsv\u00e4g, Svenska Cykelf\u00f6rbundet.<\/p><\/blockquote>\n<p>SM-vinnaren Alma kommenterade dagens lopp efter\u00e5t:<\/p>\n<blockquote><p>Det k\u00e4nns j\u00e4ttebra! Det h\u00e4r har varit h\u00f6jdpunkten \u00e4ven om det var p\u00e5 en motorbana. Trots att det var f\u00e5 startande, var det ett h\u00e5rt motst\u00e5nd. Jag har tr\u00e4nat h\u00e5rt s\u00e5 det k\u00e4nns j\u00e4tteroligt, s\u00e4ger Alma Johansson, SM-vinnare Dam Junior Landv\u00e4g Linje 2021.<\/p><\/blockquote>\n<p>Resultat<\/p>\n<p><strong>Dam Junior:<\/strong><\/p>\n<ol>\n<li>Alma Johansson, M\u00f6lndals CK, 1:53:40<\/li>\n<li>Felicia Bengtsson, CK Bure, 1:53:40<\/li>\n<li>Felicia Israelsson, Motala AIF CK, 1:53:40<\/li>\n<\/ol>\n<p>Fullst\u00e4ndig resultatlista finns <a href=\"https:\/\/www.sportstiming.se\/event\/9071\/results?round=42431\">H\u00c4R<\/a><\/p>\n","protected":false},"excerpt":{"rendered":"<p>Andra dagen av Skandisloppet, Svenska M\u00e4sterskapen Landsv\u00e4g Linje, p\u00e5g\u00e5r just NU. F\u00f6rst ut p\u00e5 Tierp Arena idag var Dam Junior och \u00e5rets SM-vinnare \u00e4r Alma Johansson, M\u00f6lndals CK. \u00a0Dagens t\u00e4vling var v\u00e4ldigt avvaktande med n\u00e5gra sm\u00e5attacker under loppets g\u00e5ng. N\u00e4r det n\u00e4rmade sig m\u00e5lg\u00e5ng kom de fem startande in p\u00e5 spurten och resultatet talar<a href=\"https:\/\/scf.se\/landsvag\/vinnaren-i-dam-junior-sm-landsvag-linje-ar-utsedd\/\" class=\"news-card__more\"> &#8230;<\/a><\/p>\n","protected":false},"author":38,"featured_media":2767,"comment_status":"open","ping_status":"open","sticky":false,"template":"","format":"standard","meta":{"_acf_changed":false,"footnotes":""},"categories":[1],"tags":[],"class_list":["post-2765","post","type-post","status-publish","format-standard","hentry","category-landsvag"],"acf":[],"_links":{"self":[{"href":"https:\/\/scf.se\/landsvag\/wp-json\/wp\/v2\/posts\/2765","targetHints":{"allow":["GET"]}}],"collection":[{"href":"https:\/\/scf.se\/landsvag\/wp-json\/wp\/v2\/posts"}],"about":[{"href":"https:\/\/scf.se\/landsvag\/wp-json\/wp\/v2\/types\/post"}],"author":[{"embeddable":true,"href":"https:\/\/scf.se\/landsvag\/wp-json\/wp\/v2\/users\/38"}],"replies":[{"embeddable":true,"href":"https:\/\/scf.se\/landsvag\/wp-json\/wp\/v2\/comments?post=2765"}],"version-history":[{"count":0,"href":"https:\/\/scf.se\/landsvag\/wp-json\/wp\/v2\/posts\/2765\/revisions"}],"wp:featuredmedia":[{"embeddable":true,"href":"https:\/\/scf.se\/landsvag\/wp-json\/wp\/v2\/media\/2767"}],"wp:attachment":[{"href":"https:\/\/scf.se\/landsvag\/wp-json\/wp\/v2\/media?parent=2765"}],"wp:term":[{"taxonomy":"category","embeddable":true,"href":"https:\/\/scf.se\/landsvag\/wp-json\/wp\/v2\/categories?post=2765"},{"taxonomy":"post_tag","embeddable":true,"href":"https:\/\/scf.se\/landsvag\/wp-json\/wp\/v2\/tags?post=2765"}],"curies":[{"name":"wp","href":"https:\/\/api.w.org\/{rel}","templated":true}]}}