
{"id":270,"date":"2016-01-23T22:45:03","date_gmt":"2016-01-23T21:45:03","guid":{"rendered":"http:\/\/84.19.147.213\/landsvag\/?p=270"},"modified":"2016-01-26T09:34:07","modified_gmt":"2016-01-26T08:34:07","slug":"fredrik-ludvigsson-i-svar-olycka","status":"publish","type":"post","link":"https:\/\/scf.se\/landsvag\/fredrik-ludvigsson-i-svar-olycka\/","title":{"rendered":"Fredrik Ludvigsson i sv\u00e5r olycka"},"content":{"rendered":"<p>Fredrik Ludvigsson i sv\u00e5r olycka under l\u00f6rdagen. Men, som tur \u00e4r h\u00e4lsar han att han \u00e4nd\u00e5 \u00e4r OK, trots omst\u00e4ndigheterna. Vi till\u00f6nskar snabbt tillfrisknande f\u00f6r Fredrik och hela laget, Giant-Alpecin, och hoppas att alla cyklister p\u00e5 v\u00e4garna runt om i v\u00e4rlden slipper r\u00e5ka ut f\u00f6r s\u00e5dana h\u00e4r trista h\u00e4ndelser forts\u00e4ttningsvis.<\/p>\n","protected":false},"excerpt":{"rendered":"<p>Fredrik Ludvigsson i sv\u00e5r olycka under l\u00f6rdagen. Men, som tur \u00e4r h\u00e4lsar han att han \u00e4nd\u00e5 \u00e4r OK, trots omst\u00e4ndigheterna. Vi till\u00f6nskar snabbt tillfrisknande f\u00f6r Fredrik och hela laget, Giant-Alpecin, och hoppas att alla cyklister p\u00e5 v\u00e4garna runt om i v\u00e4rlden slipper r\u00e5ka ut f\u00f6r s\u00e5dana h\u00e4r trista h\u00e4ndelser forts\u00e4ttningsvis.<\/p>\n","protected":false},"author":7,"featured_media":0,"comment_status":"open","ping_status":"open","sticky":false,"template":"","format":"standard","meta":{"_acf_changed":false,"footnotes":""},"categories":[1],"tags":[],"class_list":["post-270","post","type-post","status-publish","format-standard","hentry","category-landsvag"],"acf":[],"_links":{"self":[{"href":"https:\/\/scf.se\/landsvag\/wp-json\/wp\/v2\/posts\/270","targetHints":{"allow":["GET"]}}],"collection":[{"href":"https:\/\/scf.se\/landsvag\/wp-json\/wp\/v2\/posts"}],"about":[{"href":"https:\/\/scf.se\/landsvag\/wp-json\/wp\/v2\/types\/post"}],"author":[{"embeddable":true,"href":"https:\/\/scf.se\/landsvag\/wp-json\/wp\/v2\/users\/7"}],"replies":[{"embeddable":true,"href":"https:\/\/scf.se\/landsvag\/wp-json\/wp\/v2\/comments?post=270"}],"version-history":[{"count":0,"href":"https:\/\/scf.se\/landsvag\/wp-json\/wp\/v2\/posts\/270\/revisions"}],"wp:attachment":[{"href":"https:\/\/scf.se\/landsvag\/wp-json\/wp\/v2\/media?parent=270"}],"wp:term":[{"taxonomy":"category","embeddable":true,"href":"https:\/\/scf.se\/landsvag\/wp-json\/wp\/v2\/categories?post=270"},{"taxonomy":"post_tag","embeddable":true,"href":"https:\/\/scf.se\/landsvag\/wp-json\/wp\/v2\/tags?post=270"}],"curies":[{"name":"wp","href":"https:\/\/api.w.org\/{rel}","templated":true}]}}